{"id":401,"date":"2011-10-01T11:38:09","date_gmt":"2011-10-01T08:38:09","guid":{"rendered":"http:\/\/munkacs-diocese.org\/hu\/2011\/10\/01\/sarosoroszi-romai-katolikus-templom\/"},"modified":"2011-10-01T11:38:09","modified_gmt":"2011-10-01T08:38:09","slug":"sarosoroszi-romai-katolikus-templom","status":"publish","type":"post","link":"https:\/\/munkacs-diocese.org\/hu\/2011\/10\/01\/sarosoroszi-romai-katolikus-templom\/","title":{"rendered":"S\u00e1rosoroszi r\u00f3mai katolikus templom"},"content":{"rendered":"<div id=\"fb-root\"><\/div>\n<p align=\"justify\"> \t <img decoding=\"async\" src=\"http:\/\/munkacs-diocese.org\/templomok\/images\/oroszi.jpg\" border=\"0\" width=\"170\" align=\"left\" \/>\t  \t Titulus: Szent Anna<\/p>\n<p> \t1260-ban eml\u00edtik el\u00f5sz\u00f6r a k\u00f6zs\u00e9get. 15. sz\u00e1zadbeli r\u00e9gi templom\u00e1t a reform\u00e1tusok 1530- ban elfoglalt\u00e1k. A katolikus hit\u00e9let a 18. sz\u00e1zad v\u00e9g\u00e9n \u00e9l\u00e9nk\u00fclt meg \u00fajra. 1810-ig a tisza\u00fajlaki pl\u00e9b\u00e1nia fili\u00e1ja volt. Helyi csal\u00e1dok j\u00f3t\u00e9konys\u00e1ga seg\u00edts\u00e9g\u00e9vel ekkor \u00e9p\u00fclt fel egy kis templom Szent Anna tisztelet\u00e9re, s ekkor v\u00e1lt pl\u00e9b\u00e1ni\u00e1v\u00e1 is.<\/p>\n<p> Kor\u00e1bbi   fi\u00f3kk\u00f6zs\u00e9gei   k\u00f6z\u00f6tt  volt  Verb\u00f5c,   mely   az   el\u00f5bb   Kerepeczi   nev\u00fb,   majd Verb\u00f5cziv\u00e9 lett csal\u00e1dnak \u00f5si lakhelye volt. Val\u00f3sz\u00edn\u00fbleg itt sz\u00fcletett Verb\u00f5czi Istv\u00e1n n\u00e1dor is.<\/p>\n<p> A jelenlegi t\u00e1gas templom H\u00e1m J\u00e1nos p\u00fcsp\u00f6k adom\u00e1ny\u00e1b\u00f3l \u00e9p\u00fclt 1839-ben. Utolj\u00e1ra 1990-ben v\u00e9geztek rajta bels\u00f5 fel\u00faj\u00edt\u00e1st. K\u00e9t harangja van. M\u00fbeml\u00e9k  \u00e9rt\u00e9k\u00fb,   1907-b\u00f5l  val\u00f3,  ma  is  m\u00fbk\u00f6d\u00f5   orgon\u00e1ja   Angster   \u00e9s  fia   p\u00e9csi orgona\u00e9p\u00edt\u00f5k munk\u00e1ja. Az anyak\u00f6nyvez\u00e9s kezdete: 1810.<\/p>\n<p>A liturgia nyelve: magyar.<\/p>\n","protected":false},"excerpt":{"rendered":"<p>Titulus: Szent Anna 1260-ban eml\u00edtik el\u00f5sz\u00f6r a k\u00f6zs\u00e9get. 15. sz\u00e1zadbeli r\u00e9gi templom\u00e1t a reform\u00e1tusok 1530- ban elfoglalt\u00e1k. A katolikus hit\u00e9let a 18. sz\u00e1zad v\u00e9g\u00e9n \u00e9l\u00e9nk\u00fclt meg \u00fajra. 1810-ig a tisza\u00fajlaki pl\u00e9b\u00e1nia fili\u00e1ja volt. Helyi csal\u00e1dok j\u00f3t\u00e9konys\u00e1ga seg\u00edts\u00e9g\u00e9vel ekkor \u00e9p\u00fclt fel egy kis templom Szent Anna tisztelet\u00e9re, s ekkor v\u00e1lt pl\u00e9b\u00e1ni\u00e1v\u00e1 is. Kor\u00e1bbi fi\u00f3kk\u00f6zs\u00e9gei k\u00f6z\u00f6tt volt [&hellip;]<\/p>\n","protected":false},"author":1,"featured_media":0,"comment_status":"open","ping_status":"open","sticky":false,"template":"","format":"standard","meta":{"_acf_changed":false,"_et_pb_use_builder":"","_et_pb_old_content":"","_et_gb_content_width":"","footnotes":""},"categories":[15],"tags":[],"class_list":["post-401","post","type-post","status-publish","format-standard","hentry","category-beregszaszi-jaras","et-doesnt-have-format-content","et_post_format-et-post-format-standard"],"acf":[],"_links":{"self":[{"href":"https:\/\/munkacs-diocese.org\/hu\/wp-json\/wp\/v2\/posts\/401"}],"collection":[{"href":"https:\/\/munkacs-diocese.org\/hu\/wp-json\/wp\/v2\/posts"}],"about":[{"href":"https:\/\/munkacs-diocese.org\/hu\/wp-json\/wp\/v2\/types\/post"}],"author":[{"embeddable":true,"href":"https:\/\/munkacs-diocese.org\/hu\/wp-json\/wp\/v2\/users\/1"}],"replies":[{"embeddable":true,"href":"https:\/\/munkacs-diocese.org\/hu\/wp-json\/wp\/v2\/comments?post=401"}],"version-history":[{"count":0,"href":"https:\/\/munkacs-diocese.org\/hu\/wp-json\/wp\/v2\/posts\/401\/revisions"}],"wp:attachment":[{"href":"https:\/\/munkacs-diocese.org\/hu\/wp-json\/wp\/v2\/media?parent=401"}],"wp:term":[{"taxonomy":"category","embeddable":true,"href":"https:\/\/munkacs-diocese.org\/hu\/wp-json\/wp\/v2\/categories?post=401"},{"taxonomy":"post_tag","embeddable":true,"href":"https:\/\/munkacs-diocese.org\/hu\/wp-json\/wp\/v2\/tags?post=401"}],"curies":[{"name":"wp","href":"https:\/\/api.w.org\/{rel}","templated":true}]}}