{"id":400,"date":"2011-10-01T11:37:23","date_gmt":"2011-10-01T08:37:23","guid":{"rendered":"http:\/\/munkacs-diocese.org\/hu\/2011\/10\/01\/nagymuzsalyi-romai-katolikus-templom\/"},"modified":"2011-10-01T11:37:23","modified_gmt":"2011-10-01T08:37:23","slug":"nagymuzsalyi-romai-katolikus-templom","status":"publish","type":"post","link":"https:\/\/munkacs-diocese.org\/hu\/2011\/10\/01\/nagymuzsalyi-romai-katolikus-templom\/","title":{"rendered":"Nagymuzsalyi r\u00f3mai katolikus templom"},"content":{"rendered":"<div id=\"fb-root\"><\/div>\n<p> \t <img decoding=\"async\" src=\"http:\/\/munkacs-diocese.org\/templomok\/images\/muzsaly.jpg\" border=\"0\" width=\"170\" \/>\t \t Titlus: Keresztel\u00f5 Szent J\u00e1nos<\/p>\n<p> \tMagyar t\u00f6bbs\u00e9g\u00fb k\u00f6zs\u00e9g. Beregsz\u00e1szt\u00f3l 7 km-re fekszik, a Borzsa foly\u00f3  jobb partj\u00e1n. M\u00e1r a t\u00f6rt\u00e9nelmi \u00f5skorban is lakott volt, amir\u00f5l r\u00e9g\u00e9szeti  leletek is tan\u00faskodnak. \u00c1rp\u00e1dkori telep\u00fcl\u00e9s. A tat\u00e1rj\u00e1r\u00e1s ut\u00e1n  val\u00f3sz\u00edn\u00fbleg sz\u00e1szokat telep\u00edtettek ide. A 14. sz\u00e1zadban Muse n\u00e9ven  eml\u00edtik, s akkor m\u00e1r vir\u00e1gz\u00f3 k\u00f6zs\u00e9g volt. 1552-ben a falu lakoss\u00e1ga  K\u00e1lvin hit\u00e9re t\u00e9rt. 1566-ban a tat\u00e1rok d\u00falt\u00e1k fel, a legnagyobb csap\u00e1st  azonban a lengyel seregek m\u00e9rt\u00e9k r\u00e1 1657-ben. Ekkor sz\u00fbnt meg  Kismuzsaly, melyet a lengyel seregek teljesen elpuszt\u00edtottak, s lak\u00f3i  Nagymuzsalyba k\u00f6lt\u00f6ztek. 1825-ben K\u00e1rolyi gr\u00f3f csal\u00e1dja tims\u00f3gy\u00e1rat  alap\u00edtott itt.<\/p>\n<p> A telep\u00fcl\u00e9s kismuzsalyi r\u00e9sz\u00e9n tal\u00e1lhat\u00f3, ma romokban l\u00e9v\u00f5 templomot  Keresztel\u00f5 Szent J\u00e1nos tisztelet\u00e9re szentelt\u00e9k, melyet \u00edr\u00e1sban el\u00f5sz\u00f6r  1337-ben eml\u00edtenek. Alap\u00edt\u00f3ja val\u00f3sz\u00edn\u00fbleg Erzs\u00e9bet kir\u00e1lyn\u00e9, Nagy Lajos  kir\u00e1ly \u00e9desanyja volt. M\u00e9g ma is K\u00e1rp\u00e1talja egyik legszebb g\u00f3tikus  m\u00fbeml\u00e9ke. A romtemplom a t\u00edzsz\u00f6g \u00f6t oldal\u00e1val z\u00e1rul\u00f3 szent\u00e9lye  egyed\u00fcl\u00e1ll\u00f3 \u00e9p\u00edt\u00e9szeti alkot\u00e1s. A d\u00e9li oldalon egy szab\u00e1lytalan ny\u00edl\u00e1s  t\u00e1tong, feltehet\u00f5en egy innen kivett kaput \u00e9p\u00edtettek be a beregsz\u00e1szi  templomba.<\/p>\n<p> Az \u00e1llam megpr\u00f3b\u00e1lta rekonstru\u00e1lni a templomot, de v\u00e9g\u00fcl a helyre\u00e1ll\u00edt\u00e1s  abbamaradt, ez\u00e9rt a h\u00edvek 1999-ben \u00faj templom \u00e9p\u00edt\u00e9s\u00e9be kezdtek a  k\u00f6zs\u00e9g k\u00f6zep\u00e9n. Ezt a templomot 2001-ben szentelt\u00e9k f\u00f6l, szint\u00e9n  Keresztel\u00f5 Szent J\u00e1nos tisztelet\u00e9re. A templomot k\u00f6z\u00f6sen haszn\u00e1lj\u00e1k a  g\u00f6r\u00f6g \u00e9s a r\u00f3mai katolikus h\u00edvek.<\/p>\n<p> A liturgia nyelve: magyar.<\/p>\n","protected":false},"excerpt":{"rendered":"<p>Titlus: Keresztel\u00f5 Szent J\u00e1nos Magyar t\u00f6bbs\u00e9g\u00fb k\u00f6zs\u00e9g. Beregsz\u00e1szt\u00f3l 7 km-re fekszik, a Borzsa foly\u00f3 jobb partj\u00e1n. M\u00e1r a t\u00f6rt\u00e9nelmi \u00f5skorban is lakott volt, amir\u00f5l r\u00e9g\u00e9szeti leletek is tan\u00faskodnak. \u00c1rp\u00e1dkori telep\u00fcl\u00e9s. A tat\u00e1rj\u00e1r\u00e1s ut\u00e1n val\u00f3sz\u00edn\u00fbleg sz\u00e1szokat telep\u00edtettek ide. A 14. sz\u00e1zadban Muse n\u00e9ven eml\u00edtik, s akkor m\u00e1r vir\u00e1gz\u00f3 k\u00f6zs\u00e9g volt. 1552-ben a falu lakoss\u00e1ga K\u00e1lvin hit\u00e9re [&hellip;]<\/p>\n","protected":false},"author":1,"featured_media":0,"comment_status":"open","ping_status":"open","sticky":false,"template":"","format":"standard","meta":{"_acf_changed":false,"_et_pb_use_builder":"","_et_pb_old_content":"","_et_gb_content_width":"","footnotes":""},"categories":[15],"tags":[],"class_list":["post-400","post","type-post","status-publish","format-standard","hentry","category-beregszaszi-jaras","et-doesnt-have-format-content","et_post_format-et-post-format-standard"],"acf":[],"_links":{"self":[{"href":"https:\/\/munkacs-diocese.org\/hu\/wp-json\/wp\/v2\/posts\/400"}],"collection":[{"href":"https:\/\/munkacs-diocese.org\/hu\/wp-json\/wp\/v2\/posts"}],"about":[{"href":"https:\/\/munkacs-diocese.org\/hu\/wp-json\/wp\/v2\/types\/post"}],"author":[{"embeddable":true,"href":"https:\/\/munkacs-diocese.org\/hu\/wp-json\/wp\/v2\/users\/1"}],"replies":[{"embeddable":true,"href":"https:\/\/munkacs-diocese.org\/hu\/wp-json\/wp\/v2\/comments?post=400"}],"version-history":[{"count":0,"href":"https:\/\/munkacs-diocese.org\/hu\/wp-json\/wp\/v2\/posts\/400\/revisions"}],"wp:attachment":[{"href":"https:\/\/munkacs-diocese.org\/hu\/wp-json\/wp\/v2\/media?parent=400"}],"wp:term":[{"taxonomy":"category","embeddable":true,"href":"https:\/\/munkacs-diocese.org\/hu\/wp-json\/wp\/v2\/categories?post=400"},{"taxonomy":"post_tag","embeddable":true,"href":"https:\/\/munkacs-diocese.org\/hu\/wp-json\/wp\/v2\/tags?post=400"}],"curies":[{"name":"wp","href":"https:\/\/api.w.org\/{rel}","templated":true}]}}