{"id":398,"date":"2011-10-01T11:36:13","date_gmt":"2011-10-01T08:36:13","guid":{"rendered":"http:\/\/munkacs-diocese.org\/hu\/2011\/10\/01\/nagybakosi-romai-katolikus-templom\/"},"modified":"2011-10-01T11:36:13","modified_gmt":"2011-10-01T08:36:13","slug":"nagybakosi-romai-katolikus-templom","status":"publish","type":"post","link":"https:\/\/munkacs-diocese.org\/hu\/2011\/10\/01\/nagybakosi-romai-katolikus-templom\/","title":{"rendered":"Nagybakosi r\u00f3mai katolikus templom"},"content":{"rendered":"<div id=\"fb-root\"><\/div>\n<p><img decoding=\"async\" src=\"http:\/\/munkacs-diocese.org\/templomok\/images\/bakos.jpg\" border=\"0\" width=\"170\" \/>\t  \t Titulusa: Szent L\u00e1szl\u00f3 kir\u00e1ly<\/p>\n<p align=\"justify\"> Kor\u00e1bban a telep\u00fcl\u00e9s hely\u00e9n elsz\u00f3rt tany\u00e1k \u00e1lltak. A csehszlov\u00e1k  megsz\u00e1ll\u00e1s idej\u00e9n, 1938 el\u00f5tt cseheket \u00e9s ruszinokat telep\u00edtettek ide. A  Magyarorsz\u00e1ggal val\u00f3 \u00fajraegyes\u00fcl\u00e9skor a csehek elhagyt\u00e1k a k\u00f6zs\u00e9get. A  meg\u00fcresedett h\u00e1zakba \u00e9s f\u00f6ldekre magyar vit\u00e9zeket \u00e9s nagycsal\u00e1dosokat  telep\u00edtettek. Temploma azel\u00f5tt nem volt, a jelenlegi \u00e9p\u00edt\u00e9s\u00e9t 1994-ben  kezdt\u00e9k meg. Felszentel\u00e9s\u00e9re 1997. j\u00fanius 27-\u00e9n, Szent L\u00e1szl\u00f3 \u00fcnnep\u00e9n  ker\u00fclt sor.<\/p>\n<p> A liturgia nyelve: magyar.<\/p>\n","protected":false},"excerpt":{"rendered":"<p>Titulusa: Szent L\u00e1szl\u00f3 kir\u00e1ly Kor\u00e1bban a telep\u00fcl\u00e9s hely\u00e9n elsz\u00f3rt tany\u00e1k \u00e1lltak. A csehszlov\u00e1k megsz\u00e1ll\u00e1s idej\u00e9n, 1938 el\u00f5tt cseheket \u00e9s ruszinokat telep\u00edtettek ide. A Magyarorsz\u00e1ggal val\u00f3 \u00fajraegyes\u00fcl\u00e9skor a csehek elhagyt\u00e1k a k\u00f6zs\u00e9get. A meg\u00fcresedett h\u00e1zakba \u00e9s f\u00f6ldekre magyar vit\u00e9zeket \u00e9s nagycsal\u00e1dosokat telep\u00edtettek. Temploma azel\u00f5tt nem volt, a jelenlegi \u00e9p\u00edt\u00e9s\u00e9t 1994-ben kezdt\u00e9k meg. Felszentel\u00e9s\u00e9re 1997. j\u00fanius 27-\u00e9n, [&hellip;]<\/p>\n","protected":false},"author":1,"featured_media":0,"comment_status":"open","ping_status":"open","sticky":false,"template":"","format":"standard","meta":{"_acf_changed":false,"_et_pb_use_builder":"","_et_pb_old_content":"","_et_gb_content_width":"","footnotes":""},"categories":[15],"tags":[],"class_list":["post-398","post","type-post","status-publish","format-standard","hentry","category-beregszaszi-jaras","et-doesnt-have-format-content","et_post_format-et-post-format-standard"],"acf":[],"_links":{"self":[{"href":"https:\/\/munkacs-diocese.org\/hu\/wp-json\/wp\/v2\/posts\/398"}],"collection":[{"href":"https:\/\/munkacs-diocese.org\/hu\/wp-json\/wp\/v2\/posts"}],"about":[{"href":"https:\/\/munkacs-diocese.org\/hu\/wp-json\/wp\/v2\/types\/post"}],"author":[{"embeddable":true,"href":"https:\/\/munkacs-diocese.org\/hu\/wp-json\/wp\/v2\/users\/1"}],"replies":[{"embeddable":true,"href":"https:\/\/munkacs-diocese.org\/hu\/wp-json\/wp\/v2\/comments?post=398"}],"version-history":[{"count":0,"href":"https:\/\/munkacs-diocese.org\/hu\/wp-json\/wp\/v2\/posts\/398\/revisions"}],"wp:attachment":[{"href":"https:\/\/munkacs-diocese.org\/hu\/wp-json\/wp\/v2\/media?parent=398"}],"wp:term":[{"taxonomy":"category","embeddable":true,"href":"https:\/\/munkacs-diocese.org\/hu\/wp-json\/wp\/v2\/categories?post=398"},{"taxonomy":"post_tag","embeddable":true,"href":"https:\/\/munkacs-diocese.org\/hu\/wp-json\/wp\/v2\/tags?post=398"}],"curies":[{"name":"wp","href":"https:\/\/api.w.org\/{rel}","templated":true}]}}