{"id":397,"date":"2011-10-01T11:34:35","date_gmt":"2011-10-01T08:34:35","guid":{"rendered":"http:\/\/munkacs-diocese.org\/hu\/2011\/10\/01\/mezkaszonyi-romai-katolikus-templom\/"},"modified":"2011-10-01T11:34:35","modified_gmt":"2011-10-01T08:34:35","slug":"mezkaszonyi-romai-katolikus-templom","status":"publish","type":"post","link":"https:\/\/munkacs-diocese.org\/hu\/2011\/10\/01\/mezkaszonyi-romai-katolikus-templom\/","title":{"rendered":"Mez\u0151kaszonyi r\u00f3mai katolikus templom"},"content":{"rendered":"<div id=\"fb-root\"><\/div>\n<p><img decoding=\"async\" src=\"http:\/\/munkacs-diocese.org\/templomok\/images\/kaszony.jpg\" border=\"0\" width=\"170\" align=\"left\" \/>\t  \t Titulusa: Szent Istv\u00e1n kir\u00e1ly<\/p>\n<p align=\"justify\"> A sz\u00f5l\u00f5hegy alj\u00e1ban fekv\u00f5 Mez\u00f5kaszony \u00c1rp\u00e1d-kori telep\u00fcl\u00e9s; a 13.  sz\u00e1zadban m\u00e1r n\u00e9pes hely volt. A p\u00e1pai tizedjegyz\u00e9k 1332-1335 k\u00f6z\u00f6tt  Kazun form\u00e1ban eml\u00edti. A helys\u00e9gn\u00e9v szl\u00e1v eredet\u00fb, a Mez\u00f5 sz\u00f3 a  telep\u00fcl\u00e9s mez\u00f5v\u00e1rosi jelent\u00f5s\u00e9g\u00e9t mutatja. A 14. sz\u00e1zadi okm\u00e1nyok  gyakran eml\u00edtik a kaszonyi j\u00f6vev\u00e9nyeket (hospites), akiket val\u00f3sz\u00edn\u00fbleg a  tat\u00e1rj\u00e1r\u00e1s ut\u00e1n, k\u00fclf\u00f6ldr\u00f5l telep\u00edthettek erre a vid\u00e9kre, s itt  birtokot \u00e9s kiv\u00e1lts\u00e1gokat kaptak. Mez\u00f5v\u00e1rosk\u00e9nt 1496-ban jegyzik  el\u00f5sz\u00f6r. 1566-ban ezt a v\u00e1rost is feld\u00falta a Tokaj al\u00f3l elvonul\u00f3 tat\u00e1r  sereg. A v\u00e1ros birtokosai k\u00f6z\u00f6tt tal\u00e1lhatjuk a L\u00f3nyayakat \u00e9s P\u00e1zm\u00e1ny  P\u00e9tert is.<\/p>\n<p> A hagyom\u00e1ny \u00fagy tartja, hogy a k\u00f6zs\u00e9g hely\u00e9n egykor Szent Katalin  tisztelet\u00e9re k\u00e1polna \u00e9p\u00fclt, s k\u00f6r\u00fcl\u00f6tte alakult ki a telep\u00fcl\u00e9s.  Ugyancsak a hagyom\u00e1ny szerint az 1086. \u00e9vi \u00fctk\u00f6zetet itt v\u00edvta meg Szent  L\u00e1szl\u00f3 kir\u00e1ly a Salamon v\u00e9delm\u00e9re bet\u00f6r\u00f5 kunokkal, s a gy\u00f5zelem hely\u00e9n  h\u00e1l\u00e1b\u00f3l templomot \u00e9p\u00edttetett.<\/p>\n<p> Bizonyos, hogy a k\u00f6z\u00e9pkorban \u00e9p\u00fclt templom v\u00e9d\u00f5szentje Szent L\u00e1szl\u00f3  kir\u00e1ly volt. Az 1333-as p\u00e1pai tized m\u00e1r vir\u00e1gz\u00f3 pl\u00e9b\u00e1niak\u00e9nt eml\u00edti. Az  \u00f5si templomot 1552-ben elfoglalt\u00e1k a protest\u00e1nsok. A k\u00f6zs\u00e9g lakosainak  nagyobb r\u00e9sze elfogadta az \u00faj tant, \u00edgy a katolikus pl\u00e9b\u00e1nia m\u00fbk\u00f6d\u00e9se  k\u00e9t \u00e9vsz\u00e1zadon \u00e1t sz\u00fcnetelt, csak 1750-ben iktattak be \u00fajra pl\u00e9b\u00e1nost. A  h\u00edvek 40 fi\u00f3kk\u00f6zs\u00e9gben voltak sz\u00e9tsz\u00f3rva, ez\u00e9rt szolg\u00e1latuk nem csek\u00e9ly  munk\u00e1t adott a lelkes pl\u00e9b\u00e1nosnak, aki \u00e9vekig nem tudott se templomot,  se pl\u00e9b\u00e1ni\u00e1t \u00e9p\u00edteni. Egyik h\u00edve saj\u00e1t h\u00e1z\u00e1t aj\u00e1nlotta fel pl\u00e9b\u00e1nosi  lakhely\u00fcl \u00e9s templomul. V\u00e9gre n\u00e9gy esztend\u00f5 m\u00falt\u00e1n gy\u00fbjt\u00e9sekb\u00f5l, a h\u00edvek  adom\u00e1nyaival fel\u00e9p\u00fclt egy kicsiny templom. A18. sz\u00e1zadban egyre  n\u00f6vekedett a katolikusok sz\u00e1ma. A kis templom hely\u00e9be 1832 ut\u00e1n egy  nagyobb \u00e9p\u00fclt Szent Istv\u00e1n kir\u00e1ly tisztelet\u00e9re; hozz\u00e1 a k\u00f6vet a  barkasz\u00f3i fi\u00f3kk\u00f6zs\u00e9g h\u00edvei sz\u00e1ll\u00edtott\u00e1k a b\u00e9g\u00e1nyi hegyr\u00f5l. 1880-ban  k\u00f5b\u00e1sty\u00e1t emeltek a templom el\u00e9, hogy megv\u00e9dj\u00e9k a v\u00edzmos\u00e1sokt\u00f3l. A  templomhoz tartoz\u00f3 r\u00e9gi pl\u00e9b\u00e1ni\u00e1t 1956-ban lebontott\u00e1k, hely\u00e9t  elboron\u00e1lt\u00e1k.<\/p>\n<p> A Rieger Testv\u00e9rek (Budapest) orgon\u00e1ja 1906-ban \u00e9p\u00fclt a templom sz\u00e1m\u00e1ra. Anyak\u00f6nyvez\u00e9s kezdete: 1750.<\/p>\n<p> A liturgia nyelve: magyar.<\/p>\n","protected":false},"excerpt":{"rendered":"<p>Titulusa: Szent Istv\u00e1n kir\u00e1ly A sz\u00f5l\u00f5hegy alj\u00e1ban fekv\u00f5 Mez\u00f5kaszony \u00c1rp\u00e1d-kori telep\u00fcl\u00e9s; a 13. sz\u00e1zadban m\u00e1r n\u00e9pes hely volt. A p\u00e1pai tizedjegyz\u00e9k 1332-1335 k\u00f6z\u00f6tt Kazun form\u00e1ban eml\u00edti. A helys\u00e9gn\u00e9v szl\u00e1v eredet\u00fb, a Mez\u00f5 sz\u00f3 a telep\u00fcl\u00e9s mez\u00f5v\u00e1rosi jelent\u00f5s\u00e9g\u00e9t mutatja. A 14. sz\u00e1zadi okm\u00e1nyok gyakran eml\u00edtik a kaszonyi j\u00f6vev\u00e9nyeket (hospites), akiket val\u00f3sz\u00edn\u00fbleg a tat\u00e1rj\u00e1r\u00e1s ut\u00e1n, k\u00fclf\u00f6ldr\u00f5l telep\u00edthettek [&hellip;]<\/p>\n","protected":false},"author":1,"featured_media":0,"comment_status":"open","ping_status":"open","sticky":false,"template":"","format":"standard","meta":{"_acf_changed":false,"_et_pb_use_builder":"","_et_pb_old_content":"","_et_gb_content_width":"","footnotes":""},"categories":[15],"tags":[],"class_list":["post-397","post","type-post","status-publish","format-standard","hentry","category-beregszaszi-jaras","et-doesnt-have-format-content","et_post_format-et-post-format-standard"],"acf":[],"_links":{"self":[{"href":"https:\/\/munkacs-diocese.org\/hu\/wp-json\/wp\/v2\/posts\/397"}],"collection":[{"href":"https:\/\/munkacs-diocese.org\/hu\/wp-json\/wp\/v2\/posts"}],"about":[{"href":"https:\/\/munkacs-diocese.org\/hu\/wp-json\/wp\/v2\/types\/post"}],"author":[{"embeddable":true,"href":"https:\/\/munkacs-diocese.org\/hu\/wp-json\/wp\/v2\/users\/1"}],"replies":[{"embeddable":true,"href":"https:\/\/munkacs-diocese.org\/hu\/wp-json\/wp\/v2\/comments?post=397"}],"version-history":[{"count":0,"href":"https:\/\/munkacs-diocese.org\/hu\/wp-json\/wp\/v2\/posts\/397\/revisions"}],"wp:attachment":[{"href":"https:\/\/munkacs-diocese.org\/hu\/wp-json\/wp\/v2\/media?parent=397"}],"wp:term":[{"taxonomy":"category","embeddable":true,"href":"https:\/\/munkacs-diocese.org\/hu\/wp-json\/wp\/v2\/categories?post=397"},{"taxonomy":"post_tag","embeddable":true,"href":"https:\/\/munkacs-diocese.org\/hu\/wp-json\/wp\/v2\/tags?post=397"}],"curies":[{"name":"wp","href":"https:\/\/api.w.org\/{rel}","templated":true}]}}