{"id":396,"date":"2011-10-01T11:33:49","date_gmt":"2011-10-01T08:33:49","guid":{"rendered":"http:\/\/munkacs-diocese.org\/hu\/2011\/10\/01\/macsolai-romai-katolikus-templom\/"},"modified":"2011-10-01T11:33:49","modified_gmt":"2011-10-01T08:33:49","slug":"macsolai-romai-katolikus-templom","status":"publish","type":"post","link":"https:\/\/munkacs-diocese.org\/hu\/2011\/10\/01\/macsolai-romai-katolikus-templom\/","title":{"rendered":"Macsolai r\u00f3mai katolikus templom"},"content":{"rendered":"<div id=\"fb-root\"><\/div>\n<p><img decoding=\"async\" src=\"http:\/\/munkacs-diocese.org\/templomok\/images\/macsola.jpg\" border=\"0\" width=\"170\" align=\"left\" \/>\t  \t Titulusa: Szenth\u00e1roms\u00e1g<\/p>\n<p align=\"justify\"> A helys\u00e9g nev\u00e9t Machala alakban 1327-ben eml\u00edtik el\u00f5sz\u00f6r. A 14.  sz\u00e1zadban a Macsolai csal\u00e1d birtok\u00e1ban volt. A tat\u00e1rok ezt a k\u00f6zs\u00e9get  sem k\u00edm\u00e9lt\u00e9k, 1566-ban feld\u00falt\u00e1k, a jobb\u00e1gys\u00e1g egy r\u00e9sz\u00e9t elhurcolt\u00e1k A  reform\u00e1ci\u00f3 ut\u00e1n, a 19. sz\u00e1zadban alap\u00edtott\u00e1k \u00fajra a r\u00f3mai katolikus  egyh\u00e1zk\u00f6zs\u00e9get. Templom\u00e1t 1927-ben \u00e9p\u00edtett\u00e9k 1960-ban bez\u00e1rt\u00e1k,  lomt\u00e1rnak haszn\u00e1lt\u00e1k 1991-ben adt\u00e1k vissza. Tet\u00f5zet\u00e9t teljesen fel  kellett \u00faj\u00edtani. A f\u00f5olt\u00e1r \u00e9s a Sz\u00fbz M\u00e1ri\u00e1t a kisdeddel \u00e1br\u00e1zol\u00f3  olt\u00e1rk\u00e9p a bez\u00e1r\u00e1s \u00e9veiben a beregsz\u00e1szi templomban tal\u00e1lt mened\u00e9kre. A  harangot Teliinger Menyh\u00e9rt gondnok rejtette el. M\u00e1ra minden  visszaker\u00fclt a hely\u00e9re, a r\u00f3mai katolikus templomot sz\u00e9pen fel\u00faj\u00edtott\u00e1k,  s 70 \u00fcl\u00f5hellyel v\u00e1rja a h\u00edveket. 1992-ben \u00fajra meg\u00e1ldott\u00e1k Jelenleg a  g\u00f6r\u00f6g katolikusok is haszn\u00e1lj\u00e1k.<\/p>\n<p> A liturgia nyelve: magyar.<\/p>\n","protected":false},"excerpt":{"rendered":"<p>Titulusa: Szenth\u00e1roms\u00e1g A helys\u00e9g nev\u00e9t Machala alakban 1327-ben eml\u00edtik el\u00f5sz\u00f6r. A 14. sz\u00e1zadban a Macsolai csal\u00e1d birtok\u00e1ban volt. A tat\u00e1rok ezt a k\u00f6zs\u00e9get sem k\u00edm\u00e9lt\u00e9k, 1566-ban feld\u00falt\u00e1k, a jobb\u00e1gys\u00e1g egy r\u00e9sz\u00e9t elhurcolt\u00e1k A reform\u00e1ci\u00f3 ut\u00e1n, a 19. sz\u00e1zadban alap\u00edtott\u00e1k \u00fajra a r\u00f3mai katolikus egyh\u00e1zk\u00f6zs\u00e9get. Templom\u00e1t 1927-ben \u00e9p\u00edtett\u00e9k 1960-ban bez\u00e1rt\u00e1k, lomt\u00e1rnak haszn\u00e1lt\u00e1k 1991-ben adt\u00e1k vissza. Tet\u00f5zet\u00e9t [&hellip;]<\/p>\n","protected":false},"author":1,"featured_media":0,"comment_status":"open","ping_status":"open","sticky":false,"template":"","format":"standard","meta":{"_acf_changed":false,"_et_pb_use_builder":"","_et_pb_old_content":"","_et_gb_content_width":"","footnotes":""},"categories":[15],"tags":[],"class_list":["post-396","post","type-post","status-publish","format-standard","hentry","category-beregszaszi-jaras","et-doesnt-have-format-content","et_post_format-et-post-format-standard"],"acf":[],"_links":{"self":[{"href":"https:\/\/munkacs-diocese.org\/hu\/wp-json\/wp\/v2\/posts\/396"}],"collection":[{"href":"https:\/\/munkacs-diocese.org\/hu\/wp-json\/wp\/v2\/posts"}],"about":[{"href":"https:\/\/munkacs-diocese.org\/hu\/wp-json\/wp\/v2\/types\/post"}],"author":[{"embeddable":true,"href":"https:\/\/munkacs-diocese.org\/hu\/wp-json\/wp\/v2\/users\/1"}],"replies":[{"embeddable":true,"href":"https:\/\/munkacs-diocese.org\/hu\/wp-json\/wp\/v2\/comments?post=396"}],"version-history":[{"count":0,"href":"https:\/\/munkacs-diocese.org\/hu\/wp-json\/wp\/v2\/posts\/396\/revisions"}],"wp:attachment":[{"href":"https:\/\/munkacs-diocese.org\/hu\/wp-json\/wp\/v2\/media?parent=396"}],"wp:term":[{"taxonomy":"category","embeddable":true,"href":"https:\/\/munkacs-diocese.org\/hu\/wp-json\/wp\/v2\/categories?post=396"},{"taxonomy":"post_tag","embeddable":true,"href":"https:\/\/munkacs-diocese.org\/hu\/wp-json\/wp\/v2\/tags?post=396"}],"curies":[{"name":"wp","href":"https:\/\/api.w.org\/{rel}","templated":true}]}}