{"id":395,"date":"2011-10-01T11:32:44","date_gmt":"2011-10-01T08:32:44","guid":{"rendered":"http:\/\/munkacs-diocese.org\/hu\/2011\/10\/01\/csetfalvai-romai-katolikus-templom\/"},"modified":"2011-10-01T11:32:44","modified_gmt":"2011-10-01T08:32:44","slug":"csetfalvai-romai-katolikus-templom","status":"publish","type":"post","link":"https:\/\/munkacs-diocese.org\/hu\/2011\/10\/01\/csetfalvai-romai-katolikus-templom\/","title":{"rendered":"Csetfalvai r\u00f3mai katolikus templom"},"content":{"rendered":"<div id=\"fb-root\"><\/div>\n<p> \t <img decoding=\"async\" src=\"http:\/\/munkacs-diocese.org\/templomok\/images\/csetfalva.jpg\" border=\"0\" width=\"170\" align=\"left\" \/>\t  \t Titulusa: Szent L\u00e9lek<\/p>\n<p> A Tisza jobb partj\u00e1n fekv\u00f5 falu a k\u00f6z\u00e9pkorban j\u00f6tt l\u00e9tre, egy oklev\u00e9l  1341-ben Villa Chet n\u00e9ven eml\u00edti, az 1408-b\u00f3l sz\u00e1rmaz\u00f3 Qietfalva  elnevez\u00e9s szem\u00e9lyn\u00e9vi eredet\u00fb. A n\u00e9pmonda szerint a helys\u00e9g \u00d5s\u00e9t nev\u00fb  alap\u00edt\u00f3j\u00e1r\u00f3l kapta nev\u00e9t 1418-ban a Sz\u00e9csiek birtokolt\u00e1k 1466-ban  v\u00e1mszed\u00f5hely volt Legjelent\u00f5sebb urai a L\u00f3nyayak voltak A reform\u00e1ci\u00f3  kezdet\u00e9n a falu lakoss\u00e1g\u00e1nak nagy r\u00e9sze az \u00faj hitre t\u00e9rt, s a 15.  sz\u00e1zadb\u00f3l val\u00f3 r\u00e9gi templom is a reform\u00e1tusok tulajdon\u00e1ba ker\u00fclt A  cs\u00facs\u00edves, egyszer\u00fb vonal\u00fa templomot k\u00e9s\u00f5bb fel\u00faj\u00edtott\u00e1k \u00e9s  \u00e1talak\u00edtott\u00e1k A r\u00f3mai katolikus templom \u00e9p\u00edt\u00e9se az 1990-es \u00e9vek m\u00e1sodik  fel\u00e9ben kezd\u00f5d\u00f6tt eL A g\u00f6r\u00f6g \u00e9s a r\u00f3mai katolikus h\u00edvek k\u00f6z\u00f6sen  \u00e9p\u00edtett\u00e9k f el az \u00faj templomot, melyet 2001. j\u00fanius 4-\u00e9n, p\u00fcnk\u00f6sdh\u00e9tf\u00f5n  Majnek Antal p\u00fcsp\u00f6k szentelt fel. A templombels\u00f5 Mati P\u00e9ter munk\u00e1ja.<\/p>\n<p> A liturgia nyelve: magyar.<\/p>\n","protected":false},"excerpt":{"rendered":"<p>Titulusa: Szent L\u00e9lek A Tisza jobb partj\u00e1n fekv\u00f5 falu a k\u00f6z\u00e9pkorban j\u00f6tt l\u00e9tre, egy oklev\u00e9l 1341-ben Villa Chet n\u00e9ven eml\u00edti, az 1408-b\u00f3l sz\u00e1rmaz\u00f3 Qietfalva elnevez\u00e9s szem\u00e9lyn\u00e9vi eredet\u00fb. A n\u00e9pmonda szerint a helys\u00e9g \u00d5s\u00e9t nev\u00fb alap\u00edt\u00f3j\u00e1r\u00f3l kapta nev\u00e9t 1418-ban a Sz\u00e9csiek birtokolt\u00e1k 1466-ban v\u00e1mszed\u00f5hely volt Legjelent\u00f5sebb urai a L\u00f3nyayak voltak A reform\u00e1ci\u00f3 kezdet\u00e9n a falu lakoss\u00e1g\u00e1nak [&hellip;]<\/p>\n","protected":false},"author":1,"featured_media":0,"comment_status":"open","ping_status":"open","sticky":false,"template":"","format":"standard","meta":{"_acf_changed":false,"_et_pb_use_builder":"","_et_pb_old_content":"","_et_gb_content_width":"","footnotes":""},"categories":[15],"tags":[],"class_list":["post-395","post","type-post","status-publish","format-standard","hentry","category-beregszaszi-jaras","et-doesnt-have-format-content","et_post_format-et-post-format-standard"],"acf":[],"_links":{"self":[{"href":"https:\/\/munkacs-diocese.org\/hu\/wp-json\/wp\/v2\/posts\/395"}],"collection":[{"href":"https:\/\/munkacs-diocese.org\/hu\/wp-json\/wp\/v2\/posts"}],"about":[{"href":"https:\/\/munkacs-diocese.org\/hu\/wp-json\/wp\/v2\/types\/post"}],"author":[{"embeddable":true,"href":"https:\/\/munkacs-diocese.org\/hu\/wp-json\/wp\/v2\/users\/1"}],"replies":[{"embeddable":true,"href":"https:\/\/munkacs-diocese.org\/hu\/wp-json\/wp\/v2\/comments?post=395"}],"version-history":[{"count":0,"href":"https:\/\/munkacs-diocese.org\/hu\/wp-json\/wp\/v2\/posts\/395\/revisions"}],"wp:attachment":[{"href":"https:\/\/munkacs-diocese.org\/hu\/wp-json\/wp\/v2\/media?parent=395"}],"wp:term":[{"taxonomy":"category","embeddable":true,"href":"https:\/\/munkacs-diocese.org\/hu\/wp-json\/wp\/v2\/categories?post=395"},{"taxonomy":"post_tag","embeddable":true,"href":"https:\/\/munkacs-diocese.org\/hu\/wp-json\/wp\/v2\/tags?post=395"}],"curies":[{"name":"wp","href":"https:\/\/api.w.org\/{rel}","templated":true}]}}