{"id":394,"date":"2011-10-01T11:31:45","date_gmt":"2011-10-01T08:31:45","guid":{"rendered":"http:\/\/munkacs-diocese.org\/hu\/2011\/10\/01\/botragyi-romai-katolikus-templom\/"},"modified":"2011-10-01T11:31:45","modified_gmt":"2011-10-01T08:31:45","slug":"botragyi-romai-katolikus-templom","status":"publish","type":"post","link":"https:\/\/munkacs-diocese.org\/hu\/2011\/10\/01\/botragyi-romai-katolikus-templom\/","title":{"rendered":"B\u00f3tr\u00e1gyi r\u00f3mai katolikus templom"},"content":{"rendered":"<div id=\"fb-root\"><\/div>\n<p> \t <img decoding=\"async\" src=\"http:\/\/munkacs-diocese.org\/templomok\/images\/botragy.jpg\" border=\"0\" width=\"160\" align=\"left\" \/>\t  \t Titulusa: Kisboldogasszony<\/p>\n<p> K\u00f6zel 1800 lakos\u00fa telep\u00fcl\u00e9s. Nev\u00e9t a hat\u00e1r\u00e1ban foly\u00f3 B\u00f3tr\u00e1gy nev\u00fb  patakr\u00f3l kapta. A 12. sz\u00e1zadban rn\u00e1r l\u00e9tezett a helys\u00e9g\/ akkor a Beth  csal\u00e1d\u00e9 volt, majd B\u00e1nk b\u00e1n vej\u00e9\u00e9, Simon\u00e9. K\u00e9s\u00f5bb a L\u00f3nyay-birtok r\u00e9sze  lett. 1567-ben az \u00e1tvonul\u00f3 tat\u00e1rok megk\u00edm\u00e9lt\u00e9k a falut, a k\u00f6r\u00fcl\u00f6tte  elter\u00fcl\u00f5 tany\u00e1kat azonban fel\u00e9gett\u00e9k. R\u00e9gi r\u00f3mai katolikus templom\u00e1t -a  hagyom\u00e1ny szerint &#8211; M\u00e1ty\u00e1s kir\u00e1ly idej\u00e9ben, a 15. sz\u00e1zadban \u00e9p\u00edtett\u00e9k,  legal\u00e1bbis e kor \u00e9p\u00edtkez\u00e9si jellegzetess\u00e9gei domin\u00e1lnak az \u00e9p\u00fcleten. A  templom a 16. sz\u00e1zad elej\u00e9n az evang\u00e9likus, majd a reform\u00e1tus  gy\u00fclekezet\u00e9 lett.<\/p>\n<p> \u00daj r\u00f3mai katolikus templom fel\u00e9p\u00edt\u00e9s\u00e9re a szovjet hat\u00f3s\u00e1gok el\u00f5sz\u00f6r  1946-ban adtak enged\u00e9lyt. 1950-re el is k\u00e9sz\u00fclt, \u00e1m csak k\u00e9t esztendeig  haszn\u00e1lhatt\u00e1k rendeltet\u00e9se szerint; ezut\u00e1n a hat\u00f3s\u00e1g elvette \u00e9s  rakt\u00e1rk\u00e9nt hasznos\u00edtotta. Hossz\u00fa ideig m\u00fbtr\u00e1gy\u00e1t t\u00e1roltak benne, ami  visszavonhatatlanul t\u00f6nkretette a falakat s r\u00e9szben a fundamentumot is.  Az 1989-ben visszakapott templomot le kellett bontani \u00e9s hely\u00e9re \u00fajat  \u00e9p\u00edteni.<\/p>\n<p> A mai templom 1995-ben k\u00e9sz\u00fclt el. Hatvan \u00fcl\u00f5helye van, egy haranggal \u00e9s  egy r\u00e9gi harmoniummal rendelkezik. Harm\u00f3niuma &#8211; csak\u00fagy, mint az  olt\u00e1rk\u00e9p &#8211; adom\u00e1nyk\u00e9nt Ungv\u00e1rr\u00f3l ker\u00fclt ide. A r\u00e9gi templomb\u00f3l csak egy  kereszt maradt meg, ma az olt\u00e1rk\u00e9p mellett l\u00e1that\u00f3.<\/p>\n<p> A liturgia nyelve: magyar.<\/p>\n","protected":false},"excerpt":{"rendered":"<p>Titulusa: Kisboldogasszony K\u00f6zel 1800 lakos\u00fa telep\u00fcl\u00e9s. Nev\u00e9t a hat\u00e1r\u00e1ban foly\u00f3 B\u00f3tr\u00e1gy nev\u00fb patakr\u00f3l kapta. A 12. sz\u00e1zadban rn\u00e1r l\u00e9tezett a helys\u00e9g\/ akkor a Beth csal\u00e1d\u00e9 volt, majd B\u00e1nk b\u00e1n vej\u00e9\u00e9, Simon\u00e9. K\u00e9s\u00f5bb a L\u00f3nyay-birtok r\u00e9sze lett. 1567-ben az \u00e1tvonul\u00f3 tat\u00e1rok megk\u00edm\u00e9lt\u00e9k a falut, a k\u00f6r\u00fcl\u00f6tte elter\u00fcl\u00f5 tany\u00e1kat azonban fel\u00e9gett\u00e9k. R\u00e9gi r\u00f3mai katolikus templom\u00e1t -a hagyom\u00e1ny [&hellip;]<\/p>\n","protected":false},"author":1,"featured_media":0,"comment_status":"open","ping_status":"open","sticky":false,"template":"","format":"standard","meta":{"_acf_changed":false,"_et_pb_use_builder":"","_et_pb_old_content":"","_et_gb_content_width":"","footnotes":""},"categories":[15],"tags":[],"class_list":["post-394","post","type-post","status-publish","format-standard","hentry","category-beregszaszi-jaras","et-doesnt-have-format-content","et_post_format-et-post-format-standard"],"acf":[],"_links":{"self":[{"href":"https:\/\/munkacs-diocese.org\/hu\/wp-json\/wp\/v2\/posts\/394"}],"collection":[{"href":"https:\/\/munkacs-diocese.org\/hu\/wp-json\/wp\/v2\/posts"}],"about":[{"href":"https:\/\/munkacs-diocese.org\/hu\/wp-json\/wp\/v2\/types\/post"}],"author":[{"embeddable":true,"href":"https:\/\/munkacs-diocese.org\/hu\/wp-json\/wp\/v2\/users\/1"}],"replies":[{"embeddable":true,"href":"https:\/\/munkacs-diocese.org\/hu\/wp-json\/wp\/v2\/comments?post=394"}],"version-history":[{"count":0,"href":"https:\/\/munkacs-diocese.org\/hu\/wp-json\/wp\/v2\/posts\/394\/revisions"}],"wp:attachment":[{"href":"https:\/\/munkacs-diocese.org\/hu\/wp-json\/wp\/v2\/media?parent=394"}],"wp:term":[{"taxonomy":"category","embeddable":true,"href":"https:\/\/munkacs-diocese.org\/hu\/wp-json\/wp\/v2\/categories?post=394"},{"taxonomy":"post_tag","embeddable":true,"href":"https:\/\/munkacs-diocese.org\/hu\/wp-json\/wp\/v2\/tags?post=394"}],"curies":[{"name":"wp","href":"https:\/\/api.w.org\/{rel}","templated":true}]}}