{"id":393,"date":"2011-10-01T11:28:12","date_gmt":"2011-10-01T08:28:12","guid":{"rendered":"http:\/\/munkacs-diocese.org\/hu\/2011\/10\/01\/bucsui-romai-katolikus-templom\/"},"modified":"2011-10-01T11:28:12","modified_gmt":"2011-10-01T08:28:12","slug":"bucsui-romai-katolikus-templom","status":"publish","type":"post","link":"https:\/\/munkacs-diocese.org\/hu\/2011\/10\/01\/bucsui-romai-katolikus-templom\/","title":{"rendered":"Bucs\u00fai r\u00f3mai katolikus templom"},"content":{"rendered":"<div id=\"fb-root\"><\/div>\n<p align=\"justify\"> \t <img decoding=\"async\" src=\"http:\/\/munkacs-diocese.org\/templomok\/images\/bucsu.jpg\" border=\"0\" width=\"170\" align=\"left\" \/>\t  \t Titulusa: Szent L\u00e9lek<\/p>\n<p> Ma Beregsz\u00e1sz k\u00fcls\u00f5 ker\u00fclete, 1957-ben csatolt\u00e1k hivatalosan a v\u00e1roshoz.  A falu nev\u00e9t el\u00f5sz\u00f6r 1321-ben Bolchou alakban eml\u00edtik. \u00c1rp\u00e1d-kori  telep\u00fcl\u00e9s. 1327-ben m\u00e1r \u00e1llt els\u00f5 k\u00f5temploma. Az 1333-as p\u00e1pai tized m\u00e1r  pl\u00e9b\u00e1niak\u00e9nt eml\u00edti. A reform\u00e1ci\u00f3 kezdet\u00e9n a lakoss\u00e1g az \u00faj hithez  csatlakozott. A r\u00f3mai katolikus hit\u00e9let csak a 19. sz\u00e1zad v\u00e9g\u00e9n \u00e9l\u00e9nk\u00fclt  fel ism\u00e9t. A r\u00f3mai katolikus templomot 1900-ban \u00e9p\u00edtett\u00e9k. 1960-ban  bez\u00e1rt\u00e1k, aut\u00f3szerel\u00f5-m\u00fbhelyk\u00e9nt haszn\u00e1lt\u00e1k.<\/p>\n<p> 1990. j\u00fanius 4-\u00e9re, p\u00fcnk\u00f6sd napj\u00e1ra \u00e1ll\u00edtott\u00e1k helyre \u00e9s nyitott\u00e1k meg \u00fajra a h\u00edvek sz\u00e1m\u00e1ra.<\/p>\n<p> A liturgia nyelve: magyar.<\/p>\n","protected":false},"excerpt":{"rendered":"<p>Titulusa: Szent L\u00e9lek Ma Beregsz\u00e1sz k\u00fcls\u00f5 ker\u00fclete, 1957-ben csatolt\u00e1k hivatalosan a v\u00e1roshoz. A falu nev\u00e9t el\u00f5sz\u00f6r 1321-ben Bolchou alakban eml\u00edtik. \u00c1rp\u00e1d-kori telep\u00fcl\u00e9s. 1327-ben m\u00e1r \u00e1llt els\u00f5 k\u00f5temploma. Az 1333-as p\u00e1pai tized m\u00e1r pl\u00e9b\u00e1niak\u00e9nt eml\u00edti. A reform\u00e1ci\u00f3 kezdet\u00e9n a lakoss\u00e1g az \u00faj hithez csatlakozott. A r\u00f3mai katolikus hit\u00e9let csak a 19. sz\u00e1zad v\u00e9g\u00e9n \u00e9l\u00e9nk\u00fclt fel ism\u00e9t. [&hellip;]<\/p>\n","protected":false},"author":1,"featured_media":0,"comment_status":"open","ping_status":"open","sticky":false,"template":"","format":"standard","meta":{"_acf_changed":false,"_et_pb_use_builder":"","_et_pb_old_content":"","_et_gb_content_width":"","footnotes":""},"categories":[15],"tags":[],"class_list":["post-393","post","type-post","status-publish","format-standard","hentry","category-beregszaszi-jaras","et-doesnt-have-format-content","et_post_format-et-post-format-standard"],"acf":[],"_links":{"self":[{"href":"https:\/\/munkacs-diocese.org\/hu\/wp-json\/wp\/v2\/posts\/393"}],"collection":[{"href":"https:\/\/munkacs-diocese.org\/hu\/wp-json\/wp\/v2\/posts"}],"about":[{"href":"https:\/\/munkacs-diocese.org\/hu\/wp-json\/wp\/v2\/types\/post"}],"author":[{"embeddable":true,"href":"https:\/\/munkacs-diocese.org\/hu\/wp-json\/wp\/v2\/users\/1"}],"replies":[{"embeddable":true,"href":"https:\/\/munkacs-diocese.org\/hu\/wp-json\/wp\/v2\/comments?post=393"}],"version-history":[{"count":0,"href":"https:\/\/munkacs-diocese.org\/hu\/wp-json\/wp\/v2\/posts\/393\/revisions"}],"wp:attachment":[{"href":"https:\/\/munkacs-diocese.org\/hu\/wp-json\/wp\/v2\/media?parent=393"}],"wp:term":[{"taxonomy":"category","embeddable":true,"href":"https:\/\/munkacs-diocese.org\/hu\/wp-json\/wp\/v2\/categories?post=393"},{"taxonomy":"post_tag","embeddable":true,"href":"https:\/\/munkacs-diocese.org\/hu\/wp-json\/wp\/v2\/tags?post=393"}],"curies":[{"name":"wp","href":"https:\/\/api.w.org\/{rel}","templated":true}]}}