{"id":390,"date":"2011-07-29T00:00:00","date_gmt":"2011-07-28T21:00:00","guid":{"rendered":"http:\/\/munkacs-diocese.org\/hu\/2011\/07\/29\/ii-karpataljai-katolikus-ifjusagi-nagytabor\/"},"modified":"2011-07-29T00:00:00","modified_gmt":"2011-07-28T21:00:00","slug":"ii-karpataljai-katolikus-ifjusagi-nagytabor","status":"publish","type":"post","link":"https:\/\/munkacs-diocese.org\/hu\/2011\/07\/29\/ii-karpataljai-katolikus-ifjusagi-nagytabor\/","title":{"rendered":"II. K\u00e1rp\u00e1taljai Katolikus Ifj\u00fas\u00e1gi Nagyt\u00e1bor"},"content":{"rendered":"<div id=\"fb-root\"><\/div>\n<p align=\"center\"><strong>II. K\u00e1rp\u00e1taljai Katolikus Ifj\u00fas\u00e1gi Nagyt\u00e1bor<\/strong><\/p>\n<p align=\"center\"><img loading=\"lazy\" decoding=\"async\" class=\" alignleft size-full wp-image-389\" src=\"https:\/\/munkacs-diocese.org\/hu\/wp-content\/uploads\/2011\/07\/nagytabor-small.jpg\" border=\"0\" width=\"123\" height=\"92\" align=\"left\" srcset=\"https:\/\/munkacs-diocese.org\/hu\/wp-content\/uploads\/2011\/07\/nagytabor-small.jpg 680w, https:\/\/munkacs-diocese.org\/hu\/wp-content\/uploads\/2011\/07\/nagytabor-small-300x225.jpg 300w, https:\/\/munkacs-diocese.org\/hu\/wp-content\/uploads\/2011\/07\/nagytabor-small-510x382.jpg 510w\" sizes=\"(max-width: 123px) 100vw, 123px\" \/> <\/p>\n<p> A K\u00e1rp\u00e1taljai Szent M\u00e1rton  Egyes\u00fclet szervez\u00e9s\u00e9ben 2011. j\u00falius 14-17. k\u00f6z\u00f6tt megrendezt\u00e9k Bustyah\u00e1z\u00e1n a  II. Katolikus Ifj\u00fas\u00e1gi Nagyt\u00e1bort. A t\u00e1bor lelkivezet\u0151je \u00e9s el\u0151ad\u00f3ja B\u00e9res  Istv\u00e1n sisl\u00f3ci pl\u00e9b\u00e1niai korm\u00e1nyz\u00f3 volt. <\/p>\n<p> <!--more--> <\/p>\n<p>A t\u00e1bor zenei szolg\u00e1lat\u00e1t a t\u00e9cs\u0151i  Gl\u00f3ria \u00e9nekkar \u00e9s a sz\u00fcrtei ifj\u00fas\u00e1gi \u00e9nekkar v\u00e1llalta, valamint n\u00e9h\u00e1ny lelkes,  git\u00e1rozni tud\u00f3 fiatal. A cs\u00fct\u00f6rt\u00f6kt\u0151l vas\u00e1rnapig tart\u00f3 t\u00e1borban voltak \u00e9rdekes,  tanuls\u00e1gos el\u0151ad\u00e1sok, kiscsoportos besz\u00e9lget\u00e9s, fakultat\u00edv programok: f\u00fcrd\u00e9s,  m\u00e9ta, k\u00e9zm\u0171ves foglalkoz\u00e1s, activity, s volt akad\u00e1lyverseny is. A csoportok  sz\u00edndarabbal k\u00e9sz\u00fcltek, egy-egy mes\u00e9t dolgoztak fel k\u00fcl\u00f6nb\u00f6z\u0151 n\u00e9pek st\u00edlus\u00e1ban.  \u00cdgy sz\u00fcletett meg a Kiskakas gy\u00e9m\u00e1nt f\u00e9lkrajc\u00e1rja cig\u00e1ny st\u00edlusban, a M\u00e9zga  csal\u00e1d k\u00ednai v\u00e1ltozata, vagy ak\u00e1r a Micimack\u00f3 \u00f3g\u00f6r\u00f6g feldolgoz\u00e1sa. A t\u00e1bort\u0171zn\u00e9l  tanmes\u00e9ket hallgathattak meg Majoros Tibor el\u0151ad\u00e1s\u00e1ban, volt t\u00e1nch\u00e1z \u00e9s sok-sok  j\u00e1t\u00e9k. <\/p>\n","protected":false},"excerpt":{"rendered":"<p>II. K\u00e1rp\u00e1taljai Katolikus Ifj\u00fas\u00e1gi Nagyt\u00e1bor A K\u00e1rp\u00e1taljai Szent M\u00e1rton Egyes\u00fclet szervez\u00e9s\u00e9ben 2011. j\u00falius 14-17. k\u00f6z\u00f6tt megrendezt\u00e9k Bustyah\u00e1z\u00e1n a II. Katolikus Ifj\u00fas\u00e1gi Nagyt\u00e1bort. A t\u00e1bor lelkivezet\u0151je \u00e9s el\u0151ad\u00f3ja B\u00e9res Istv\u00e1n sisl\u00f3ci pl\u00e9b\u00e1niai korm\u00e1nyz\u00f3 volt.<\/p>\n","protected":false},"author":1,"featured_media":389,"comment_status":"open","ping_status":"open","sticky":false,"template":"","format":"standard","meta":{"_acf_changed":false,"_et_pb_use_builder":"","_et_pb_old_content":"","_et_gb_content_width":"","footnotes":""},"categories":[10],"tags":[],"class_list":["post-390","post","type-post","status-publish","format-standard","has-post-thumbnail","hentry","category-aktualis-hirek","et-has-post-format-content","et_post_format-et-post-format-standard"],"acf":[],"_links":{"self":[{"href":"https:\/\/munkacs-diocese.org\/hu\/wp-json\/wp\/v2\/posts\/390"}],"collection":[{"href":"https:\/\/munkacs-diocese.org\/hu\/wp-json\/wp\/v2\/posts"}],"about":[{"href":"https:\/\/munkacs-diocese.org\/hu\/wp-json\/wp\/v2\/types\/post"}],"author":[{"embeddable":true,"href":"https:\/\/munkacs-diocese.org\/hu\/wp-json\/wp\/v2\/users\/1"}],"replies":[{"embeddable":true,"href":"https:\/\/munkacs-diocese.org\/hu\/wp-json\/wp\/v2\/comments?post=390"}],"version-history":[{"count":0,"href":"https:\/\/munkacs-diocese.org\/hu\/wp-json\/wp\/v2\/posts\/390\/revisions"}],"wp:featuredmedia":[{"embeddable":true,"href":"https:\/\/munkacs-diocese.org\/hu\/wp-json\/wp\/v2\/media\/389"}],"wp:attachment":[{"href":"https:\/\/munkacs-diocese.org\/hu\/wp-json\/wp\/v2\/media?parent=390"}],"wp:term":[{"taxonomy":"category","embeddable":true,"href":"https:\/\/munkacs-diocese.org\/hu\/wp-json\/wp\/v2\/categories?post=390"},{"taxonomy":"post_tag","embeddable":true,"href":"https:\/\/munkacs-diocese.org\/hu\/wp-json\/wp\/v2\/tags?post=390"}],"curies":[{"name":"wp","href":"https:\/\/api.w.org\/{rel}","templated":true}]}}