{"id":348,"date":"2011-07-13T04:05:31","date_gmt":"2011-07-13T01:05:31","guid":{"rendered":"http:\/\/munkacs-diocese.org\/hu\/2011\/07\/13\/majnek-antal-puespoek-munkacs-diszpolgara-lett\/"},"modified":"2011-07-13T04:05:31","modified_gmt":"2011-07-13T01:05:31","slug":"majnek-antal-puespoek-munkacs-diszpolgara-lett","status":"publish","type":"post","link":"https:\/\/munkacs-diocese.org\/hu\/2011\/07\/13\/majnek-antal-puespoek-munkacs-diszpolgara-lett\/","title":{"rendered":"Majnek Antal p\u00fcsp\u00f6k Munk\u00e1cs d\u00edszpolg\u00e1ra lett"},"content":{"rendered":"<div id=\"fb-root\"><\/div>\n<p align=\"center\"><strong>Majnek Antal p\u00fcsp\u00f6k Munk\u00e1cs d\u00edszpolg\u00e1ra lett <\/strong><\/p>\n<p><img loading=\"lazy\" decoding=\"async\" class=\" alignleft size-full wp-image-347\" src=\"https:\/\/munkacs-diocese.org\/hu\/wp-content\/uploads\/2011\/07\/pocesniy.jpg\" border=\"0\" width=\"103\" height=\"112\" align=\"left\" srcset=\"https:\/\/munkacs-diocese.org\/hu\/wp-content\/uploads\/2011\/07\/pocesniy.jpg 450w, https:\/\/munkacs-diocese.org\/hu\/wp-content\/uploads\/2011\/07\/pocesniy-276x300.jpg 276w\" sizes=\"(max-width: 103px) 100vw, 103px\" \/>Lengyel Zolt\u00e1n, Munk\u00e1cs  polg\u00e1rmestere a v\u00e1ros napja alkalm\u00e1b\u00f3l elismer\u0151 oklevelet ny\u00fajtott \u00e1t Majnek  Antal munk\u00e1csi megy\u00e9sp\u00fcsp\u00f6knek, mellyel Munk\u00e1cs d\u00edszpolg\u00e1r\u00e1v\u00e1 emelte. <\/p>\n<p> <!--more--> <\/p>\n<p>A v\u00e1rosi  tan\u00e1cs d\u00f6nt\u00e9se \u00e9rtelm\u00e9ben Munk\u00e1cs \u00f6t lakosa kapta meg ezt a kit\u00fcntet\u00e9st. Az  \u00fcnneps\u00e9gen, melyre 2011. m\u00e1jus 29-\u00e9n ker\u00fclt sor, k\u00fcl\u00f6nf\u00e9le vall\u00e1sok k\u00e9pvisel\u0151i  vettek r\u00e9szt. Az oklev\u00e9l sz\u00f6veg\u00e9ben az \u00e1ll, hogy a p\u00fcsp\u00f6k atya a kit\u00fcntet\u00e9st  az\u00e9rt az elk\u00f6telezett munk\u00e1\u00e9rt kapta, melyet az emberek \u00e9s az eg\u00e9sz orsz\u00e1g lelki  felemelked\u00e9s\u00e9\u00e9rt v\u00e9gzett, k\u00fcl\u00f6n\u00f6sen pedig a legszeg\u00e9nyebbek ir\u00e1nti figyelm\u00e9\u00e9rt  \u00e9s szolg\u00e1lat\u00e1\u00e9rt. <\/p>\n","protected":false},"excerpt":{"rendered":"<p>Majnek Antal p\u00fcsp\u00f6k Munk\u00e1cs d\u00edszpolg\u00e1ra lett Lengyel Zolt\u00e1n, Munk\u00e1cs polg\u00e1rmestere a v\u00e1ros napja alkalm\u00e1b\u00f3l elismer\u0151 oklevelet ny\u00fajtott \u00e1t Majnek Antal munk\u00e1csi megy\u00e9sp\u00fcsp\u00f6knek, mellyel Munk\u00e1cs d\u00edszpolg\u00e1r\u00e1v\u00e1 emelte.<\/p>\n","protected":false},"author":1,"featured_media":347,"comment_status":"open","ping_status":"open","sticky":false,"template":"","format":"standard","meta":{"_acf_changed":false,"_et_pb_use_builder":"","_et_pb_old_content":"","_et_gb_content_width":"","footnotes":""},"categories":[10],"tags":[],"class_list":["post-348","post","type-post","status-publish","format-standard","has-post-thumbnail","hentry","category-aktualis-hirek","et-has-post-format-content","et_post_format-et-post-format-standard"],"acf":[],"_links":{"self":[{"href":"https:\/\/munkacs-diocese.org\/hu\/wp-json\/wp\/v2\/posts\/348"}],"collection":[{"href":"https:\/\/munkacs-diocese.org\/hu\/wp-json\/wp\/v2\/posts"}],"about":[{"href":"https:\/\/munkacs-diocese.org\/hu\/wp-json\/wp\/v2\/types\/post"}],"author":[{"embeddable":true,"href":"https:\/\/munkacs-diocese.org\/hu\/wp-json\/wp\/v2\/users\/1"}],"replies":[{"embeddable":true,"href":"https:\/\/munkacs-diocese.org\/hu\/wp-json\/wp\/v2\/comments?post=348"}],"version-history":[{"count":0,"href":"https:\/\/munkacs-diocese.org\/hu\/wp-json\/wp\/v2\/posts\/348\/revisions"}],"wp:featuredmedia":[{"embeddable":true,"href":"https:\/\/munkacs-diocese.org\/hu\/wp-json\/wp\/v2\/media\/347"}],"wp:attachment":[{"href":"https:\/\/munkacs-diocese.org\/hu\/wp-json\/wp\/v2\/media?parent=348"}],"wp:term":[{"taxonomy":"category","embeddable":true,"href":"https:\/\/munkacs-diocese.org\/hu\/wp-json\/wp\/v2\/categories?post=348"},{"taxonomy":"post_tag","embeddable":true,"href":"https:\/\/munkacs-diocese.org\/hu\/wp-json\/wp\/v2\/tags?post=348"}],"curies":[{"name":"wp","href":"https:\/\/api.w.org\/{rel}","templated":true}]}}