{"id":346,"date":"2011-07-07T05:40:42","date_gmt":"2011-07-07T02:40:42","guid":{"rendered":"http:\/\/munkacs-diocese.org\/hu\/2011\/07\/07\/az-ukrajnai-romai-katolikus-puespoeki-konferencia-pasztorlevele-az-i-orszagos-eucharisztikus-kongresszusrol\/"},"modified":"2011-07-07T05:40:42","modified_gmt":"2011-07-07T02:40:42","slug":"az-ukrajnai-romai-katolikus-puespoeki-konferencia-pasztorlevele-az-i-orszagos-eucharisztikus-kongresszusrol","status":"publish","type":"post","link":"https:\/\/munkacs-diocese.org\/hu\/2011\/07\/07\/az-ukrajnai-romai-katolikus-puespoeki-konferencia-pasztorlevele-az-i-orszagos-eucharisztikus-kongresszusrol\/","title":{"rendered":"Az ukrajnai r\u00f3mai katolikus p\u00fcsp\u00f6ki konferencia p\u00e1sztorlevele az i. orsz\u00e1gos eucharisztikus kongresszusr\u00f3l"},"content":{"rendered":"<div id=\"fb-root\"><\/div>\n<div align=\"center\"><strong>Az ukrajnai r\u00f3mai katolikus p\u00fcsp\u00f6ki konferencia p\u00e1sztorlevele az I. orsz\u00e1gos eucharisztikus kongresszusr\u00f3l<\/strong><\/div>\n<div align=\"center\">\u00a0\u00c9vk\u00f6zi XIV. vas\u00e1rnap \u2013 \u00darnapja nyolcad\u00e1nak v\u00e9ge, 2011. j\u00falius 3.<\/div>\n<div><img loading=\"lazy\" decoding=\"async\" class=\" alignleft size-full wp-image-345\" src=\"https:\/\/munkacs-diocese.org\/hu\/wp-content\/uploads\/2011\/07\/urkk013.gif\" border=\"0\" width=\"123\" height=\"89\" align=\"left\" \/><strong><em>Kedves Testv\u00e9rek!<\/em><\/strong><\/p>\n<p>1 Az I. Orsz\u00e1gos Eucharisztikus Kongresszus bejelent\u00e9se<br \/>A 2011-es \u00e9v k\u00fcl\u00f6nleges id\u0151szak az egyetemes Egyh\u00e1z \u00e9s az ukrajnai katolikus egyh\u00e1z sz\u00e1m\u00e1ra: id\u00e9n volt II. J\u00e1nos P\u00e1l p\u00e1pa boldogg\u00e1avat\u00e1sa, az \u0151 ukrajnai l\u00e1togat\u00e1s\u00e1nak 10. \u00e9vfordul\u00f3ja, valamint 20 \u00e9ve \u00fajult meg a katolikus egyh\u00e1z strukt\u00far\u00e1ja Ukrajn\u00e1ban.<br \/> <!--more--> Mivel szeretn\u00e9nk megeml\u00e9kezni ezekr\u0151l az esem\u00e9nyekr\u0151l, \u00e9s meg szeretn\u00e9nk \u00faj\u00edtani ill. fel szeretn\u00e9nk friss\u00edteni vall\u00e1si \u00e9let\u00fcnket, elhat\u00e1roztuk, hogy megfogadva a p\u00e1p\u00e1k int\u00e9seit, eucharisztikus kongresszust szervez\u00fcnk. Ez\u00e9rt ma, ezen a vas\u00e1rnapon, melyen befejez\u0151dik \u00darnapja nyolcada, bejelentj\u00fck r\u00f3mai katolikus egyh\u00e1zunk I. Orsz\u00e1gos Eucharisztikus Kongresszus\u00e1t, melyet 2012. m\u00e1jus 26. \u00e9s j\u00fanius 3. k\u00f6z\u00f6tt tartunk. A Kongresszus megnyit\u00e1s\u00e1nak helysz\u00edne Kijev lesz. A k\u00f6vetkez\u0151 napokban az egyes egyh\u00e1zmegy\u00e9k \u00e9s pl\u00e9b\u00e1ni\u00e1k fognak \u00fcnnepelni. A Kongresszus befejez\u00e9se Lembergben, 2012. j\u00fanius 3-\u00e1n lesz. Az eucharisztikus kongresszus vall\u00e1si esem\u00e9ny; az Olt\u00e1riszents\u00e9g tisztelet\u00e9nek k\u00fcl\u00f6nleges megnyilv\u00e1nul\u00e1sa; Isten n\u00e9p\u00e9nek \u00f6sszegy\u00fclekez\u00e9se az \u00e9l\u0151 J\u00e9zus Krisztus k\u00f6r\u00fcl, kiv\u00e9teles alkalom a buzg\u00f3 im\u00e1ds\u00e1gra, szents\u00e9gim\u00e1d\u00e1sra, \u00e9s a kapott Aj\u00e1nd\u00e9k nagys\u00e1ga f\u00f6l\u00f6tti elm\u00e9lked\u00e9sre. Fontos, hogy k\u00f6zben meger\u0151s\u00edts\u00fck \u00e9s felfriss\u00edts\u00fck azt a k\u00f6tel\u00e9ket, mely Isten n\u00e9p\u00e9t J\u00e9zus Krisztussal \u00f6sszek\u00f6ti, k\u00f6z\u00f6sen dics\u0151\u00edts\u00fck J\u00e9zus Krisztust, aki az Egyh\u00e1zban \u00e9l, valamint hogy elfogadjuk az aktu\u00e1lis evangeliz\u00e1ci\u00f3s kih\u00edv\u00e1sokat is.<br \/>A Kongresszus t\u00e9m\u00e1j\u00e1t a Zsid\u00f3khoz \u00edrt lev\u00e9lb\u0151l vett\u00fck: \u201eJ\u00e9zus Krisztus ugyanaz tegnap, ma \u00e9s mind\u00f6r\u00f6kk\u00e9\u201d (Zsid 13,8). Ez a t\u00e9ma kapcsolatot mutat a t\u00f6rt\u00e9nelmi esem\u00e9nyekkel, ugyanakkor az \u201e\u00fcdv\u00f6s jelenre\u201d, valamint a j\u00f6v\u0151re ir\u00e1ny\u00edtja figyelm\u00fcnket. Hiszen a Legm\u00e9lt\u00f3s\u00e1gosabb Olt\u00e1riszents\u00e9gben benne van az \u00fcdv\u00f6z\u00edt\u0151 m\u00falt \u00e9s jelen, \u00e9s az eszkatologikus j\u00f6v\u0151re val\u00f3 nyitotts\u00e1g is.<br \/>A Kongresszusra val\u00f3 felk\u00e9sz\u00fcl\u00e9s h\u00e9t h\u00f3napig tart, mely ez \u00e9v szeptember\u00e9t\u0151l kezd\u0151dik, t\u00e9m\u00e1ja pedig az Euchariszti\u00e1nak a t\u00f6bbi szents\u00e9ggel val\u00f3 kapcsolata. K\u00fcl\u00f6n pr\u00e9dik\u00e1ci\u00f3k \u00e9s katek\u00e9zisek sz\u00f3lnak majd err\u0151l. Mindenkit buzd\u00edtunk arra, hogy b\u0151s\u00e9gesen t\u00e1pl\u00e1lkozzon Isten Ig\u00e9j\u00e9vel, vegye el\u0151 a vall\u00e1sos irodalmat, \u00fajs\u00e1gokat, hallgassa ill. n\u00e9zze a r\u00e1di\u00f3 \u00e9s a telev\u00edzi\u00f3 katolikus programjait, illetve az Interneten tal\u00e1lhat\u00f3 anyagokat. Mindenekfelett pedig buzg\u00f3 egy\u00e9ni \u00e9s k\u00f6z\u00f6ss\u00e9gi im\u00e1ra k\u00e9r\u00fcnk mindenkit.<\/p>\n<p>2. \u201eKrisztus \u2013 tegnap \u00e9s ma\u201d<br \/>Az Eucharisztia alap\u00edt\u00e1sa az utols\u00f3 vacsor\u00e1n t\u00f6rt\u00e9nt, liturgikus lakoma k\u00f6zben, melyet annak a t\u00f6rt\u00e9nelmi esem\u00e9nynek eml\u00e9k\u00e9re \u00fcltek meg, amikor Izrael n\u00e9pe kiszabadult az egyiptomi fogs\u00e1gb\u00f3l. Ez a lakoma a m\u00falt eml\u00e9kezete volt, de ugyanakkor az elj\u00f6vend\u0151 szabadul\u00e1s \u00edg\u00e9rete is. \u201eValah\u00e1nyszor az olt\u00e1ron bemutatjuk a kereszt\u00e1ldozatot, megv\u00e1lt\u00e1sunk m\u0171ve megy v\u00e9gbe\u201d (KK 3).<br \/>Krisztus \u00e1ldozat\u00e1nak szents\u00e9gi megjelen\u00edt\u00e9se, melyre felt\u00e1mad\u00e1sa teszi fel a koron\u00e1t, felt\u00e9telezi jelenl\u00e9t\u00e9t is. \u00c9ppen az Euchariszti\u00e1ban teljes\u00fclnek k\u00fcl\u00f6nleges m\u00f3don Krisztus szavai: \u201e\u00cdme, \u00e9n veletek vagyok minden nap a vil\u00e1g v\u00e9g\u00e9ig!\u201d (Mt 28,20). A legm\u00e9lt\u00f3s\u00e1gosabb Olt\u00e1riszents\u00e9gben teljesen, igaz\u00e1n, val\u00f3s\u00e1gosan \u00e9s l\u00e9nyegileg jelen van Krisztus, az Istenember a keny\u00e9r \u00e9s a bor sz\u00edne alatt (v\u00f6. DH 1636, 1651).<br \/>Az, hogy a keny\u00e9r \u00e9s a bor Krisztus Test\u00e9v\u00e9 \u00e9s V\u00e9r\u00e9v\u00e9 v\u00e1ltozik, utat nyit a szent\u00e1ldoz\u00e1s fel\u00e9. Az Eucharisztia igazi lakoma, melyben Krisztus \u00f6nmag\u00e1t adja t\u00e1pl\u00e1l\u00e9kul: \u201eAz \u00e9n testem val\u00f3ban \u00e9tel, \u00e9s az \u00e9n v\u00e9rem val\u00f3ban ital\u201d (Jn 6,55).<br \/>J\u00e9zus Krisztus jelenl\u00e9te az Euchariszti\u00e1ban a szentmis\u00e9n t\u00fal is tart. Az Olt\u00e1riszents\u00e9g im\u00e1d\u00e1s\u00e1ra, a szents\u00e9gim\u00e1d\u00e1sra sokszor buzd\u00edtott benn\u00fcnket II. J\u00e1nos P\u00e1l p\u00e1pa. A \u201eMane nobiscum Domine\u201d kezdet\u0171 apostoli level\u00e9ben \u00edgy \u00edrt: \u201eA tabern\u00e1kulumban jelenl\u00e9v\u0151 J\u00e9zus egyre t\u00f6bb olyan szerelmes l\u00e9lek sz\u00e1m\u00e1ra legyen vonz\u00f3 p\u00f3lus, akik k\u00e9pesek arra, hogy hosszasan id\u0151zzenek n\u00e1la, hallgass\u00e1k a szav\u00e1t \u00e9s \u00e9rezz\u00e9k sz\u00edv\u00e9nek dobban\u00e1sait\u201d (MND 18).<br \/>Maga az \u201eEucharisztia\u201d sz\u00f3 h\u00e1laad\u00e1st jelent. A h\u00e1la megl\u00e1ttatja vel\u00fcnk az Istent\u0151l kapott aj\u00e1nd\u00e9kok nagys\u00e1g\u00e1t. Az els\u0151 kereszt\u00e9nyek nem sz\u0171ntek meg \u00e1muldozni azon a csod\u00e1latos dolgon, hogy Isten szeretete leereszkedett hozz\u00e1juk J\u00e9zus Krisztusban, hogy beteljes\u00edtse a megv\u00e1lt\u00e1s m\u0171v\u00e9t. Az eucharisztikus kongresszus alatt dics\u0151\u00edteni akarjuk Istent \u00e9s k\u00f6sz\u00f6netet mondunk neki azok\u00e9rt a nagy tettek\u00e9rt, melyeket a mi id\u0151nkben k\u00f6r\u00fcl\u00f6tt\u00fcnk vitt v\u00e9ghez. Vagyis k\u00f6sz\u00f6netet mondunk a visszakapott szabads\u00e1g\u00e9rt \u00e9s hit\u00fcnk gyakorl\u00e1s\u00e1nak lehet\u0151s\u00e9g\u00e9\u00e9rt, az \u00fajj\u00e1sz\u00fclet\u0151 vall\u00e1sos \u00e9let\u00e9rt, a meg\u00fajult egyh\u00e1zi strukt\u00far\u00e1\u00e9rt \u00e9s egyh\u00e1zi int\u00e9zm\u00e9nyek\u00e9rt, az \u00faj egyh\u00e1zmegy\u00e9k\u00e9rt, szemin\u00e1riumok\u00e9rt, kolostorok\u00e9rt, pl\u00e9b\u00e1ni\u00e1k\u00e9rt, a fel\u00faj\u00edtott \u00e9s az \u00fajabban \u00e9p\u00fclt templomok\u00e9rt, a p\u00fcsp\u00f6k\u00f6k\u00e9rt, papok\u00e9rt, az Istennek szentelt szem\u00e9lyek\u00e9rt, az egyh\u00e1zi mozgalmakban munk\u00e1lkod\u00f3k\u00e9rt, a karitat\u00edv \u00e9s a nevel\u0151i tev\u00e9kenys\u00e9g kibontakoz\u00e1s\u00e1nak lehet\u0151s\u00e9g\u00e9\u00e9rt, minden h\u00edv\u0151\u00e9rt, akik akt\u00edvan r\u00e9szt vesznek az Egyh\u00e1z \u00e9let\u00e9ben.<br \/>Megeml\u00e9kez\u00fcnk azokr\u00f3l az id\u0151kr\u0151l, amikor heroikus er\u0151fesz\u00edt\u00e9seket kellett tennie annak, aki el akart jutni a paphoz. Megk\u00f6sz\u00f6nj\u00fck Istennek a papokat, akik eg\u00e9szs\u00e9g\u00fck \u00e9s \u00e9let\u00fck kock\u00e1ztat\u00e1s\u00e1val igyekeztek min\u00e9l t\u00f6bb embert szents\u00e9gekkel ell\u00e1tni. Sokukat eml\u00edthetn\u00e9nk konkr\u00e9tan, n\u00e9v szerint, azokat h\u0151s papokat, akik ezekben a nagyon neh\u00e9z id\u0151kben szolg\u00e1lt\u00e1k a h\u00edveket. A h\u00edveket sem hagyhatjuk ki, akik az elnyom\u00e1s ellen\u00e9re t\u00f6rekedtek \u00e1tadni hit\u00fcket gyermekeiknek. \u00c9s h\u00e1nyan voltak a papok \u00e9s h\u00edvek k\u00f6z\u00fcl olyanok, akik h\u0171s\u00e9g\u00fcket l\u00e1gerben, s\u00falyos k\u00e9nyszermunk\u00e1val, vagy ak\u00e1r v\u00e9rtan\u00fahal\u00e1llal pecs\u00e9telt\u00e9k meg.\u00a0 II. J\u00e1nos P\u00e1l p\u00e1pa \u00edgy eml\u00e9kezett meg r\u00f3luk Kijevben 2001. j\u00fanius 24-\u00e9n: \u201eAnnyi gyermeked meg\u0151rizte Krisztus ir\u00e1nti h\u0171s\u00e9g\u00e9t, \u00e9s ennek k\u00f6vetkezm\u00e9nyek\u00e9nt k\u00f6z\u00fcl\u00fck sokan a legnagyobb \u00e1ldozatot hozt\u00e1k meg \u00e9rte. Az \u0151 tan\u00fas\u00e1gt\u00e9tel\u00fck legyen p\u00e9lda \u00e9s energiaforr\u00e1s a harmadik \u00e9vezred kereszt\u00e9nyei sz\u00e1m\u00e1ra.\u201d<br \/>Ezeknek a v\u00e9rtan\u00faknak \u00e9s h\u0151s\u00f6knek tan\u00fas\u00e1gt\u00e9tele nagy k\u00f6telezetts\u00e9get r\u00f3 r\u00e1nk, melyet a Kongresszus alatt \u00fajra \u00e1t akarunk gondolni \u00e9s v\u00e1llalni azt. K\u00fcl\u00f6n\u00f6sen az a fontos, hogy elm\u00e9ly\u00edts\u00fck annak tudat\u00e1t, hogy az \u00e9l\u0151 \u00e9s megv\u00e1lt\u00f3 Krisztus jelen van az Euchariszti\u00e1ban. K\u00fcl\u00f6n\u00f6s figyelmet k\u00edv\u00e1nunk ford\u00edtani a vas\u00e1rnap kereszt\u00e9ny meg\u00e9l\u00e9s\u00e9re, melyre akkora hangs\u00falyt fektetve figyelmeztetett minket II. J\u00e1nos P\u00e1l p\u00e1pa \u201eDies Domini\u201d kezdet\u0171 apostoli level\u00e9ben. A vas\u00e1rnap igazi meg\u00e9l\u00e9s\u00e9nek k\u00fcl\u00f6n\u00f6sen fontos jelent\u0151s\u00e9ge van a csal\u00e1d sz\u00e1m\u00e1ra: \u201eAmikor a sz\u00fcl\u0151k gyermekeikkel egy\u00fctt veszik k\u00f6r\u00fcl az Ige \u00e9s az \u00c9let Kenyer\u00e9nek asztal\u00e1t, a kereszt\u00e9ny csal\u00e1dok saj\u00e1t identit\u00e1suk \u00e9s csal\u00e1d-egyh\u00e1zi szolg\u00e1latuk egyik legszebb megnyilatkoz\u00e1s\u00e1t \u00e9lik \u00e1t\u201d (DD 36). Szeretn\u00e9nk mindenkit buzd\u00edtani, hogy haszn\u00e1lja ki a lehet\u0151s\u00e9get, \u00e9s j\u00e1ruljon h\u00e9tk\u00f6znap is szent\u00e1ldoz\u00e1shoz, hiszen ez \u201eaz eg\u00e9sz kereszt\u00e9ny \u00e9let cs\u00facsa \u00e9s forr\u00e1sa\u201d (KK 11).<\/p>\n<p>3. \u201eJ\u00e9zus Krisztus \u2013 ugyanaz mind\u00f6r\u00f6kk\u00e9\u201d (v\u00f6. Zsid 13,8)<br \/>Krisztus, mint a vil\u00e1g egyetlen \u00dcdv\u00f6z\u00edt\u0151je, megv\u00e1lt\u00f3 m\u0171v\u00e9vel nem csak m\u00faltunkat \u00e9s jelen\u00fcnket fogja \u00e1t, hanem hozz\u00e1 tartozik a j\u00f6v\u0151 is. A v\u00e1lasz, amit a h\u00edvek \u00e1tv\u00e1ltoztat\u00e1s ut\u00e1n felelnek a pap szavaira: \u201e\u00cdme hit\u00fcnk szent titka\u201d, ezekkel a szavakkal v\u00e9gz\u0151dik: \u201ehittel valljuk felt\u00e1mad\u00e1sodat, am\u00edg el nem j\u00f6ssz\u201d. \u201eSacramentum Caritatis\u201d kezdet\u0171 apostoli buzd\u00edt\u00e1s\u00e1ban XVI. Benedek p\u00e1pa ezeket \u00edrja: \u201eAz eszkatologikus \u00fcnnepl\u00e9s \u2013 melyben az \u00dar hal\u00e1l\u00e1t hirdetj\u00fck \u00e9s hittel valljuk az \u0150 f\u00f6lt\u00e1mad\u00e1s\u00e1t, v\u00e1rva elj\u00f6vetel\u00e9t \u2013 az elj\u00f6vend\u0151 dics\u0151s\u00e9g z\u00e1loga, melyben a mi test\u00fcnk is meg fog dics\u0151\u00fclni. \u00dcdv\u00f6ss\u00e9g\u00fcnk eml\u00e9kezet\u00e9t \u00fcnnepelve er\u0151s\u00f6dik benn\u00fcnk a test f\u00f6lt\u00e1mad\u00e1s\u00e1nak rem\u00e9nye \u00e9s a lehet\u0151s\u00e9g rem\u00e9nye, hogy szemt\u0151l szembe \u00fajra tal\u00e1lkozhatunk azokkal, akik el\u0151tt\u00fcnk j\u00e1rtak a hit jel\u00e9vel\u201d (SC 32). Aki az eucharisztikus Krisztussal t\u00e1pl\u00e1lkozik, az\u00e9 \u201eaz elj\u00f6vend\u0151 dics\u0151s\u00e9g z\u00e1loga\u201d \u00e9s az \u00f6r\u00f6k \u00e9let m\u00e1r itt a f\u00f6ld\u00f6n: \u201eAki eszi az \u00e9n testemet \u00e9s issza az \u00e9n v\u00e9remet, \u00f6r\u00f6k \u00e9lete van, \u00e9s \u00e9n felt\u00e1masztom az utols\u00f3 napon\u201d (Jn 6,54). A h\u00edv\u0151 sz\u00e1m\u00e1ra a legnagyobb boldogs\u00e1g, hogy lehet\u0151s\u00e9ge van a szent\u00e1ldoz\u00e1st Szent \u00datraval\u00f3k\u00e9nt fogadni, vagyis mint t\u00e1pl\u00e1l\u00e9kot az \u00f6r\u00f6kk\u00e9val\u00f3s\u00e1g fel\u00e9 vezet\u0151 \u00fatra. Minden igyekezet\u00fcnket vess\u00fck be, hogy betegeink gyakran, k\u00fcl\u00f6n\u00f6sen pedig hal\u00e1lvesz\u00e9lyben meger\u0151s\u00f6dhessenek az Eucharisztikus J\u00e9zus v\u00e9tele \u00e1ltal.<br \/>Meg szeretn\u00e9nk val\u00f3s\u00edtani Boldog II. J\u00e1nos P\u00e1l p\u00e1p\u00e1nak azt az \u00f3haj\u00e1t is, hogy az eucharisztikus viselked\u00e9st M\u00e1ria iskol\u00e1j\u00e1ban tanuljuk meg, akit \u0151 \u201eaz Eucharisztia Szent Sz\u0171z\u00e9nek\u201d nevez: \u201e\u0150r\u00e1 tekintve \u2013 \u00edrja \u2013 megismerj\u00fck az Euchariszti\u00e1ban l\u00e9v\u0151 \u00e1talak\u00edt\u00f3 er\u0151t. \u0150benne megl\u00e1thatjuk a szeretetben meg\u00fajult vil\u00e1got.\u201d (EdE62). \u201eAz\u00e9rt kaptuk az Euchariszti\u00e1t, hogy M\u00e1ri\u00e1\u00e9hoz hasonl\u00f3an a mi eg\u00e9sz \u00e9let\u00fcnk is Magnificatt\u00e1 v\u00e1ljon!\u201d (EdE 58). A Legszentebb Sz\u0171zany\u00e1ra \u00e9s szent p\u00e1rtfog\u00f3inkra b\u00edzzuk az Eucharisztikus Kongresszus gy\u00fcm\u00f6lcseit, mely mindenekel\u0151tt az legyen, hogy tan\u00fas\u00e1got tesz\u00fcnk hit\u00fcnkr\u0151l mindennapi \u00e9let\u00fcnkben, mindenkor k\u00e9szen arra, hogy v\u00e1laszolni tudjunk mindenkinek, aki a benn\u00fcnk l\u00e9v\u0151 rem\u00e9nys\u00e9g ok\u00e1t k\u00e9rdezi t\u0151l\u00fcnk (v\u00f6. 1P\u00e9t 3,15).<br \/>A mai evang\u00e9liumban J\u00e9zus felsz\u00f3l\u00edt minket: \u201eJ\u00f6jjetek hozz\u00e1m mind, akik f\u00e1radtak vagytok \u00e9s terhet hordoztok, \u00e9s \u00e9n fel\u00fcd\u00edtelek titeket\u201d (Mt 11,28). Legyenek vel\u00fcnk ezek a szavak a Kongresszusra val\u00f3 k\u00e9sz\u00fclet idej\u00e9n \u00e9s a Kongresszus alatt is. J\u00f6jj\u00fcnk Hozz\u00e1 \u00e9s tanuljunk T\u0151le, \u00e9s az \u0150 Sz\u00edv\u00e9ben val\u00f3di b\u00e9k\u00e9re, \u00f6r\u00f6mre \u00e9s er\u0151re tal\u00e1lunk, melynek seg\u00edts\u00e9g\u00e9vel k\u00f6vetni tudjuk az \u0151 szel\u00edds\u00e9g\u00e9t \u00e9s al\u00e1zatoss\u00e1g\u00e1t, valamint, hogy mi is sz\u00fcntelen\u00fcl k\u00e9szek legy\u00fcnk teljes\u00edteni a Mennyei Atya akarat\u00e1t \u00e9let\u00fcnkben. Az eucharisztikus J\u00e9zus ir\u00e1nti szeretet\u00fcnk mindig hit\u00fcnk val\u00f3dis\u00e1g\u00e1nak \u00e9s val\u00f3di lelki meg\u00fajul\u00e1sunknak pr\u00f3b\u00e1ja. <br \/>K\u00e9r\u00fcnk benneteket, im\u00e1dkozzatok az\u00e9rt, hogy az Eucharisztikus Kongresszus min\u00e9l t\u00f6bb h\u00edv\u0151 \u00e9rtelm\u00e9hez \u00e9s sz\u00edv\u00e9hez eljusson. Valljuk meg hittel \u00e9s szeretettel, hogy J\u00e9zus Krisztus a vil\u00e1g egyetlen \u00e9s igazi \u00dcdv\u00f6z\u00edt\u0151je. <br \/>A Kongresszus idej\u00e9re \u00e9s az arra val\u00f3 k\u00e9sz\u00fcletre is sz\u00edvb\u0151l adjuk r\u00e1tok, kedves Testv\u00e9rek, lelkip\u00e1sztori \u00e1ld\u00e1sunkat: Az Atya, a Fi\u00fa \u00e9s a Szentl\u00e9lek nev\u00e9ben.<\/p>\n<div align=\"right\"><strong><em>Az Ukrajnai R\u00f3mai Katolikus P\u00fcsp\u00f6ki Konferencia<br \/><\/em><\/strong><\/div>\n<\/div>\n<div>\n<p>Szent P\u00e9ter \u00e9s P\u00e1l apostolok \u00fcnnep\u00e9n, 2011. j\u00fanius 29-\u00e9n<br \/>\u00a0<\/div>\n<div>\u00a0<\/div>\n","protected":false},"excerpt":{"rendered":"<p>Az ukrajnai r\u00f3mai katolikus p\u00fcsp\u00f6ki konferencia p\u00e1sztorlevele az I. orsz\u00e1gos eucharisztikus kongresszusr\u00f3l \u00a0\u00c9vk\u00f6zi XIV. vas\u00e1rnap \u2013 \u00darnapja nyolcad\u00e1nak v\u00e9ge, 2011. j\u00falius 3. Kedves Testv\u00e9rek! 1 Az I. Orsz\u00e1gos Eucharisztikus Kongresszus bejelent\u00e9seA 2011-es \u00e9v k\u00fcl\u00f6nleges id\u0151szak az egyetemes Egyh\u00e1z \u00e9s az ukrajnai katolikus egyh\u00e1z sz\u00e1m\u00e1ra: id\u00e9n volt II. J\u00e1nos P\u00e1l p\u00e1pa boldogg\u00e1avat\u00e1sa, az \u0151 ukrajnai l\u00e1togat\u00e1s\u00e1nak [&hellip;]<\/p>\n","protected":false},"author":1,"featured_media":345,"comment_status":"open","ping_status":"open","sticky":false,"template":"","format":"standard","meta":{"_acf_changed":false,"_et_pb_use_builder":"","_et_pb_old_content":"","_et_gb_content_width":"","footnotes":""},"categories":[27],"tags":[],"class_list":["post-346","post","type-post","status-publish","format-standard","has-post-thumbnail","hentry","category-eucharisztikus-kongresszus-2012","et-has-post-format-content","et_post_format-et-post-format-standard"],"acf":[],"_links":{"self":[{"href":"https:\/\/munkacs-diocese.org\/hu\/wp-json\/wp\/v2\/posts\/346"}],"collection":[{"href":"https:\/\/munkacs-diocese.org\/hu\/wp-json\/wp\/v2\/posts"}],"about":[{"href":"https:\/\/munkacs-diocese.org\/hu\/wp-json\/wp\/v2\/types\/post"}],"author":[{"embeddable":true,"href":"https:\/\/munkacs-diocese.org\/hu\/wp-json\/wp\/v2\/users\/1"}],"replies":[{"embeddable":true,"href":"https:\/\/munkacs-diocese.org\/hu\/wp-json\/wp\/v2\/comments?post=346"}],"version-history":[{"count":0,"href":"https:\/\/munkacs-diocese.org\/hu\/wp-json\/wp\/v2\/posts\/346\/revisions"}],"wp:featuredmedia":[{"embeddable":true,"href":"https:\/\/munkacs-diocese.org\/hu\/wp-json\/wp\/v2\/media\/345"}],"wp:attachment":[{"href":"https:\/\/munkacs-diocese.org\/hu\/wp-json\/wp\/v2\/media?parent=346"}],"wp:term":[{"taxonomy":"category","embeddable":true,"href":"https:\/\/munkacs-diocese.org\/hu\/wp-json\/wp\/v2\/categories?post=346"},{"taxonomy":"post_tag","embeddable":true,"href":"https:\/\/munkacs-diocese.org\/hu\/wp-json\/wp\/v2\/tags?post=346"}],"curies":[{"name":"wp","href":"https:\/\/api.w.org\/{rel}","templated":true}]}}