{"id":297,"date":"2011-04-03T06:14:16","date_gmt":"2011-04-03T03:14:16","guid":{"rendered":"http:\/\/munkacs-diocese.org\/hu\/2011\/04\/03\/szeretethid-beregszaszban\/"},"modified":"2011-04-03T06:14:16","modified_gmt":"2011-04-03T03:14:16","slug":"szeretethid-beregszaszban","status":"publish","type":"post","link":"https:\/\/munkacs-diocese.org\/hu\/2011\/04\/03\/szeretethid-beregszaszban\/","title":{"rendered":"Szereteth\u00edd Beregsz\u00e1szban"},"content":{"rendered":"<div id=\"fb-root\"><\/div>\n<div align=\"center\"><strong>Szereteth\u00edd Beregsz\u00e1szban<br \/><\/strong><\/div>\n<p><img loading=\"lazy\" decoding=\"async\" class=\" alignleft size-full wp-image-296\" src=\"https:\/\/munkacs-diocese.org\/hu\/wp-content\/uploads\/2011\/04\/plakat.jpg\" border=\"0\" width=\"92\" height=\"131\" align=\"left\" \/>A beregsz\u00e1szi reform\u00e1tus \u00e9s r\u00f3mai katolikus egyh\u00e1z k\u00f6z\u00f6s v\u00e1rossz\u00e9p\u00edt\u00e9si napot szervezett \u00e1prilis 2-\u00e1n, szombaton 9.00 \u00f3rai kezdettel. Az akci\u00f3 c\u00edme \u2013 Szereteth\u00edd 2011, mott\u00f3ja: \u201ea V\u00e9rke, amely \u00f6sszek\u00f6t\u201d. <!--more-->  A rendhagy\u00f3 akci\u00f3hoz t\u00f6bb partner is csatlakozott: a Beregsz\u00e1szi Polg\u00e1rmesteri Hivatal, a M\u00e1ltai Szeretetszolg\u00e1lat \u00e9s a beregsz\u00e1szi 4. sz. Bend\u00e1sz Istv\u00e1n cserk\u00e9szcsapat. A program m\u00e9diapartnere a beregsz\u00e1szi sz\u00e9khely\u0171 Sion R\u00e1di\u00f3.<\/p>\n<p>A v\u00e1rossz\u00e9p\u00edt\u00e9si akci\u00f3 keret\u00e9ben az \u00f6nk\u00e9ntesek a v\u00e1ros k\u00f6zponti r\u00e9sz\u00e9ben a V\u00e9rke patak jobb \u00e9s bal oldali partj\u00e1t tiszt\u00edtott\u00e1k meg, hozt\u00e1k rendbe. A takar\u00edt\u00e1s v\u00e9g\u00e9n a Beregsz\u00e1szi M\u00e1ltai Szeretetszolg\u00e1lat \u00f6nk\u00e9ntesei k\u00edn\u00e1lt\u00e1k te\u00e1val \u00e9s sz\u00e1razs\u00fctem\u00e9nnyel a takar\u00edt\u00e1si munk\u00e1ban r\u00e9szt vetteket.\u00a0 A kezdem\u00e9nyez\u00e9ssel a k\u00e9t egyh\u00e1z szeretn\u00e9 felh\u00edvni a figyelmet az \u00f6sszefog\u00e1s fontoss\u00e1g\u00e1ra \u00e9s arra, hogy minden v\u00e1roslak\u00f3nak feladata a v\u00e1ros sz\u00e9pp\u00e9 t\u00e9tele \u00e9s tiszt\u00e1n tart\u00e1sa.<br \/>\u00a0<\/p>\n<div align=\"right\"><strong><em>\u00a0Munk\u00e1csi Egyh\u00e1zmegyei Sajt\u00f3iroda<\/em><\/strong><\/div>\n<div align=\"right\">\u00a0<\/div>\n<div align=\"center\"><em>tekintse meg a k\u00e9pgal\u00e9ri\u00e1t is:<\/em><\/div>\n<div align=\"center\">\u00a0<\/div>\n<div align=\"center\">\u00a0[imagesizer path=&#8221;images\/stories\/szeretethid-2011&#8243; width=&#8221;130&#8243; class=&#8221;imgsizer&#8221;]<\/div>\n<div align=\"center\">\u00a0<\/div>\n<div align=\"center\">\u00a0<\/div>\n<div align=\"center\">\u00a0<\/div>\n","protected":false},"excerpt":{"rendered":"<p>Szereteth\u00edd Beregsz\u00e1szban A beregsz\u00e1szi reform\u00e1tus \u00e9s r\u00f3mai katolikus egyh\u00e1z k\u00f6z\u00f6s v\u00e1rossz\u00e9p\u00edt\u00e9si napot szervezett \u00e1prilis 2-\u00e1n, szombaton 9.00 \u00f3rai kezdettel. Az akci\u00f3 c\u00edme \u2013 Szereteth\u00edd 2011, mott\u00f3ja: \u201ea V\u00e9rke, amely \u00f6sszek\u00f6t\u201d.<\/p>\n","protected":false},"author":1,"featured_media":296,"comment_status":"open","ping_status":"open","sticky":false,"template":"","format":"standard","meta":{"_acf_changed":false,"_et_pb_use_builder":"","_et_pb_old_content":"","_et_gb_content_width":"","footnotes":""},"categories":[10],"tags":[],"class_list":["post-297","post","type-post","status-publish","format-standard","has-post-thumbnail","hentry","category-aktualis-hirek","et-has-post-format-content","et_post_format-et-post-format-standard"],"acf":[],"_links":{"self":[{"href":"https:\/\/munkacs-diocese.org\/hu\/wp-json\/wp\/v2\/posts\/297"}],"collection":[{"href":"https:\/\/munkacs-diocese.org\/hu\/wp-json\/wp\/v2\/posts"}],"about":[{"href":"https:\/\/munkacs-diocese.org\/hu\/wp-json\/wp\/v2\/types\/post"}],"author":[{"embeddable":true,"href":"https:\/\/munkacs-diocese.org\/hu\/wp-json\/wp\/v2\/users\/1"}],"replies":[{"embeddable":true,"href":"https:\/\/munkacs-diocese.org\/hu\/wp-json\/wp\/v2\/comments?post=297"}],"version-history":[{"count":0,"href":"https:\/\/munkacs-diocese.org\/hu\/wp-json\/wp\/v2\/posts\/297\/revisions"}],"wp:featuredmedia":[{"embeddable":true,"href":"https:\/\/munkacs-diocese.org\/hu\/wp-json\/wp\/v2\/media\/296"}],"wp:attachment":[{"href":"https:\/\/munkacs-diocese.org\/hu\/wp-json\/wp\/v2\/media?parent=297"}],"wp:term":[{"taxonomy":"category","embeddable":true,"href":"https:\/\/munkacs-diocese.org\/hu\/wp-json\/wp\/v2\/categories?post=297"},{"taxonomy":"post_tag","embeddable":true,"href":"https:\/\/munkacs-diocese.org\/hu\/wp-json\/wp\/v2\/tags?post=297"}],"curies":[{"name":"wp","href":"https:\/\/api.w.org\/{rel}","templated":true}]}}