{"id":184,"date":"2010-12-20T18:07:23","date_gmt":"2010-12-20T16:07:23","guid":{"rendered":"http:\/\/munkacs-diocese.org\/hu\/2010\/12\/20\/a-betlehemi-lang-karpataljan\/"},"modified":"2010-12-20T18:07:23","modified_gmt":"2010-12-20T16:07:23","slug":"a-betlehemi-lang-karpataljan","status":"publish","type":"post","link":"https:\/\/munkacs-diocese.org\/hu\/2010\/12\/20\/a-betlehemi-lang-karpataljan\/","title":{"rendered":"A betlehemi l\u00e1ng K\u00e1rp\u00e1talj\u00e1n"},"content":{"rendered":"<div id=\"fb-root\"><\/div>\n<div align=\"center\"><strong>A betlehemi l\u00e1ng K\u00e1rp\u00e1talj\u00e1n<br \/>   <\/strong><\/div>\n<p><img loading=\"lazy\" decoding=\"async\" class=\" alignleft size-full wp-image-145\" src=\"https:\/\/munkacs-diocese.org\/hu\/wp-content\/uploads\/2010\/12\/DSCF4589.jpg\" border=\"0\" width=\"114\" height=\"86\" align=\"left\" srcset=\"https:\/\/munkacs-diocese.org\/hu\/wp-content\/uploads\/2010\/12\/DSCF4589.jpg 640w, https:\/\/munkacs-diocese.org\/hu\/wp-content\/uploads\/2010\/12\/DSCF4589-300x225.jpg 300w, https:\/\/munkacs-diocese.org\/hu\/wp-content\/uploads\/2010\/12\/DSCF4589-510x382.jpg 510w\" sizes=\"(max-width: 114px) 100vw, 114px\" \/>A Betlehemben meggy\u00fajtott b\u00e9ke l\u00e1ngj\u00e1t id\u00e9n a munk\u00e1csi r\u00f3mai katolikus sz\u00e9kesegyh\u00e1zban fogadt\u00e1k a k\u00e1rp\u00e1taljai cserk\u00e9szek, az \u00f6sszegy\u0171lt r\u00f3mai \u00e9s g\u00f6r\u00f6g katolikus valamint reform\u00e1tus h\u00edvek. A s\u00f6t\u00e9tbe borult templomba k\u00e9t kiscserk\u00e9sz hozta be a l\u00e1ngot;  <!--more--> percekig ez volt az egyed\u00fcli f\u00e9nyforr\u00e1s. Ezalatt a picike heged\u0171b\u0151l, melyet egy m\u00e1sik kiscserk\u00e9sz sz\u00f3laltatott meg, sz\u00e9p mel\u00f3dia hangzott fel a templom csendj\u00e9ben.<br \/>Az \u00fcnneps\u00e9g elej\u00e9n Popovics P\u00e1l, a K\u00e1rp\u00e1taljai Magyar Cserk\u00e9szsz\u00f6vets\u00e9g (K\u00e1MCSSZ) eln\u00f6ke k\u00f6sz\u00f6nt\u00f6tte mindazokat, akik elj\u00f6ttek a betlehemi l\u00e1ng fogad\u00e1s\u00e1ra. R\u00f6viden elmondta a l\u00e1ng \u00fatj\u00e1t Betlehemt\u0151l B\u00e9csen \u00e1t, Magyarorsz\u00e1gon kereszt\u00fcl Munk\u00e1csig.<img loading=\"lazy\" decoding=\"async\" class=\" alignright size-full wp-image-146\" src=\"https:\/\/munkacs-diocese.org\/hu\/wp-content\/uploads\/2010\/12\/DSCF4594.jpg\" border=\"0\" width=\"115\" height=\"86\" align=\"right\" srcset=\"https:\/\/munkacs-diocese.org\/hu\/wp-content\/uploads\/2010\/12\/DSCF4594.jpg 640w, https:\/\/munkacs-diocese.org\/hu\/wp-content\/uploads\/2010\/12\/DSCF4594-300x225.jpg 300w, https:\/\/munkacs-diocese.org\/hu\/wp-content\/uploads\/2010\/12\/DSCF4594-510x382.jpg 510w\" sizes=\"(max-width: 115px) 100vw, 115px\" \/> Mindh\u00e1rom felekezet jelenl\u00e9v\u0151 lelkip\u00e1sztora r\u00f6vid elm\u00e9lked\u00e9st tartott arr\u00f3l, amit a betlehemi l\u00e1ng jelk\u00e9pez: Pog\u00e1ny Istv\u00e1n, a r\u00f3mai katolikus egyh\u00e1zmegye \u00e1ltal\u00e1nos helyn\u00f6ke, Tarack\u00f6zi Gerzson munk\u00e1csi reform\u00e1tus lelkip\u00e1sztor \u00e9s Marosi Istv\u00e1n nagyb\u00e9g\u00e1nyi g\u00f6r\u00f6gkatolikus par\u00f3kus, aki \u2013 szint\u00e9n mint cserk\u00e9sz \u2013 a r\u00e9gi l\u00e1ngfogad\u00e1sok kalandos t\u00f6rt\u00e9neteir\u0151l is megeml\u00e9kezett, amikor m\u00e9g gyalog, biciklivel, vonaton, egyszer\u0171 gyerty\u00e1val vitt\u00e9k tov\u00e1bb a l\u00e1ngot, mely sz\u00e1mtalanszor kialudt, s ilyenkor mindig vissza kellett fordulni \u00fajra meggy\u00fajtani. Ugyanilyen \u00e9lm\u00e9nyeket eleven\u00edtett fel Popovics B\u00e9la, a K\u00e1MCSSZ tiszteletbeli eln\u00f6ke is. <br \/><img loading=\"lazy\" decoding=\"async\" class=\" alignleft size-full wp-image-180\" src=\"https:\/\/munkacs-diocese.org\/hu\/wp-content\/uploads\/2010\/12\/DSCF4600.jpg\" border=\"0\" width=\"114\" height=\"85\" align=\"left\" srcset=\"https:\/\/munkacs-diocese.org\/hu\/wp-content\/uploads\/2010\/12\/DSCF4600.jpg 640w, https:\/\/munkacs-diocese.org\/hu\/wp-content\/uploads\/2010\/12\/DSCF4600-300x225.jpg 300w, https:\/\/munkacs-diocese.org\/hu\/wp-content\/uploads\/2010\/12\/DSCF4600-510x382.jpg 510w\" sizes=\"(max-width: 114px) 100vw, 114px\" \/>A jelenl\u00e9v\u0151ket k\u00f6sz\u00f6nt\u00f6tte Szaliczky Endre, a Magyar K\u00f6zt\u00e1rsas\u00e1g ungv\u00e1ri konzulja is. <br \/>Id\u00e9n el\u0151sz\u00f6r Lembergb\u0151l is \u00e9rkeztek lengyel cserk\u00e9szek, hogy Munk\u00e1csr\u00f3l, a k\u00e1rp\u00e1taljai magyar cserk\u00e9szekt\u0151l vegy\u00e9k \u00e1t a l\u00e1ngot \u00e9s vigy\u00e9k el \u00f6v\u00e9iknek. Vezet\u0151j\u00fck k\u00f6sz\u00f6nt\u00f6tte a k\u00e1rp\u00e1taljaiakat, \u00e9s \u00f6r\u00f6m\u00e9t fejezte ki, hogy ezzel a gesztussal feleleven\u00edthetik \u00e9s meger\u0151s\u00edthetik a hagyom\u00e1nyos lengyel-magyar bar\u00e1ts\u00e1got is.<br \/>A besz\u00e9dek k\u00f6z\u00f6tt a munk\u00e1csi r\u00f3mai katolikus sz\u00e9kesegyh\u00e1z ifj\u00fas\u00e1gi k\u00f3rusa illetve a munk\u00e1csi cserk\u00e9szl\u00e1nyok git\u00e1ros egy\u00fcttese kar\u00e1csonyi \u00e9nekekkel, dallamokkal sz\u00ednes\u00edtette az est\u00e9t.<br \/>Az \u00fcnneps\u00e9g v\u00e9g\u00e9n sorban vett\u00e9k \u00e1t a l\u00e1ngot az egyes cserk\u00e9szk\u00f6z\u00f6ss\u00e9gek: el\u0151sz\u00f6r a lembergiek, majd a k\u00e1rp\u00e1taljaiak: a Munk\u00e1csr\u00f3l, Beregsz\u00e1szb\u00f3l, Nagysz\u0151l\u0151sr\u0151l, R\u00e1tr\u00f3l, Ben\u00e9b\u0151l \u00e9rkezettek. Majd minden jelenl\u00e9v\u0151 is meggy\u00fajthatta a mag\u00e1val hozott gyerty\u00e1t: l\u00e1ncot alkotva, egym\u00e1s mellett \u00e1llva <img loading=\"lazy\" decoding=\"async\" class=\" alignright size-full wp-image-181\" src=\"https:\/\/munkacs-diocese.org\/hu\/wp-content\/uploads\/2010\/12\/DSCF4605.jpg\" border=\"0\" width=\"115\" height=\"86\" align=\"right\" srcset=\"https:\/\/munkacs-diocese.org\/hu\/wp-content\/uploads\/2010\/12\/DSCF4605.jpg 640w, https:\/\/munkacs-diocese.org\/hu\/wp-content\/uploads\/2010\/12\/DSCF4605-300x225.jpg 300w, https:\/\/munkacs-diocese.org\/hu\/wp-content\/uploads\/2010\/12\/DSCF4605-510x382.jpg 510w\" sizes=\"(max-width: 115px) 100vw, 115px\" \/>v\u00e1rakoztak, v\u00e9gig az eg\u00e9sz templomon; mindenki a mellette lev\u0151nek adta tov\u00e1bb a l\u00e1ngot, m\u00edgnem gyertyaf\u00e9nybe borult az eg\u00e9sz templom. A bens\u0151s\u00e9ges \u00e9s \u00f6r\u00f6mteli hangulat\u00fa \u00fcnneps\u00e9g ut\u00e1n mindenki hazasietett, hogy otthon\u00e1ban is elhelyezze a l\u00e1ngot, \u00e9s tov\u00e1bb adja azt bar\u00e1tainak, szomsz\u00e9dainak. Hiszen a betlehemi l\u00e1ng akkor teljes\u00edti feladat\u00e1t, ha nem tartjuk meg magunknak, hanem tov\u00e1bb adjuk. S nem el\u00e9g, ha csak a gyerty\u00e1t gy\u00fajtjuk meg vele: sz\u00edv\u00fcnket kell, hogy fellobbantsa, hogy ezt a l\u00e1ngot eg\u00e9sz \u00e9vben tudjuk adni \u00e9s adni m\u00e1soknak.<\/p>\n<p><img loading=\"lazy\" decoding=\"async\" class=\" alignleft size-full wp-image-182\" src=\"https:\/\/munkacs-diocese.org\/hu\/wp-content\/uploads\/2010\/12\/DSCF4617.jpg\" border=\"0\" width=\"115\" height=\"86\" align=\"left\" srcset=\"https:\/\/munkacs-diocese.org\/hu\/wp-content\/uploads\/2010\/12\/DSCF4617.jpg 640w, https:\/\/munkacs-diocese.org\/hu\/wp-content\/uploads\/2010\/12\/DSCF4617-300x225.jpg 300w, https:\/\/munkacs-diocese.org\/hu\/wp-content\/uploads\/2010\/12\/DSCF4617-510x382.jpg 510w\" sizes=\"(max-width: 115px) 100vw, 115px\" \/>1986-ban egy osztr\u00e1k cserk\u00e9sz \u00f6tlete alapj\u00e1n a b\u00e9ke szimb\u00f3luma a betlehemi Sz\u00fclet\u00e9s Bazilik\u00e1ban \u00e9g\u0151 l\u00e1ng lett. Az\u00f3ta \u2013 a cserk\u00e9szek szervez\u00e9s\u00e9ben \u2013 \u00e9vr\u0151l \u00e9vre elviszik ezt a l\u00e1ngot kar\u00e1csony el\u0151tt B\u00e9csbe, ahol nagyszab\u00e1s\u00fa \u00fcnneps\u00e9g keret\u00e9ben veszik \u00e1t az egyes orsz\u00e1gok, nemzetek k\u00fcld\u00f6tts\u00e9gei. Speci\u00e1lis l\u00e1mp\u00e1kkal, m\u00e9csesekkel sz\u00e1ll\u00edtj\u00e1k haza, s azt\u00e1n k\u00e9zr\u0151l k\u00e9zre adj\u00e1k a cserk\u00e9szek, hogy mindannyian elvihess\u00fck otthonunkba. Az otthonokban f\u00e9nyl\u0151 betlehemi l\u00e1ng im\u00e1ds\u00e1gra h\u00edv\u00f3 jelenl\u00e9te \u00f6sszek\u00f6ti a<img loading=\"lazy\" decoding=\"async\" class=\" alignright size-full wp-image-183\" src=\"https:\/\/munkacs-diocese.org\/hu\/wp-content\/uploads\/2010\/12\/DSCF4620.jpg\" border=\"0\" width=\"115\" height=\"86\" align=\"right\" srcset=\"https:\/\/munkacs-diocese.org\/hu\/wp-content\/uploads\/2010\/12\/DSCF4620.jpg 640w, https:\/\/munkacs-diocese.org\/hu\/wp-content\/uploads\/2010\/12\/DSCF4620-300x225.jpg 300w, https:\/\/munkacs-diocese.org\/hu\/wp-content\/uploads\/2010\/12\/DSCF4620-510x382.jpg 510w\" sizes=\"(max-width: 115px) 100vw, 115px\" \/> magyar csal\u00e1dokat a vil\u00e1g k\u00fcl\u00f6nb\u00f6z\u0151 pontjain \u00e9l\u0151 kereszt\u00e9nyekkel \u00e9s elm\u00e9ly\u00edti az adventi k\u00e9sz\u00fclet lelk\u00fclet\u00e9t. A gyerty\u00e1val gyerty\u00e1t gy\u00fajtva tov\u00e1bb\u00edtott l\u00e1ng, a b\u00e9ke l\u00e1ngja azt jelk\u00e9pezi, hogy ak\u00e1rcsak a l\u00e1ngot, a b\u00e9k\u00e9t is embert\u0151l emberig kell tov\u00e1bb\u00edtani.<br \/>K\u00e1rp\u00e1talj\u00e1ra 1990 \u00f3ta jut el a l\u00e1ng. K\u00e9t \u00e9ve eg\u00e9szen B\u00e9csb\u0151l hozt\u00e1k haza cserk\u00e9szeink, m\u00falt \u00e9vben pedig Beregsz\u00e1szban volt az els\u0151 l\u00e1ngeloszt\u00f3 \u00fcnneps\u00e9g, melyre id\u00e9n Munk\u00e1cson ker\u00fclt sor.<\/p>\n","protected":false},"excerpt":{"rendered":"<p>A betlehemi l\u00e1ng K\u00e1rp\u00e1talj\u00e1n A Betlehemben meggy\u00fajtott b\u00e9ke l\u00e1ngj\u00e1t id\u00e9n a munk\u00e1csi r\u00f3mai katolikus sz\u00e9kesegyh\u00e1zban fogadt\u00e1k a k\u00e1rp\u00e1taljai cserk\u00e9szek, az \u00f6sszegy\u0171lt r\u00f3mai \u00e9s g\u00f6r\u00f6g katolikus valamint reform\u00e1tus h\u00edvek. A s\u00f6t\u00e9tbe borult templomba k\u00e9t kiscserk\u00e9sz hozta be a l\u00e1ngot;<\/p>\n","protected":false},"author":1,"featured_media":145,"comment_status":"open","ping_status":"open","sticky":false,"template":"","format":"standard","meta":{"_acf_changed":false,"_et_pb_use_builder":"","_et_pb_old_content":"","_et_gb_content_width":"","footnotes":""},"categories":[10],"tags":[],"class_list":["post-184","post","type-post","status-publish","format-standard","has-post-thumbnail","hentry","category-aktualis-hirek","et-has-post-format-content","et_post_format-et-post-format-standard"],"acf":[],"_links":{"self":[{"href":"https:\/\/munkacs-diocese.org\/hu\/wp-json\/wp\/v2\/posts\/184"}],"collection":[{"href":"https:\/\/munkacs-diocese.org\/hu\/wp-json\/wp\/v2\/posts"}],"about":[{"href":"https:\/\/munkacs-diocese.org\/hu\/wp-json\/wp\/v2\/types\/post"}],"author":[{"embeddable":true,"href":"https:\/\/munkacs-diocese.org\/hu\/wp-json\/wp\/v2\/users\/1"}],"replies":[{"embeddable":true,"href":"https:\/\/munkacs-diocese.org\/hu\/wp-json\/wp\/v2\/comments?post=184"}],"version-history":[{"count":0,"href":"https:\/\/munkacs-diocese.org\/hu\/wp-json\/wp\/v2\/posts\/184\/revisions"}],"wp:featuredmedia":[{"embeddable":true,"href":"https:\/\/munkacs-diocese.org\/hu\/wp-json\/wp\/v2\/media\/145"}],"wp:attachment":[{"href":"https:\/\/munkacs-diocese.org\/hu\/wp-json\/wp\/v2\/media?parent=184"}],"wp:term":[{"taxonomy":"category","embeddable":true,"href":"https:\/\/munkacs-diocese.org\/hu\/wp-json\/wp\/v2\/categories?post=184"},{"taxonomy":"post_tag","embeddable":true,"href":"https:\/\/munkacs-diocese.org\/hu\/wp-json\/wp\/v2\/tags?post=184"}],"curies":[{"name":"wp","href":"https:\/\/api.w.org\/{rel}","templated":true}]}}