{"id":1753,"date":"2018-05-19T23:00:00","date_gmt":"2018-05-19T21:00:00","guid":{"rendered":"http:\/\/munkacs-diocese.org\/hu\/2018\/05\/19\/bermalas-nagyszlsoen\/"},"modified":"2018-07-19T13:45:26","modified_gmt":"2018-07-19T11:45:26","slug":"bermalas-nagyszlsoen","status":"publish","type":"post","link":"https:\/\/munkacs-diocese.org\/hu\/2018\/05\/19\/bermalas-nagyszlsoen\/","title":{"rendered":"B\u00e9rm\u00e1l\u00e1s Nagysz\u0151l\u0151s\u00f6n"},"content":{"rendered":"<div id=\"fb-root\"><\/div>\n<p><em>\u201eHa elj\u00f6n a Vigasztal\u00f3, akit az Aty\u00e1t\u00f3l k\u00fcld\u00f6k, az Igazs\u00e1g Lelke, aki az Aty\u00e1t\u00f3l sz\u00e1rmazik, \u0151 majd tan\u00fas\u00e1got tesz r\u00f3lam&#8221;. (Jn, 15, 26).<\/em><\/p>\n<p>K\u00fcl\u00f6n\u00f6sen sz\u00e9pen \u00fcnnepelt\u00e9k a Szentl\u00e9lek elj\u00f6vetel\u00e9t a nagysz\u0151l\u0151si Mennybemenetel pl\u00e9b\u00e1ni\u00e1n. Majnek Antal p\u00fcsp\u00f6k atya a b\u00e9rm\u00e1l\u00e1s szents\u00e9g\u00e9ben r\u00e9szes\u00edtette a k\u00f6z\u00f6ss\u00e9g hat, Magyar Gergely pl\u00e9b\u00e1nos \u00e1ltal bemutatott tagj\u00e1t, akik t\u00f6bb \u00e9ve k\u00e9sz\u00fcltek e fontos esem\u00e9nyre.<\/p>\n<p><img loading=\"lazy\" decoding=\"async\" class=\" alignright size-full wp-image-1752\" style=\"float: right;\" src=\"https:\/\/munkacs-diocese.org\/hu\/wp-content\/uploads\/2018\/05\/szolos_bermalas1.JPG\" alt=\"szolos bermalas1\" width=\"164\" height=\"217\" \/>A p\u00fcsp\u00f6k atya kiemelte, hogy az igazs\u00e1got keres\u0151 ember a mai vil\u00e1gban a tud\u00e1s sz\u00e1mtalan forr\u00e1s\u00e1b\u00f3l mer\u00edthet, \u00e9s m\u00e9gis: csak az Igazs\u00e1g Lelke \u00e9s maga J\u00e9zus Krisztus \u00e1ltal \u00e9rheti el c\u00e9lj\u00e1t.<\/p>\n<p>\u00c1rp\u00e1d-h\u00e1zi Szent Erzs\u00e9bet, Assisi Szent Kl\u00e1ra, Szent Rita, Szent M\u00e1ria Magdolna, Szent Paula \u00e9s Szent Krist\u00f3f p\u00e1rtfogoltjai meg\u00faj\u00edtott\u00e1k kereszts\u00e9gi fogadalmukat, \u00e9s ny\u00edlt sz\u00edvvel fogadt\u00e1k az \u00fajabb szents\u00e9get. A szentmise ut\u00e1n \u00fcnnepi agap\u00e9n k\u00f6sz\u00f6nt\u00f6tt\u00e9k az aty\u00e1k, a b\u00e9rmasz\u00fcl\u0151k, csal\u00e1djuk \u00e9s bar\u00e1taik a k\u00f6z\u00f6ss\u00e9g imm\u00e1r teljes jog\u00fa tagjait.<\/p>\n<p>A felk\u00e9sz\u00fcl\u00e9s ideje alatt \u00f6sszeforrt kis csoportok \u00f6r\u00f6mmel tervezik a k\u00f6vetkez\u0151 hittanfoglalkoz\u00e1sokat Gergely atya \u00e9s Egyed testv\u00e9r vezet\u00e9s\u00e9vel.<\/p>\n<p style=\"text-align: right;\"><strong><em>Kov\u00e1cs Marianna<\/em><\/strong><br \/>\n<em>A f\u00e9nyk\u00e9peket k\u00e9sz\u00edtette:<\/em><strong><em> Szviscsu Marina<\/em><\/strong><\/p>\n","protected":false},"excerpt":{"rendered":"<p>\u201eHa elj\u00f6n a Vigasztal\u00f3, akit az Aty\u00e1t\u00f3l k\u00fcld\u00f6k, az Igazs\u00e1g Lelke, aki az Aty\u00e1t\u00f3l sz\u00e1rmazik, \u0151 majd tan\u00fas\u00e1got tesz r\u00f3lam&#8221;. (Jn, 15, 26). K\u00fcl\u00f6n\u00f6sen sz\u00e9pen \u00fcnnepelt\u00e9k a Szentl\u00e9lek elj\u00f6vetel\u00e9t a nagysz\u0151l\u0151si Mennybemenetel pl\u00e9b\u00e1ni\u00e1n. Majnek Antal p\u00fcsp\u00f6k atya a b\u00e9rm\u00e1l\u00e1s szents\u00e9g\u00e9ben r\u00e9szes\u00edtette a k\u00f6z\u00f6ss\u00e9g hat, Magyar Gergely pl\u00e9b\u00e1nos \u00e1ltal bemutatott tagj\u00e1t, akik t\u00f6bb \u00e9ve k\u00e9sz\u00fcltek e [&hellip;]<\/p>\n","protected":false},"author":1,"featured_media":1751,"comment_status":"open","ping_status":"open","sticky":false,"template":"","format":"standard","meta":{"_acf_changed":false,"_et_pb_use_builder":"","_et_pb_old_content":"","_et_gb_content_width":"","footnotes":""},"categories":[59],"tags":[],"class_list":["post-1753","post","type-post","status-publish","format-standard","has-post-thumbnail","hentry","category-egyhazmegyenk-hirei","et-has-post-format-content","et_post_format-et-post-format-standard"],"acf":[],"_links":{"self":[{"href":"https:\/\/munkacs-diocese.org\/hu\/wp-json\/wp\/v2\/posts\/1753"}],"collection":[{"href":"https:\/\/munkacs-diocese.org\/hu\/wp-json\/wp\/v2\/posts"}],"about":[{"href":"https:\/\/munkacs-diocese.org\/hu\/wp-json\/wp\/v2\/types\/post"}],"author":[{"embeddable":true,"href":"https:\/\/munkacs-diocese.org\/hu\/wp-json\/wp\/v2\/users\/1"}],"replies":[{"embeddable":true,"href":"https:\/\/munkacs-diocese.org\/hu\/wp-json\/wp\/v2\/comments?post=1753"}],"version-history":[{"count":1,"href":"https:\/\/munkacs-diocese.org\/hu\/wp-json\/wp\/v2\/posts\/1753\/revisions"}],"predecessor-version":[{"id":5370,"href":"https:\/\/munkacs-diocese.org\/hu\/wp-json\/wp\/v2\/posts\/1753\/revisions\/5370"}],"wp:featuredmedia":[{"embeddable":true,"href":"https:\/\/munkacs-diocese.org\/hu\/wp-json\/wp\/v2\/media\/1751"}],"wp:attachment":[{"href":"https:\/\/munkacs-diocese.org\/hu\/wp-json\/wp\/v2\/media?parent=1753"}],"wp:term":[{"taxonomy":"category","embeddable":true,"href":"https:\/\/munkacs-diocese.org\/hu\/wp-json\/wp\/v2\/categories?post=1753"},{"taxonomy":"post_tag","embeddable":true,"href":"https:\/\/munkacs-diocese.org\/hu\/wp-json\/wp\/v2\/tags?post=1753"}],"curies":[{"name":"wp","href":"https:\/\/api.w.org\/{rel}","templated":true}]}}