{"id":1695,"date":"2018-02-14T13:35:16","date_gmt":"2018-02-14T12:35:16","guid":{"rendered":"http:\/\/munkacs-diocese.org\/hu\/2018\/02\/14\/ferenc-papa-nagyboejti-uezenete-a-gonoszsag-megsokasodasa-miatt-sokakban-kihl-a-szeretet\/"},"modified":"2018-07-19T14:10:26","modified_gmt":"2018-07-19T12:10:26","slug":"ferenc-papa-nagyboejti-uezenete-a-gonoszsag-megsokasodasa-miatt-sokakban-kihl-a-szeretet","status":"publish","type":"post","link":"https:\/\/munkacs-diocese.org\/hu\/2018\/02\/14\/ferenc-papa-nagyboejti-uezenete-a-gonoszsag-megsokasodasa-miatt-sokakban-kihl-a-szeretet\/","title":{"rendered":"Ferenc p\u00e1pa nagyb\u00f6jti \u00fczenete \u2013 \u201eA gonoszs\u00e1g megsokasod\u00e1sa miatt sokakban kih\u0171l a szeretet\u201d"},"content":{"rendered":"<div id=\"fb-root\"><\/div>\n<p style=\"text-align: center;\"><span style=\"font-size: 12pt;\"><strong>Ferenc p\u00e1pa nagyb\u00f6jti \u00fczenete \u2013 <br \/>\u201eA gonoszs\u00e1g megsokasod\u00e1sa miatt sokakban kih\u0171l a szeretet\u201d<\/strong><\/span><\/p>\n<p><img loading=\"lazy\" decoding=\"async\" class=\" alignleft size-full wp-image-1694\" src=\"https:\/\/munkacs-diocese.org\/hu\/wp-content\/uploads\/2018\/02\/popefrancislent.jpg\" alt=\"popefrancislent\" style=\"float: left;\" width=\"220\" height=\"146\" srcset=\"https:\/\/munkacs-diocese.org\/hu\/wp-content\/uploads\/2018\/02\/popefrancislent.jpg 640w, https:\/\/munkacs-diocese.org\/hu\/wp-content\/uploads\/2018\/02\/popefrancislent-300x200.jpg 300w\" sizes=\"(max-width: 220px) 100vw, 220px\" \/>A Szentatya \u00e9vr\u0151l \u00e9vre \u00fczenetet int\u00e9z a katolikus h\u00edvekhez a nagyb\u00f6jt kezdet\u00e9n. Hagyom\u00e1nyos nagyb\u00f6jti \u00fczenet\u00e9nek t\u00e9m\u00e1ja 2018-ban: \u201eA gonoszs\u00e1g megsokasod\u00e1sa miatt sokakban kih\u0171l a szeretet&#8221; (Mt 24,12).<\/p>\n<p>  <!--more-->  <\/p>\n<p>Kedves Testv\u00e9rek!<\/p>\n<p>Ism\u00e9t k\u00f6zel\u00edt fel\u00e9nk az \u00dar h\u00fasv\u00e9tja! Hogy felk\u00e9sz\u00fclj\u00fcnk r\u00e1, az Isteni Gondvisel\u00e9s a nagyb\u00f6jt\u00f6t adja nek\u00fcnk \u201emegt\u00e9r\u00e9s\u00fcnk szents\u00e9gi jelek\u00e9nt&#8221; (\u201e\u00e9venk\u00e9nt visszat\u00e9r\u0151 gyakorlatai \u00e1ltal&#8221;), amely jelzi \u00e9s meg is val\u00f3s\u00edtja a lehet\u0151s\u00e9get, hogy teljes sz\u00edvvel, teljes \u00e9let\u00fcnkkel visszat\u00e9rj\u00fcnk az \u00darhoz.<\/p>\n<p>Ebben az \u00e9vben is ezen \u00fczenettel szeretn\u00e9k seg\u00edteni az eg\u00e9sz Egyh\u00e1znak, hogy \u00f6r\u00f6mben \u00e9s igazs\u00e1gban \u00e9lje meg ezt a kegyelmi id\u0151t. Az ihletet ehhez J\u00e9zus szavaib\u00f3l mer\u00edtem, ahogyan M\u00e1t\u00e9 evang\u00e9lium\u00e1ban olvashat\u00f3: \u201eA gonoszs\u00e1g megsokasod\u00e1sa miatt sokakban kih\u0171l a szeretet&#8221; (24,12).<\/p>\n<p>Ezt a mondatot ott tal\u00e1ljuk, amikor J\u00e9zus a v\u00e9gid\u0151kr\u0151l besz\u00e9l, Jeruzs\u00e1lemben, az Olajf\u00e1k hegy\u00e9n, \u00e9ppen ott, ahol kezdet\u00e9t veszi majd az \u00dar k\u00ednszenved\u00e9se. A tan\u00edtv\u00e1nyok k\u00e9rd\u00e9s\u00e9re v\u00e1laszolva J\u00e9zus le\u00edrja a nagy \u00f6sszeoml\u00e1st \u00e9s azt a helyzetet, amelyben a h\u00edv\u0151k k\u00f6z\u00f6ss\u00e9ge tal\u00e1lhatja mag\u00e1t. A f\u00e1j\u00f3 esem\u00e9nyek k\u00f6zepette hamis pr\u00f3f\u00e9t\u00e1k fognak sokakat f\u00e9lrevezetni, s ez azzal fenyeget, hogy kialszik a sz\u00edvekben a szeretet, amely szeretet az evang\u00e9lium l\u00e9nyege.<\/p>\n<p><em><strong>A hamis pr\u00f3f\u00e9t\u00e1k<\/strong><\/em><\/p>\n<p>Hallgassuk meg ezt a r\u00e9szt \u00e9s tegy\u00fck fel a k\u00e9rd\u00e9st: milyen form\u00e1kat \u00f6ltenek a hamis pr\u00f3f\u00e9t\u00e1k?<\/p>\n<p>Olyanok, mint a \u201ek\u00edgy\u00f3b\u0171v\u00f6l\u0151k&#8221;, vagyis kihaszn\u00e1lj\u00e1k az emberi \u00e9rzelmeket, hogy rabszolg\u00e1jukk\u00e1 tegy\u00e9k \u00e9s oda vigy\u00e9k \u0151ket, ahova csak akarj\u00e1k. Isten h\u00e1ny \u00e9s h\u00e1ny gyermek\u00e9t b\u0171v\u00f6lik el a pillanatnyi gy\u00f6ny\u00f6r\u00f6k cs\u00e1b\u00edt\u00e1sai, amit boldogs\u00e1gnak hisznek! H\u00e1ny f\u00e9rfi \u00e9s n\u0151 \u00e9l a p\u00e9nz ill\u00fazi\u00f3j\u00e1nak var\u00e1zs\u00e1ban, amely val\u00f3j\u00e1ban a haszon vagy az aljas \u00e9rdekek rabszolg\u00e1iv\u00e1 teszi \u0151ket! H\u00e1nyan vannak, akik azt hiszik: el\u00e9g, ha csak maguknak \u00e9lnek, azut\u00e1n a mag\u00e1ny \u00e1ldozataiv\u00e1 v\u00e1lnak!<\/p>\n<p>Azok a \u201esarlat\u00e1nok&#8221; is hamis pr\u00f3f\u00e9t\u00e1k, akik egyszer\u0171 \u00e9s azonnali megold\u00e1sokat k\u00edn\u00e1lnak a szenved\u00e9sekre, olyan gy\u00f3gy\u00edrt, ami azonban teljesen hat\u00e1stalannak bizonyul. H\u00e1ny \u00e9s h\u00e1ny fiatalnak k\u00edn\u00e1lj\u00e1k hamis megold\u00e1sk\u00e9nt a k\u00e1b\u00edt\u00f3szert, az \u201eegyszer haszn\u00e1latos&#8221; kapcsolatokat, a k\u00f6nny\u0171, de becstelen p\u00e9nzszerz\u00e9st! H\u00e1nyan vannak, akiket h\u00e1l\u00f3j\u00e1ba vont a teljesen virtu\u00e1lis \u00e9let, ahol a kapcsolatok k\u00f6nny\u0171nek \u00e9s gyorsnak t\u0171nnek, hogy azut\u00e1n dr\u00e1maian bebizonyosodjon: nincsen semmi \u00e9rtelm\u00fck. Ezek a csal\u00f3k, akik \u00e9rt\u00e9ktelen dolgokat k\u00edn\u00e1lnak, elveszik cser\u00e9be azt, ami sokkal \u00e9rt\u00e9kesebb: a m\u00e9lt\u00f3s\u00e1got, a szabads\u00e1got \u00e9s a szeretetre val\u00f3 k\u00e9pess\u00e9get. A hi\u00fas\u00e1g csapd\u00e1ja ez, amikor a p\u00e1va szerep\u00e9t j\u00e1tsszuk, azut\u00e1n nevets\u00e9gess\u00e9 v\u00e1lunk, s onnan nem lehet visszafordulni. Nem kell ezen csod\u00e1lkozni: az \u00f6rd\u00f6g, aki \u201ehazug \u00e9s a hazugs\u00e1g atyja&#8221; (Jn 8,44) mindig j\u00f3k\u00e9nt mutatja be a rosszat \u00e9s igazk\u00e9nt a hamisat, hogy \u00f6sszezavarja az ember sz\u00edv\u00e9t. Mindny\u00e1junk sz\u00e1m\u00e1ra feladat ez\u00e9rt sz\u00edv\u00fcnkben megvizsg\u00e1lni, nem fenyegetnek-e ezeknek a hamis pr\u00f3f\u00e9t\u00e1knak a hazugs\u00e1gai. Meg kell tanulnunk, hogy ne \u00e1lljunk meg az azonnali, felsz\u00ednes szinten, hanem ismerj\u00fck fel, mi hagy benn\u00fcnk j\u00f3 \u00e9s tart\u00f3s nyomot, mivel Istent\u0151l j\u00f6n \u00e9s val\u00f3ban a javunkra szolg\u00e1l.<\/p>\n<p><em><strong>A hideg sz\u00edv<\/strong><\/em><\/p>\n<p>Dante Alighieri \u00fagy \u00edrja le a poklot, hogy a k\u00f6zep\u00e9n der\u00e9kig j\u00e9gbe van fagyva a s\u00e1t\u00e1n, aki az elfojtott szeretet dermeszt\u0151 l\u00e9gk\u00f6r\u00e9ben \u00e9l. Tegy\u00fck fel teh\u00e1t a k\u00e9rd\u00e9seket: Hogyan h\u0171lhet ki benn\u00fcnk a szeretet? Mik a jelei annak, hogy kialudni k\u00e9sz\u00fcl benn\u00fcnk a l\u00e1ngja?<\/p>\n<p>Ami elfojtja a szeretetet, az els\u0151sorban a p\u00e9nz ir\u00e1nti moh\u00f3 v\u00e1gy, \u201eminden baj gy\u00f6kere&#8221; (1Tim 6,10). Ezt k\u00f6veti az Isten elutas\u00edt\u00e1sa, amivel egy\u00fctt j\u00e1r a t\u0151le j\u00f6v\u0151 vigasz elh\u00e1r\u00edt\u00e1sa is, amikor ink\u00e1bb a rem\u00e9nytelens\u00e9get v\u00e1lasztjuk, semmint Ig\u00e9j\u00e9nek \u00e9s szents\u00e9geinek vigasztal\u00e1s\u00e1t. Mindez er\u0151szakk\u00e1 v\u00e1lik azokkal szemben, akikre \u00fagy tekint\u00fcnk, mint fenyeget\u00e9sre a magunk \u201ebizonyoss\u00e1gai&#8221; szempontj\u00e1b\u00f3l: a meg nem sz\u00fcletett gyerekekkel, az id\u0151s, beteg emberekkel, az \u00e1tutaz\u00f3 vend\u00e9ggel, az idegennel szemben, de azzal a felebar\u00e1tunkkal szemben is, aki nem felel meg az elv\u00e1r\u00e1sainknak.<\/p>\n<p>A teremtett vil\u00e1g is csendben tan\u00faskodik a szeretet eme kih\u0171l\u00e9s\u00e9r\u0151l: a f\u00f6ldet megm\u00e9rgezte az ember a gondatlanul, odafigyel\u00e9s n\u00e9lk\u00fcl elhajig\u00e1lt szem\u00e9ttel; a tengereknek, amelyek sajnos szint\u00e9n szennyezettek, a k\u00e9nyszer\u0171 migr\u00e1ci\u00f3 sz\u00e1mos haj\u00f3t\u00f6r\u00f6ttj\u00e9nek maradv\u00e1nyait is el kell fedni\u00fck; az egeket, amelyek Isten terve szerint az \u0151 dics\u0151s\u00e9g\u00e9t \u00e9neklik, olyan g\u00e9pek \u201esz\u00e1ntj\u00e1k&#8221;, amelyekb\u0151l hal\u00e1lt hoz\u00f3 eszk\u00f6z\u00f6k hullnak al\u00e1.<\/p>\n<p>K\u00f6z\u00f6ss\u00e9geinkben is egyre ink\u00e1bb kih\u0171l a szeretet. Evangelii gaudium kezdet\u0171 apostoli buzd\u00edt\u00e1somban igyekeztem le\u00edrni e szeretet hi\u00e1ny\u00e1nak legnyilv\u00e1nval\u00f3bb jeleit. Ezek: az \u00f6nz\u0151 lustas\u00e1g, a term\u00e9ketlen pesszimizmus, az elszigetel\u0151d\u00e9s \u00e9s a folytonos testv\u00e9rh\u00e1bor\u00fak k\u00eds\u00e9rt\u00e9se, a vil\u00e1gias gondolkod\u00e1s, ami arra vezet, hogy csak a l\u00e1tszattal foglalkozzunk, \u00e9s \u00edgy leh\u0171ts\u00fck a k\u00fcldet\u00e9s\u00fcnk hev\u00e9t.<\/p>\n<p><em><strong>Mit tegy\u00fcnk?<\/strong><\/em><\/p>\n<p>Ha megl\u00e1tjuk magunkban \u00e9s magunk k\u00f6r\u00fcl a most le\u00edrt jeleket, akkor ezekre az Egyh\u00e1z, \u00e9desany\u00e1nk \u00e9s tan\u00edt\u00f3nk, az igazs\u00e1g olykor keser\u0171 gy\u00f3gyszer\u00e9vel egy\u00fctt felk\u00edn\u00e1lja sz\u00e1munkra a mostani nagyb\u00f6jti id\u0151szakban az im\u00e1ds\u00e1g, az alamizsn\u00e1lkod\u00e1s \u00e9s a b\u00f6jt \u00e9des seg\u00edts\u00e9g\u00e9t.<\/p>\n<p>Ha t\u00f6bb id\u0151t sz\u00e1nunk az im\u00e1ds\u00e1gra, lehet\u0151s\u00e9get adunk a sz\u00edv\u00fcnknek, hogy felfedezze azokat a titkos hazugs\u00e1gokat, amelyekkel \u00f6nmagunkat csapjuk be, hogy v\u00e9gre Istenn\u00e9l keress\u00fcnk vigaszt. \u0150 a mi Aty\u00e1nk, aki az \u00e9letet akarja sz\u00e1munkra.<\/p>\n<p>Az alamizsn\u00e1lkod\u00e1s gyakorl\u00e1sa \u00e1ltal megszabadulhatunk a kapzsis\u00e1gt\u00f3l \u00e9s felfedezhetj\u00fck, hogy a m\u00e1sik ember a testv\u00e9r\u00fcnk: amim van, soha nem teljesen az eny\u00e9m. Mennyire szeretn\u00e9m, hogy az adakoz\u00e1s val\u00f3di \u00e9letst\u00edluss\u00e1 v\u00e1lj\u00e9k mindenkiben! B\u00e1rcsak k\u00f6vetn\u00e9nk kereszt\u00e9nyekk\u00e9nt az apostolok p\u00e9ld\u00e1j\u00e1t, \u00e9s megl\u00e1tn\u00e1nk a m\u00e1sokkal val\u00f3 osztoz\u00e1s lehet\u0151s\u00e9g\u00e9ben az Egyh\u00e1zban meg\u00e9lt k\u00f6z\u00f6ss\u00e9g k\u00e9zzelfoghat\u00f3 tan\u00fas\u00e1gt\u00e9tel\u00e9t. Ennek kapcs\u00e1n felid\u00e9zem Szent P\u00e1l felsz\u00f3l\u00edt\u00e1s\u00e1t, amikor a korintusi h\u00edvekhez fordult a jeruzs\u00e1lemi k\u00f6z\u00f6ss\u00e9gnek sz\u00e1nt p\u00e9nzgy\u0171jt\u00e9s \u00fcgy\u00e9ben: \u201e &#8230;mert javatokra v\u00e1lik&#8221; (2Kor 8,10). Ez k\u00fcl\u00f6n\u00f6sen is igaz nagyb\u00f6jtre, amikor sz\u00e1mos szervezet tart gy\u0171jt\u00e9st neh\u00e9z helyzetben l\u00e9v\u0151 egyh\u00e1zaknak \u00e9s n\u00e9peknek. B\u00e1rcsak mindennapi kapcsolatainkban is, minden olyan testv\u00e9r\u00fcnkkel szemben, aki seg\u00edts\u00e9get k\u00e9r, arra gondoln\u00e1nk, hogy ez egy felh\u00edv\u00e1s a Gondvisel\u00e9s r\u00e9sz\u00e9r\u0151l. Minden adakoz\u00e1s alkalom sz\u00e1munkra, hogy r\u00e9szt vegy\u00fcnk abban, ahogyan Isten gondj\u00e1t viseli gyermekeinek. Ha ma engem haszn\u00e1l fel arra, hogy seg\u00edtsen egy testv\u00e9remen, hogyne gondoskodna az \u00e9n sz\u00fcks\u00e9gemr\u0151l is legk\u00f6zelebb \u0151, akit senki nem m\u00falhat fel\u00fcl nagylelk\u0171s\u00e9gben?<\/p>\n<p>V\u00e9g\u00fcl a b\u00f6jt elveszi az er\u0151t az er\u0151szakb\u00f3l, lefegyverez minket, jelent\u0151s alkalmat szolg\u00e1ltat r\u00e1, hogy l\u00e9lekben n\u00f6vekedj\u00fcnk. Egyr\u00e9szt lehet\u0151s\u00e9g\u00fcnk ny\u00edlik r\u00e1, hogy meg\u00e9rts\u00fck: mit tapasztalnak azok, akiknek a legsz\u00fcks\u00e9gesebb dolgok is hi\u00e1nyoznak \u00e9s ismerik a napi \u00e9hez\u00e9s gy\u00f6trelmeit, m\u00e1sr\u00e9szt kifejez\u00e9sre juttatja lelk\u00fcnk \u00e1llapot\u00e1t, amely Isten j\u00f3s\u00e1g\u00e1ra \u00e9hezik \u00e9s Isten \u00e9let\u00e9re szomjazik. A b\u00f6jt felr\u00e1z, figyelmesebb\u00e9 tesz minket Isten \u00e9s a felebar\u00e1taink ir\u00e1nt, felkelti akaratunkat, hogy engedelmeskedj\u00fcnk Istennek, aki egyed\u00fcl k\u00e9pes bet\u00f6lteni \u00e9hs\u00e9g\u00fcnket.<\/p>\n<p>Szeretn\u00e9m, ha a hangom eljutna a Katolikus Egyh\u00e1zon k\u00edv\u00fclre is, ha eljutna mindannyi\u00f3tokhoz, j\u00f3 sz\u00e1nd\u00e9k\u00fa f\u00e9rfiak \u00e9s n\u0151k, akik nyitottak vagytok Istent meghallgatni. Ha benneteket is szomor\u00fas\u00e1ggal t\u00f6lt el a vil\u00e1gon eluralkod\u00f3 igazs\u00e1gtalans\u00e1g, ha benneteket is aggaszt az a fagyos leveg\u0151, amely megb\u00e9n\u00edtja a sz\u00edveket \u00e9s a tetteket, ha \u00fagy l\u00e1tj\u00e1tok, hogy megfogyatkozott a k\u00f6z\u00f6s embers\u00e9g \u00e9rtelme, akkor csatlakozzatok hozz\u00e1nk, hogy egy\u00fctt sz\u00f3l\u00edtsuk Istent, egy\u00fctt b\u00f6jt\u00f6lj\u00fcnk \u00e9s egy\u00fctt adakozzunk testv\u00e9reink megseg\u00edt\u00e9s\u00e9re!<\/p>\n<p><em><strong>H\u00fasv\u00e9t t\u00fcze<\/strong><\/em><\/p>\n<p>F\u0151k\u00e9nt az Egyh\u00e1z tagjait h\u00edvom, hogy lend\u00fclettel v\u00e1gjanak neki a nagyb\u00f6jt \u00fatj\u00e1nak, \u00e9s t\u00e1maszkodjanak az alamizsn\u00e1ra, a b\u00f6jtre \u00e9s az im\u00e1ra. Ha olykor \u00fagy t\u0171nik is, hogy sok sz\u00edvben kialszik a szeretet, soha nem huny ki Isten sz\u00edv\u00e9ben! \u0150 mindig ny\u00fajt sz\u00e1munkra \u00faj alkalmakat, hogy \u00fajra elkezdhess\u00fcnk szeretni.<\/p>\n<p>Kiv\u00e1l\u00f3 alkalom lesz id\u00e9n is erre a \u201e24 \u00f3ra az \u00dar\u00e9rt&#8221; kezdem\u00e9nyez\u00e9s, amely arra h\u00edv benn\u00fcnket, hogy a kiengesztel\u0151d\u00e9s szents\u00e9g\u00e9t a szents\u00e9gim\u00e1d\u00e1s keret\u00e9ben \u00fcnnepelj\u00fck meg. 2018-ban ez m\u00e1rcius 9-\u00e9re, p\u00e9ntekre \u00e9s m\u00e1rcius 10-\u00e9re, szombatra esik, a 130. zsolt\u00e1r 4. vers\u00e9b\u0151l mer\u00edtve ihletet: \u201en\u00e1lad bocs\u00e1natot nyer a v\u00e9tek&#8221;. Minden egyh\u00e1zmegy\u00e9ben legal\u00e1bb egy templom nyitva fog maradni 24 \u00f3r\u00e1ra folyamatosan, hogy alkalmat ny\u00fajtson a szents\u00e9gim\u00e1d\u00e1sra \u00e9s a szents\u00e9gi gy\u00f3n\u00e1sra.<\/p>\n<p>H\u00fasv\u00e9t \u00e9jszak\u00e1j\u00e1n \u00fajra \u00e1t\u00e9lj\u00fck majd a h\u00fasv\u00e9ti gyertya meggy\u00fajt\u00e1s\u00e1nak nagy hat\u00e1s\u00fa szertart\u00e1s\u00e1t: az \u201e\u00faj t\u0171zb\u0151l&#8221; vett f\u00e9ny lassank\u00e9nt el fogja \u0171zni a s\u00f6t\u00e9ts\u00e9get \u00e9s megvil\u00e1g\u00edtja majd a liturgi\u00e1n r\u00e9szt vev\u0151 k\u00f6z\u00f6ss\u00e9get. \u201eA dics\u0151s\u00e9gesen felt\u00e1madt Krisztus vil\u00e1goss\u00e1ga oszlassa sz\u00e9t sz\u00edv\u00fcnk \u00e9s elm\u00e9nk hom\u00e1ly\u00e1t&#8221;, hogy mindny\u00e1jan \u00fajra \u00e1t\u00e9lhess\u00fck az emmauszi tan\u00edtv\u00e1nyok tapasztalat\u00e1t: meghallgassuk az \u00dar szav\u00e1t \u00e9s magunkhoz vegy\u00fck az Eucharisztia Kenyer\u00e9t, s akkor a sz\u00edv\u00fcnkben \u00fajra fell\u00e1ngol a hit, a rem\u00e9ny \u00e9s a szeretet.<\/p>\n<p>Meg\u00e1ldalak benneteket \u00e9s im\u00e1dkozom \u00e9rtetek. Ne feledkezzetek meg r\u00f3la, hogy im\u00e1dkozzatok \u00e9rtem.<\/p>\n<p style=\"text-align: right;\"><em>Vatik\u00e1n, 2017. november 1., mindenszentek \u00fcnnep\u00e9n<\/em><\/p>\n<p style=\"text-align: right;\"><strong>FERENC<\/strong><\/p>\n<p style=\"text-align: right;\"><em>Forr\u00e1s: MKPK Sajt\u00f3szolg\u00e1lat<\/em><br \/><em>Fot\u00f3: Vatican News<\/em><br \/><em><a href=\"https:\/\/www.magyarkurir.hu\/hirek\/ferenc-papa-nagybojti-uzenete-gonoszsag-megsokasodasa-miatt-sokakban-kihul-szeretet\" target=\"_blank\">Magyar Kur\u00edr<\/a><\/em><\/p>\n","protected":false},"excerpt":{"rendered":"<p>Ferenc p\u00e1pa nagyb\u00f6jti \u00fczenete \u2013 \u201eA gonoszs\u00e1g megsokasod\u00e1sa miatt sokakban kih\u0171l a szeretet\u201d A Szentatya \u00e9vr\u0151l \u00e9vre \u00fczenetet int\u00e9z a katolikus h\u00edvekhez a nagyb\u00f6jt kezdet\u00e9n. Hagyom\u00e1nyos nagyb\u00f6jti \u00fczenet\u00e9nek t\u00e9m\u00e1ja 2018-ban: \u201eA gonoszs\u00e1g megsokasod\u00e1sa miatt sokakban kih\u0171l a szeretet&#8221; (Mt 24,12).<\/p>\n","protected":false},"author":1,"featured_media":1694,"comment_status":"open","ping_status":"open","sticky":false,"template":"","format":"standard","meta":{"_acf_changed":false,"_et_pb_use_builder":"","_et_pb_old_content":"","_et_gb_content_width":"","footnotes":""},"categories":[60],"tags":[],"class_list":["post-1695","post","type-post","status-publish","format-standard","has-post-thumbnail","hentry","category-egyeb-egyhazi-hirek","et-has-post-format-content","et_post_format-et-post-format-standard"],"acf":[],"_links":{"self":[{"href":"https:\/\/munkacs-diocese.org\/hu\/wp-json\/wp\/v2\/posts\/1695"}],"collection":[{"href":"https:\/\/munkacs-diocese.org\/hu\/wp-json\/wp\/v2\/posts"}],"about":[{"href":"https:\/\/munkacs-diocese.org\/hu\/wp-json\/wp\/v2\/types\/post"}],"author":[{"embeddable":true,"href":"https:\/\/munkacs-diocese.org\/hu\/wp-json\/wp\/v2\/users\/1"}],"replies":[{"embeddable":true,"href":"https:\/\/munkacs-diocese.org\/hu\/wp-json\/wp\/v2\/comments?post=1695"}],"version-history":[{"count":1,"href":"https:\/\/munkacs-diocese.org\/hu\/wp-json\/wp\/v2\/posts\/1695\/revisions"}],"predecessor-version":[{"id":5503,"href":"https:\/\/munkacs-diocese.org\/hu\/wp-json\/wp\/v2\/posts\/1695\/revisions\/5503"}],"wp:featuredmedia":[{"embeddable":true,"href":"https:\/\/munkacs-diocese.org\/hu\/wp-json\/wp\/v2\/media\/1694"}],"wp:attachment":[{"href":"https:\/\/munkacs-diocese.org\/hu\/wp-json\/wp\/v2\/media?parent=1695"}],"wp:term":[{"taxonomy":"category","embeddable":true,"href":"https:\/\/munkacs-diocese.org\/hu\/wp-json\/wp\/v2\/categories?post=1695"},{"taxonomy":"post_tag","embeddable":true,"href":"https:\/\/munkacs-diocese.org\/hu\/wp-json\/wp\/v2\/tags?post=1695"}],"curies":[{"name":"wp","href":"https:\/\/api.w.org\/{rel}","templated":true}]}}