{"id":1691,"date":"2018-02-12T14:15:37","date_gmt":"2018-02-12T12:15:37","guid":{"rendered":"http:\/\/munkacs-diocese.org\/hu\/2018\/02\/12\/szent-marton-puespoek-a-katonak-dicssege-koenyoeroegj-ertuenk\/"},"modified":"2018-02-12T14:15:37","modified_gmt":"2018-02-12T12:15:37","slug":"szent-marton-puespoek-a-katonak-dicssege-koenyoeroegj-ertuenk","status":"publish","type":"post","link":"https:\/\/munkacs-diocese.org\/hu\/2018\/02\/12\/szent-marton-puespoek-a-katonak-dicssege-koenyoeroegj-ertuenk\/","title":{"rendered":"Szent M\u00e1rton p\u00fcsp\u00f6k, a katon\u00e1k dics\u0151s\u00e9ge \u2013 K\u00f6ny\u00f6r\u00f6gj \u00e9rt\u00fcnk!"},"content":{"rendered":"<div id=\"fb-root\"><\/div>\n<p style=\"text-align: center;\"><strong>Szent M\u00e1rton p\u00fcsp\u00f6k, a katon\u00e1k dics\u0151s\u00e9ge \u2013 K\u00f6ny\u00f6r\u00f6gj \u00e9rt\u00fcnk!<\/strong><\/p>\n<p><img loading=\"lazy\" decoding=\"async\" class=\" size-full wp-image-1690\" src=\"https:\/\/munkacs-diocese.org\/hu\/wp-content\/uploads\/2018\/02\/st-marton-2018.02.11.jpg\" alt=\"\" style=\"display: block; margin-left: auto; margin-right: auto;\" width=\"350\" height=\"499\" \/><\/p>\n","protected":false},"excerpt":{"rendered":"<p>Szent M\u00e1rton p\u00fcsp\u00f6k, a katon\u00e1k dics\u0151s\u00e9ge \u2013 K\u00f6ny\u00f6r\u00f6gj \u00e9rt\u00fcnk!<\/p>\n","protected":false},"author":1,"featured_media":1690,"comment_status":"open","ping_status":"open","sticky":false,"template":"","format":"standard","meta":{"_acf_changed":false,"_et_pb_use_builder":"","_et_pb_old_content":"","_et_gb_content_width":"","footnotes":""},"categories":[48],"tags":[],"class_list":["post-1691","post","type-post","status-publish","format-standard","has-post-thumbnail","hentry","category-kepek-szent-martonrol","et-has-post-format-content","et_post_format-et-post-format-standard"],"acf":[],"_links":{"self":[{"href":"https:\/\/munkacs-diocese.org\/hu\/wp-json\/wp\/v2\/posts\/1691"}],"collection":[{"href":"https:\/\/munkacs-diocese.org\/hu\/wp-json\/wp\/v2\/posts"}],"about":[{"href":"https:\/\/munkacs-diocese.org\/hu\/wp-json\/wp\/v2\/types\/post"}],"author":[{"embeddable":true,"href":"https:\/\/munkacs-diocese.org\/hu\/wp-json\/wp\/v2\/users\/1"}],"replies":[{"embeddable":true,"href":"https:\/\/munkacs-diocese.org\/hu\/wp-json\/wp\/v2\/comments?post=1691"}],"version-history":[{"count":0,"href":"https:\/\/munkacs-diocese.org\/hu\/wp-json\/wp\/v2\/posts\/1691\/revisions"}],"wp:featuredmedia":[{"embeddable":true,"href":"https:\/\/munkacs-diocese.org\/hu\/wp-json\/wp\/v2\/media\/1690"}],"wp:attachment":[{"href":"https:\/\/munkacs-diocese.org\/hu\/wp-json\/wp\/v2\/media?parent=1691"}],"wp:term":[{"taxonomy":"category","embeddable":true,"href":"https:\/\/munkacs-diocese.org\/hu\/wp-json\/wp\/v2\/categories?post=1691"},{"taxonomy":"post_tag","embeddable":true,"href":"https:\/\/munkacs-diocese.org\/hu\/wp-json\/wp\/v2\/tags?post=1691"}],"curies":[{"name":"wp","href":"https:\/\/api.w.org\/{rel}","templated":true}]}}