{"id":16265,"date":"2026-09-04T13:00:37","date_gmt":"2026-09-04T11:00:37","guid":{"rendered":"https:\/\/munkacs-diocese.org\/hu\/?p=16265"},"modified":"2026-09-04T13:09:48","modified_gmt":"2026-09-04T11:09:48","slug":"lucsok-miklos-op-puspok-a-pasztoralis-ev-kezdeten-a-szentlelek-egy-testbe-gyujtott-ossze-bennunket-ebben-az-egyhazmegyeben","status":"publish","type":"post","link":"https:\/\/munkacs-diocese.org\/hu\/2026\/09\/04\/lucsok-miklos-op-puspok-a-pasztoralis-ev-kezdeten-a-szentlelek-egy-testbe-gyujtott-ossze-bennunket-ebben-az-egyhazmegyeben\/","title":{"rendered":"Lucsok Mikl\u00f3s OP p\u00fcsp\u00f6k a pasztor\u00e1lis \u00e9v kezdet\u00e9n: \u201eA Szentl\u00e9lek egy testbe gy\u0171jt\u00f6tt \u00f6ssze benn\u00fcnket ebben az egyh\u00e1zmegy\u00e9ben\u201d"},"content":{"rendered":"<div id=\"fb-root\"><\/div>\n<p><strong>Szeptember 2-\u00e1n Lucsok Mikl\u00f3s OP, a Munk\u00e1csi R\u00f3mai Katolikus Egyh\u00e1zmegye ordin\u00e1riusa \u00a0a pasztor\u00e1lis (lelkip\u00e1sztori) \u00e9v kezdete alkalm\u00e1b\u00f3l tal\u00e1lkozott a paps\u00e1ggal, a szerzetesn\u0151v\u00e9rekkel \u00e9s a megszentelt \u00e9letet \u00e9l\u0151 szem\u00e9lyekkel.<\/strong><\/p>\n<p>Az esem\u00e9ny szentmis\u00e9vel kezd\u0151d\u00f6tt a Tours-i Szent M\u00e1rton-sz\u00e9kesegyh\u00e1zban, ahol a jelenl\u00e9v\u0151k k\u00f6z\u00f6s im\u00e1ban egyes\u00fcltek, megeml\u00e9kezve azokr\u00f3l is, akik komoly okok miatt nem tudtak jelen lenni. Ez az alkalom lehet\u0151s\u00e9get adott arra, hogy h\u00e1l\u00e1t adjanak Istennek a ny\u00e1ri sz\u00fcnet\u00e9rt, a k\u00fcl\u00f6nf\u00e9le utaz\u00e1sok\u00e9rt \u00e9s t\u00e1borok\u00e9rt, a fiatalok\u00e9rt \u00e9s gyermekek\u00e9rt, a j\u00f3tev\u0151k\u00e9rt \u2013 \u00e9s minden kapott \u00e1ld\u00e1s\u00e9rt.<\/p>\n\n\t\t<style type=\"text\/css\">\n\t\t\t#gallery-1 {\n\t\t\t\tmargin: auto;\n\t\t\t}\n\t\t\t#gallery-1 .gallery-item {\n\t\t\t\tfloat: left;\n\t\t\t\tmargin-top: 10px;\n\t\t\t\ttext-align: center;\n\t\t\t\twidth: 33%;\n\t\t\t}\n\t\t\t#gallery-1 img {\n\t\t\t\tborder: 2px solid #cfcfcf;\n\t\t\t}\n\t\t\t#gallery-1 .gallery-caption {\n\t\t\t\tmargin-left: 0;\n\t\t\t}\n\t\t\t\/* see gallery_shortcode() in wp-includes\/media.php *\/\n\t\t<\/style>\n\t\t<div id='gallery-1' class='gallery galleryid-16265 gallery-columns-3 gallery-size-full'><dl class='gallery-item'>\n\t\t\t<dt class='gallery-icon landscape'>\n\t\t\t\t<a href='https:\/\/munkacs-diocese.org\/hu\/wp-content\/uploads\/2026\/09\/2026.09.02-poch.katehytychnogo-roku-mukachevo-002.jpg'><img loading=\"lazy\" decoding=\"async\" width=\"1382\" height=\"922\" src=\"https:\/\/munkacs-diocese.org\/hu\/wp-content\/uploads\/2026\/09\/2026.09.02-poch.katehytychnogo-roku-mukachevo-002.jpg\" class=\"attachment-full size-full\" alt=\"\" srcset=\"https:\/\/munkacs-diocese.org\/hu\/wp-content\/uploads\/2026\/09\/2026.09.02-poch.katehytychnogo-roku-mukachevo-002.jpg 1382w, https:\/\/munkacs-diocese.org\/hu\/wp-content\/uploads\/2026\/09\/2026.09.02-poch.katehytychnogo-roku-mukachevo-002-300x200.jpg 300w, https:\/\/munkacs-diocese.org\/hu\/wp-content\/uploads\/2026\/09\/2026.09.02-poch.katehytychnogo-roku-mukachevo-002-1024x683.jpg 1024w, https:\/\/munkacs-diocese.org\/hu\/wp-content\/uploads\/2026\/09\/2026.09.02-poch.katehytychnogo-roku-mukachevo-002-768x512.jpg 768w, https:\/\/munkacs-diocese.org\/hu\/wp-content\/uploads\/2026\/09\/2026.09.02-poch.katehytychnogo-roku-mukachevo-002-1080x721.jpg 1080w\" sizes=\"(max-width: 1382px) 100vw, 1382px\" \/><\/a>\n\t\t\t<\/dt><\/dl><dl class='gallery-item'>\n\t\t\t<dt class='gallery-icon landscape'>\n\t\t\t\t<a href='https:\/\/munkacs-diocese.org\/hu\/wp-content\/uploads\/2026\/09\/2026.09.02-poch.katehytychnogo-roku-mukachevo-003.jpg'><img loading=\"lazy\" decoding=\"async\" width=\"1382\" height=\"922\" src=\"https:\/\/munkacs-diocese.org\/hu\/wp-content\/uploads\/2026\/09\/2026.09.02-poch.katehytychnogo-roku-mukachevo-003.jpg\" class=\"attachment-full size-full\" alt=\"\" srcset=\"https:\/\/munkacs-diocese.org\/hu\/wp-content\/uploads\/2026\/09\/2026.09.02-poch.katehytychnogo-roku-mukachevo-003.jpg 1382w, https:\/\/munkacs-diocese.org\/hu\/wp-content\/uploads\/2026\/09\/2026.09.02-poch.katehytychnogo-roku-mukachevo-003-300x200.jpg 300w, https:\/\/munkacs-diocese.org\/hu\/wp-content\/uploads\/2026\/09\/2026.09.02-poch.katehytychnogo-roku-mukachevo-003-1024x683.jpg 1024w, https:\/\/munkacs-diocese.org\/hu\/wp-content\/uploads\/2026\/09\/2026.09.02-poch.katehytychnogo-roku-mukachevo-003-768x512.jpg 768w, https:\/\/munkacs-diocese.org\/hu\/wp-content\/uploads\/2026\/09\/2026.09.02-poch.katehytychnogo-roku-mukachevo-003-1080x721.jpg 1080w\" sizes=\"(max-width: 1382px) 100vw, 1382px\" \/><\/a>\n\t\t\t<\/dt><\/dl><dl class='gallery-item'>\n\t\t\t<dt class='gallery-icon landscape'>\n\t\t\t\t<a href='https:\/\/munkacs-diocese.org\/hu\/wp-content\/uploads\/2026\/09\/2026.09.02-poch.katehytychnogo-roku-mukachevo-004.jpg'><img loading=\"lazy\" decoding=\"async\" width=\"1382\" height=\"922\" src=\"https:\/\/munkacs-diocese.org\/hu\/wp-content\/uploads\/2026\/09\/2026.09.02-poch.katehytychnogo-roku-mukachevo-004.jpg\" class=\"attachment-full size-full\" alt=\"\" srcset=\"https:\/\/munkacs-diocese.org\/hu\/wp-content\/uploads\/2026\/09\/2026.09.02-poch.katehytychnogo-roku-mukachevo-004.jpg 1382w, https:\/\/munkacs-diocese.org\/hu\/wp-content\/uploads\/2026\/09\/2026.09.02-poch.katehytychnogo-roku-mukachevo-004-300x200.jpg 300w, https:\/\/munkacs-diocese.org\/hu\/wp-content\/uploads\/2026\/09\/2026.09.02-poch.katehytychnogo-roku-mukachevo-004-1024x683.jpg 1024w, https:\/\/munkacs-diocese.org\/hu\/wp-content\/uploads\/2026\/09\/2026.09.02-poch.katehytychnogo-roku-mukachevo-004-768x512.jpg 768w, https:\/\/munkacs-diocese.org\/hu\/wp-content\/uploads\/2026\/09\/2026.09.02-poch.katehytychnogo-roku-mukachevo-004-1080x721.jpg 1080w\" sizes=\"(max-width: 1382px) 100vw, 1382px\" \/><\/a>\n\t\t\t<\/dt><\/dl><br style=\"clear: both\" \/>\n\t\t<\/div>\n\n<p>Szentbesz\u00e9d\u00e9ben Mikl\u00f3s p\u00fcsp\u00f6k az egyh\u00e1zmegyei papi k\u00f6z\u00f6ss\u00e9g \u00e9p\u00edt\u00e9s\u00e9nek fontoss\u00e1g\u00e1t, valamint az \u00e9l\u0151 kapcsolatok sz\u00fcks\u00e9gess\u00e9g\u00e9t hangs\u00falyozta. Ez a papt\u00e1rsakkal, a szerzetesn\u0151v\u00e9rekkel, a p\u00fcsp\u00f6kkel \u00e9s a t\u00f6bbi emberrel val\u00f3 kapcsolatok \u00e9p\u00edt\u00e9s\u00e9re egyar\u00e1nt vonatkozik. K\u00fcl\u00f6n\u00f6sen napjainkban, hiszen \u201ea mesters\u00e9ges intelligencia korszak\u00e1ban \u00e9l\u00fcnk\u201d. A p\u00fcsp\u00f6k atya megeml\u00edtette XIV. Le\u00f3 p\u00e1pa <span style=\"color: #0000ff;\">\u201e<a style=\"color: #0000ff;\" href=\"https:\/\/munkacs-diocese.org\/hu\/2026\/05\/21\/magnifica-humanitas-punkosdhetfon-jelenik-meg-xiv-leo-papa-elso-enciklikaja\/\" target=\"_blank\" rel=\"noopener\">Magnifica Humanitas<\/a>\u201d<\/span> c\u00edm\u0171 enciklik\u00e1j\u00e1t is, amely a mesters\u00e9ges intelligenci\u00e1val foglalkozik. Ennek f\u00e9ny\u00e9ben mutatott r\u00e1 arra a vesz\u00e9lyre, hogy kapcsolataink mesters\u00e9gess\u00e9, \u201em\u0171anyagg\u00e1\u201d \u00a0v\u00e1lhatnak.<\/p>\n\n\t\t<style type=\"text\/css\">\n\t\t\t#gallery-2 {\n\t\t\t\tmargin: auto;\n\t\t\t}\n\t\t\t#gallery-2 .gallery-item {\n\t\t\t\tfloat: left;\n\t\t\t\tmargin-top: 10px;\n\t\t\t\ttext-align: center;\n\t\t\t\twidth: 50%;\n\t\t\t}\n\t\t\t#gallery-2 img {\n\t\t\t\tborder: 2px solid #cfcfcf;\n\t\t\t}\n\t\t\t#gallery-2 .gallery-caption {\n\t\t\t\tmargin-left: 0;\n\t\t\t}\n\t\t\t\/* see gallery_shortcode() in wp-includes\/media.php *\/\n\t\t<\/style>\n\t\t<div id='gallery-2' class='gallery galleryid-16265 gallery-columns-2 gallery-size-full'><dl class='gallery-item'>\n\t\t\t<dt class='gallery-icon landscape'>\n\t\t\t\t<a href='https:\/\/munkacs-diocese.org\/hu\/wp-content\/uploads\/2026\/09\/2026.09.02-poch.katehytychnogo-roku-mukachevo-012.jpg'><img loading=\"lazy\" decoding=\"async\" width=\"1382\" height=\"922\" src=\"https:\/\/munkacs-diocese.org\/hu\/wp-content\/uploads\/2026\/09\/2026.09.02-poch.katehytychnogo-roku-mukachevo-012.jpg\" class=\"attachment-full size-full\" alt=\"\" srcset=\"https:\/\/munkacs-diocese.org\/hu\/wp-content\/uploads\/2026\/09\/2026.09.02-poch.katehytychnogo-roku-mukachevo-012.jpg 1382w, https:\/\/munkacs-diocese.org\/hu\/wp-content\/uploads\/2026\/09\/2026.09.02-poch.katehytychnogo-roku-mukachevo-012-300x200.jpg 300w, https:\/\/munkacs-diocese.org\/hu\/wp-content\/uploads\/2026\/09\/2026.09.02-poch.katehytychnogo-roku-mukachevo-012-1024x683.jpg 1024w, https:\/\/munkacs-diocese.org\/hu\/wp-content\/uploads\/2026\/09\/2026.09.02-poch.katehytychnogo-roku-mukachevo-012-768x512.jpg 768w, https:\/\/munkacs-diocese.org\/hu\/wp-content\/uploads\/2026\/09\/2026.09.02-poch.katehytychnogo-roku-mukachevo-012-1080x721.jpg 1080w\" sizes=\"(max-width: 1382px) 100vw, 1382px\" \/><\/a>\n\t\t\t<\/dt><\/dl><dl class='gallery-item'>\n\t\t\t<dt class='gallery-icon landscape'>\n\t\t\t\t<a href='https:\/\/munkacs-diocese.org\/hu\/wp-content\/uploads\/2026\/09\/2026.09.02-poch.katehytychnogo-roku-mukachevo-013.jpg'><img loading=\"lazy\" decoding=\"async\" width=\"1382\" height=\"922\" src=\"https:\/\/munkacs-diocese.org\/hu\/wp-content\/uploads\/2026\/09\/2026.09.02-poch.katehytychnogo-roku-mukachevo-013.jpg\" class=\"attachment-full size-full\" alt=\"\" srcset=\"https:\/\/munkacs-diocese.org\/hu\/wp-content\/uploads\/2026\/09\/2026.09.02-poch.katehytychnogo-roku-mukachevo-013.jpg 1382w, https:\/\/munkacs-diocese.org\/hu\/wp-content\/uploads\/2026\/09\/2026.09.02-poch.katehytychnogo-roku-mukachevo-013-300x200.jpg 300w, https:\/\/munkacs-diocese.org\/hu\/wp-content\/uploads\/2026\/09\/2026.09.02-poch.katehytychnogo-roku-mukachevo-013-1024x683.jpg 1024w, https:\/\/munkacs-diocese.org\/hu\/wp-content\/uploads\/2026\/09\/2026.09.02-poch.katehytychnogo-roku-mukachevo-013-768x512.jpg 768w, https:\/\/munkacs-diocese.org\/hu\/wp-content\/uploads\/2026\/09\/2026.09.02-poch.katehytychnogo-roku-mukachevo-013-1080x721.jpg 1080w\" sizes=\"(max-width: 1382px) 100vw, 1382px\" \/><\/a>\n\t\t\t<\/dt><\/dl><br style=\"clear: both\" \/>\n\t\t<\/div>\n\n<p>A mesters\u00e9ges intelligencia miatt elv\u00e9sz az ima lelk\u00fclete \u00e9s a felismer\u00e9s k\u00e9pess\u00e9ge, ez pedig oda vezet, hogy csup\u00e1n kiszolg\u00e1lunk \u00e9s robotolunk. Ez elszigetel\u0151d\u00e9shez vezethet: j\u00f3 egyed\u00fcl lenni, \u00e9s neh\u00e9z egy\u00fctt lenni. \u201eEgy m\u00e1sik emberrel nehezebb kapcsolatot \u00e9p\u00edteni, mint a mesters\u00e9ges intelligenci\u00e1val, de az emberi kapcsolat \u00e9l\u0151\u201d \u2013 \u00e9s \u00e9ppen ebben rejlik az \u00e9rt\u00e9ke.<\/p>\n\n\t\t<style type=\"text\/css\">\n\t\t\t#gallery-3 {\n\t\t\t\tmargin: auto;\n\t\t\t}\n\t\t\t#gallery-3 .gallery-item {\n\t\t\t\tfloat: left;\n\t\t\t\tmargin-top: 10px;\n\t\t\t\ttext-align: center;\n\t\t\t\twidth: 33%;\n\t\t\t}\n\t\t\t#gallery-3 img {\n\t\t\t\tborder: 2px solid #cfcfcf;\n\t\t\t}\n\t\t\t#gallery-3 .gallery-caption {\n\t\t\t\tmargin-left: 0;\n\t\t\t}\n\t\t\t\/* see gallery_shortcode() in wp-includes\/media.php *\/\n\t\t<\/style>\n\t\t<div id='gallery-3' class='gallery galleryid-16265 gallery-columns-3 gallery-size-full'><dl class='gallery-item'>\n\t\t\t<dt class='gallery-icon landscape'>\n\t\t\t\t<a href='https:\/\/munkacs-diocese.org\/hu\/wp-content\/uploads\/2026\/09\/2026.09.02-poch.katehytychnogo-roku-mukachevo-005.jpg'><img loading=\"lazy\" decoding=\"async\" width=\"1382\" height=\"922\" src=\"https:\/\/munkacs-diocese.org\/hu\/wp-content\/uploads\/2026\/09\/2026.09.02-poch.katehytychnogo-roku-mukachevo-005.jpg\" class=\"attachment-full size-full\" alt=\"\" srcset=\"https:\/\/munkacs-diocese.org\/hu\/wp-content\/uploads\/2026\/09\/2026.09.02-poch.katehytychnogo-roku-mukachevo-005.jpg 1382w, https:\/\/munkacs-diocese.org\/hu\/wp-content\/uploads\/2026\/09\/2026.09.02-poch.katehytychnogo-roku-mukachevo-005-300x200.jpg 300w, https:\/\/munkacs-diocese.org\/hu\/wp-content\/uploads\/2026\/09\/2026.09.02-poch.katehytychnogo-roku-mukachevo-005-1024x683.jpg 1024w, https:\/\/munkacs-diocese.org\/hu\/wp-content\/uploads\/2026\/09\/2026.09.02-poch.katehytychnogo-roku-mukachevo-005-768x512.jpg 768w, https:\/\/munkacs-diocese.org\/hu\/wp-content\/uploads\/2026\/09\/2026.09.02-poch.katehytychnogo-roku-mukachevo-005-1080x721.jpg 1080w\" sizes=\"(max-width: 1382px) 100vw, 1382px\" \/><\/a>\n\t\t\t<\/dt><\/dl><dl class='gallery-item'>\n\t\t\t<dt class='gallery-icon landscape'>\n\t\t\t\t<a href='https:\/\/munkacs-diocese.org\/hu\/wp-content\/uploads\/2026\/09\/2026.09.02-poch.katehytychnogo-roku-mukachevo-006.jpg'><img loading=\"lazy\" decoding=\"async\" width=\"1382\" height=\"922\" src=\"https:\/\/munkacs-diocese.org\/hu\/wp-content\/uploads\/2026\/09\/2026.09.02-poch.katehytychnogo-roku-mukachevo-006.jpg\" class=\"attachment-full size-full\" alt=\"\" srcset=\"https:\/\/munkacs-diocese.org\/hu\/wp-content\/uploads\/2026\/09\/2026.09.02-poch.katehytychnogo-roku-mukachevo-006.jpg 1382w, https:\/\/munkacs-diocese.org\/hu\/wp-content\/uploads\/2026\/09\/2026.09.02-poch.katehytychnogo-roku-mukachevo-006-300x200.jpg 300w, https:\/\/munkacs-diocese.org\/hu\/wp-content\/uploads\/2026\/09\/2026.09.02-poch.katehytychnogo-roku-mukachevo-006-1024x683.jpg 1024w, https:\/\/munkacs-diocese.org\/hu\/wp-content\/uploads\/2026\/09\/2026.09.02-poch.katehytychnogo-roku-mukachevo-006-768x512.jpg 768w, https:\/\/munkacs-diocese.org\/hu\/wp-content\/uploads\/2026\/09\/2026.09.02-poch.katehytychnogo-roku-mukachevo-006-1080x721.jpg 1080w\" sizes=\"(max-width: 1382px) 100vw, 1382px\" \/><\/a>\n\t\t\t<\/dt><\/dl><dl class='gallery-item'>\n\t\t\t<dt class='gallery-icon landscape'>\n\t\t\t\t<a href='https:\/\/munkacs-diocese.org\/hu\/wp-content\/uploads\/2026\/09\/2026.09.02-poch.katehytychnogo-roku-mukachevo-007.jpg'><img loading=\"lazy\" decoding=\"async\" width=\"1382\" height=\"922\" src=\"https:\/\/munkacs-diocese.org\/hu\/wp-content\/uploads\/2026\/09\/2026.09.02-poch.katehytychnogo-roku-mukachevo-007.jpg\" class=\"attachment-full size-full\" alt=\"\" srcset=\"https:\/\/munkacs-diocese.org\/hu\/wp-content\/uploads\/2026\/09\/2026.09.02-poch.katehytychnogo-roku-mukachevo-007.jpg 1382w, https:\/\/munkacs-diocese.org\/hu\/wp-content\/uploads\/2026\/09\/2026.09.02-poch.katehytychnogo-roku-mukachevo-007-300x200.jpg 300w, https:\/\/munkacs-diocese.org\/hu\/wp-content\/uploads\/2026\/09\/2026.09.02-poch.katehytychnogo-roku-mukachevo-007-1024x683.jpg 1024w, https:\/\/munkacs-diocese.org\/hu\/wp-content\/uploads\/2026\/09\/2026.09.02-poch.katehytychnogo-roku-mukachevo-007-768x512.jpg 768w, https:\/\/munkacs-diocese.org\/hu\/wp-content\/uploads\/2026\/09\/2026.09.02-poch.katehytychnogo-roku-mukachevo-007-1080x721.jpg 1080w\" sizes=\"(max-width: 1382px) 100vw, 1382px\" \/><\/a>\n\t\t\t<\/dt><\/dl><br style=\"clear: both\" \/>\n\t\t<\/div>\n\n<p>J\u00e9zusnak az Aty\u00e1hoz f\u0171z\u0151d\u0151 kapcsolata \u00e9s im\u00e1ds\u00e1ga p\u00e9ld\u00e1j\u00e1n a p\u00fcsp\u00f6k a kapcsolat els\u0151bbs\u00e9g\u00e9t hangs\u00falyozta a szolg\u00e1lattal szemben. J\u00e9zus elvonult a puszt\u00e1ba, hogy az Aty\u00e1val legyen. \u201e Maradjon meg benn\u00fcnk ez a k\u00e9p, hogy folyamatosan keress\u00fck az id\u0151t az Aty\u00e1val, J\u00e9zussal val\u00f3 egy\u00fcttl\u00e9tre, hogy meghalljuk k\u00fcldet\u00e9s\u00fcnket. A Szentl\u00e9lek egy testbe gy\u0171jt\u00f6tt \u00f6ssze benn\u00fcnket ebben az egyh\u00e1zmegy\u00e9ben. \u0150 elvezet minket annak felismer\u00e9s\u00e9re, hogy ez a mi k\u00fcldet\u00e9s\u00fcnk, egyh\u00e1zmegy\u00e9nk \u2013 ez egy \u00e9l\u0151 szervezet\u201d \u2013 de mindenkinek megvan a saj\u00e1t misszi\u00f3ja.<\/p>\n\n\t\t<style type=\"text\/css\">\n\t\t\t#gallery-4 {\n\t\t\t\tmargin: auto;\n\t\t\t}\n\t\t\t#gallery-4 .gallery-item {\n\t\t\t\tfloat: left;\n\t\t\t\tmargin-top: 10px;\n\t\t\t\ttext-align: center;\n\t\t\t\twidth: 33%;\n\t\t\t}\n\t\t\t#gallery-4 img {\n\t\t\t\tborder: 2px solid #cfcfcf;\n\t\t\t}\n\t\t\t#gallery-4 .gallery-caption {\n\t\t\t\tmargin-left: 0;\n\t\t\t}\n\t\t\t\/* see gallery_shortcode() in wp-includes\/media.php *\/\n\t\t<\/style>\n\t\t<div id='gallery-4' class='gallery galleryid-16265 gallery-columns-3 gallery-size-full'><dl class='gallery-item'>\n\t\t\t<dt class='gallery-icon landscape'>\n\t\t\t\t<a href='https:\/\/munkacs-diocese.org\/hu\/wp-content\/uploads\/2026\/09\/2026.09.02-poch.katehytychnogo-roku-mukachevo-020.jpg'><img loading=\"lazy\" decoding=\"async\" width=\"1382\" height=\"922\" src=\"https:\/\/munkacs-diocese.org\/hu\/wp-content\/uploads\/2026\/09\/2026.09.02-poch.katehytychnogo-roku-mukachevo-020.jpg\" class=\"attachment-full size-full\" alt=\"\" srcset=\"https:\/\/munkacs-diocese.org\/hu\/wp-content\/uploads\/2026\/09\/2026.09.02-poch.katehytychnogo-roku-mukachevo-020.jpg 1382w, https:\/\/munkacs-diocese.org\/hu\/wp-content\/uploads\/2026\/09\/2026.09.02-poch.katehytychnogo-roku-mukachevo-020-300x200.jpg 300w, https:\/\/munkacs-diocese.org\/hu\/wp-content\/uploads\/2026\/09\/2026.09.02-poch.katehytychnogo-roku-mukachevo-020-1024x683.jpg 1024w, https:\/\/munkacs-diocese.org\/hu\/wp-content\/uploads\/2026\/09\/2026.09.02-poch.katehytychnogo-roku-mukachevo-020-768x512.jpg 768w, https:\/\/munkacs-diocese.org\/hu\/wp-content\/uploads\/2026\/09\/2026.09.02-poch.katehytychnogo-roku-mukachevo-020-1080x721.jpg 1080w\" sizes=\"(max-width: 1382px) 100vw, 1382px\" \/><\/a>\n\t\t\t<\/dt><\/dl><dl class='gallery-item'>\n\t\t\t<dt class='gallery-icon landscape'>\n\t\t\t\t<a href='https:\/\/munkacs-diocese.org\/hu\/wp-content\/uploads\/2026\/09\/2026.09.02-poch.katehytychnogo-roku-mukachevo-014.jpg'><img loading=\"lazy\" decoding=\"async\" width=\"1382\" height=\"922\" src=\"https:\/\/munkacs-diocese.org\/hu\/wp-content\/uploads\/2026\/09\/2026.09.02-poch.katehytychnogo-roku-mukachevo-014.jpg\" class=\"attachment-full size-full\" alt=\"\" srcset=\"https:\/\/munkacs-diocese.org\/hu\/wp-content\/uploads\/2026\/09\/2026.09.02-poch.katehytychnogo-roku-mukachevo-014.jpg 1382w, https:\/\/munkacs-diocese.org\/hu\/wp-content\/uploads\/2026\/09\/2026.09.02-poch.katehytychnogo-roku-mukachevo-014-300x200.jpg 300w, https:\/\/munkacs-diocese.org\/hu\/wp-content\/uploads\/2026\/09\/2026.09.02-poch.katehytychnogo-roku-mukachevo-014-1024x683.jpg 1024w, https:\/\/munkacs-diocese.org\/hu\/wp-content\/uploads\/2026\/09\/2026.09.02-poch.katehytychnogo-roku-mukachevo-014-768x512.jpg 768w, https:\/\/munkacs-diocese.org\/hu\/wp-content\/uploads\/2026\/09\/2026.09.02-poch.katehytychnogo-roku-mukachevo-014-1080x721.jpg 1080w\" sizes=\"(max-width: 1382px) 100vw, 1382px\" \/><\/a>\n\t\t\t<\/dt><\/dl><dl class='gallery-item'>\n\t\t\t<dt class='gallery-icon landscape'>\n\t\t\t\t<a href='https:\/\/munkacs-diocese.org\/hu\/wp-content\/uploads\/2026\/09\/2026.09.02-poch.katehytychnogo-roku-mukachevo-015.jpg'><img loading=\"lazy\" decoding=\"async\" width=\"1382\" height=\"922\" src=\"https:\/\/munkacs-diocese.org\/hu\/wp-content\/uploads\/2026\/09\/2026.09.02-poch.katehytychnogo-roku-mukachevo-015.jpg\" class=\"attachment-full size-full\" alt=\"\" srcset=\"https:\/\/munkacs-diocese.org\/hu\/wp-content\/uploads\/2026\/09\/2026.09.02-poch.katehytychnogo-roku-mukachevo-015.jpg 1382w, https:\/\/munkacs-diocese.org\/hu\/wp-content\/uploads\/2026\/09\/2026.09.02-poch.katehytychnogo-roku-mukachevo-015-300x200.jpg 300w, https:\/\/munkacs-diocese.org\/hu\/wp-content\/uploads\/2026\/09\/2026.09.02-poch.katehytychnogo-roku-mukachevo-015-1024x683.jpg 1024w, https:\/\/munkacs-diocese.org\/hu\/wp-content\/uploads\/2026\/09\/2026.09.02-poch.katehytychnogo-roku-mukachevo-015-768x512.jpg 768w, https:\/\/munkacs-diocese.org\/hu\/wp-content\/uploads\/2026\/09\/2026.09.02-poch.katehytychnogo-roku-mukachevo-015-1080x721.jpg 1080w\" sizes=\"(max-width: 1382px) 100vw, 1382px\" \/><\/a>\n\t\t\t<\/dt><\/dl><br style=\"clear: both\" \/>\n\t\t<\/div>\n\n<p>A szentmise ut\u00e1n a program a Szent Istv\u00e1n L\u00edceumban folytat\u00f3dott. Itt lehet\u0151s\u00e9g \u00e9s id\u0151 ny\u00edlt a testv\u00e9ri besz\u00e9lget\u00e9sre, emellett t\u00f6bb, a pasztor\u00e1lis \u00e9vvel kapcsolatos szervez\u00e9si k\u00e9rd\u00e9sben is d\u00f6nt\u00e9seket hoztak.<\/p>\n\n\t\t<style type=\"text\/css\">\n\t\t\t#gallery-5 {\n\t\t\t\tmargin: auto;\n\t\t\t}\n\t\t\t#gallery-5 .gallery-item {\n\t\t\t\tfloat: left;\n\t\t\t\tmargin-top: 10px;\n\t\t\t\ttext-align: center;\n\t\t\t\twidth: 50%;\n\t\t\t}\n\t\t\t#gallery-5 img {\n\t\t\t\tborder: 2px solid #cfcfcf;\n\t\t\t}\n\t\t\t#gallery-5 .gallery-caption {\n\t\t\t\tmargin-left: 0;\n\t\t\t}\n\t\t\t\/* see gallery_shortcode() in wp-includes\/media.php *\/\n\t\t<\/style>\n\t\t<div id='gallery-5' class='gallery galleryid-16265 gallery-columns-2 gallery-size-full'><dl class='gallery-item'>\n\t\t\t<dt class='gallery-icon landscape'>\n\t\t\t\t<a href='https:\/\/munkacs-diocese.org\/hu\/wp-content\/uploads\/2026\/09\/2026.09.02-poch.katehytychnogo-roku-mukachevo-022-e1788354542119.jpg'><img loading=\"lazy\" decoding=\"async\" width=\"1600\" height=\"1066\" src=\"https:\/\/munkacs-diocese.org\/hu\/wp-content\/uploads\/2026\/09\/2026.09.02-poch.katehytychnogo-roku-mukachevo-022-e1788354542119.jpg\" class=\"attachment-full size-full\" alt=\"\" srcset=\"https:\/\/munkacs-diocese.org\/hu\/wp-content\/uploads\/2026\/09\/2026.09.02-poch.katehytychnogo-roku-mukachevo-022-e1788354542119.jpg 1600w, https:\/\/munkacs-diocese.org\/hu\/wp-content\/uploads\/2026\/09\/2026.09.02-poch.katehytychnogo-roku-mukachevo-022-e1788354542119-300x200.jpg 300w, https:\/\/munkacs-diocese.org\/hu\/wp-content\/uploads\/2026\/09\/2026.09.02-poch.katehytychnogo-roku-mukachevo-022-e1788354542119-1024x682.jpg 1024w, https:\/\/munkacs-diocese.org\/hu\/wp-content\/uploads\/2026\/09\/2026.09.02-poch.katehytychnogo-roku-mukachevo-022-e1788354542119-768x512.jpg 768w, https:\/\/munkacs-diocese.org\/hu\/wp-content\/uploads\/2026\/09\/2026.09.02-poch.katehytychnogo-roku-mukachevo-022-e1788354542119-1536x1023.jpg 1536w, https:\/\/munkacs-diocese.org\/hu\/wp-content\/uploads\/2026\/09\/2026.09.02-poch.katehytychnogo-roku-mukachevo-022-e1788354542119-1080x720.jpg 1080w\" sizes=\"(max-width: 1600px) 100vw, 1600px\" \/><\/a>\n\t\t\t<\/dt><\/dl><dl class='gallery-item'>\n\t\t\t<dt class='gallery-icon landscape'>\n\t\t\t\t<a href='https:\/\/munkacs-diocese.org\/hu\/wp-content\/uploads\/2026\/09\/2026.09.02-poch.katehytychnogo-roku-mukachevo-023-e1788354568636.jpg'><img loading=\"lazy\" decoding=\"async\" width=\"1600\" height=\"1066\" src=\"https:\/\/munkacs-diocese.org\/hu\/wp-content\/uploads\/2026\/09\/2026.09.02-poch.katehytychnogo-roku-mukachevo-023-e1788354568636.jpg\" class=\"attachment-full size-full\" alt=\"\" srcset=\"https:\/\/munkacs-diocese.org\/hu\/wp-content\/uploads\/2026\/09\/2026.09.02-poch.katehytychnogo-roku-mukachevo-023-e1788354568636.jpg 1600w, https:\/\/munkacs-diocese.org\/hu\/wp-content\/uploads\/2026\/09\/2026.09.02-poch.katehytychnogo-roku-mukachevo-023-e1788354568636-300x200.jpg 300w, https:\/\/munkacs-diocese.org\/hu\/wp-content\/uploads\/2026\/09\/2026.09.02-poch.katehytychnogo-roku-mukachevo-023-e1788354568636-1024x682.jpg 1024w, https:\/\/munkacs-diocese.org\/hu\/wp-content\/uploads\/2026\/09\/2026.09.02-poch.katehytychnogo-roku-mukachevo-023-e1788354568636-768x512.jpg 768w, https:\/\/munkacs-diocese.org\/hu\/wp-content\/uploads\/2026\/09\/2026.09.02-poch.katehytychnogo-roku-mukachevo-023-e1788354568636-1536x1023.jpg 1536w, https:\/\/munkacs-diocese.org\/hu\/wp-content\/uploads\/2026\/09\/2026.09.02-poch.katehytychnogo-roku-mukachevo-023-e1788354568636-1080x720.jpg 1080w\" sizes=\"(max-width: 1600px) 100vw, 1600px\" \/><\/a>\n\t\t\t<\/dt><\/dl><br style=\"clear: both\" \/>\n\t\t<\/div>\n\n<p>A 2026 szeptember\u00e9t\u0151l 2027 szeptember\u00e9ig tart\u00f3 pasztor\u00e1lis \u00e9v k\u00fcl\u00f6nb\u00f6z\u0151 kezdem\u00e9nyez\u00e9seket foglal mag\u00e1ban \u2013 katek\u00e9ziseket, lelkigyakorlatokat, virraszt\u00e1sokat, zar\u00e1ndoklatokat \u00e9s egy\u00e9b programokat, amelyek mind egyh\u00e1zmegyei, mind helyi, azaz pl\u00e9b\u00e1niai szint\u0171ek A k\u00f6vetkez\u0151 \u00e9vben a Munk\u00e1csi R\u00f3mai Katolikus Egyh\u00e1zmegye fenn\u00e1ll\u00e1s\u00e1nak 25. \u00e9vfordul\u00f3j\u00e1ra k\u00e9sz\u00fcl. A lelkip\u00e1sztori kezdem\u00e9nyez\u00e9sek egy r\u00e9sze is e jubileum meg\u00fcnnepl\u00e9s\u00e9t szolg\u00e1lja majd.<\/p>\n<p style=\"text-align: right;\"><em>Az ukr\u00e1n nyelv\u0171 szerkeszt\u0151s\u00e9g anyagai alapj\u00e1n<\/em><\/p>\n","protected":false},"excerpt":{"rendered":"<p>Szeptember 2-\u00e1n Lucsok Mikl\u00f3s OP, a Munk\u00e1csi R\u00f3mai Katolikus Egyh\u00e1zmegye ordin\u00e1riusa \u00a0a pasztor\u00e1lis (lelkip\u00e1sztori) \u00e9v kezdete alkalm\u00e1b\u00f3l tal\u00e1lkozott a paps\u00e1ggal, a szerzetesn\u0151v\u00e9rekkel \u00e9s a megszentelt \u00e9letet \u00e9l\u0151 szem\u00e9lyekkel. Az esem\u00e9ny szentmis\u00e9vel kezd\u0151d\u00f6tt a Tours-i Szent M\u00e1rton-sz\u00e9kesegyh\u00e1zban, ahol a jelenl\u00e9v\u0151k k\u00f6z\u00f6s im\u00e1ban egyes\u00fcltek, megeml\u00e9kezve azokr\u00f3l is, akik komoly okok miatt nem tudtak jelen lenni. Ez az [&hellip;]<\/p>\n","protected":false},"author":1,"featured_media":16266,"comment_status":"open","ping_status":"open","sticky":false,"template":"","format":"standard","meta":{"_acf_changed":false,"_et_pb_use_builder":"","_et_pb_old_content":"","_et_gb_content_width":"","footnotes":""},"categories":[59],"tags":[],"class_list":["post-16265","post","type-post","status-publish","format-standard","has-post-thumbnail","hentry","category-egyhazmegyenk-hirei","et-has-post-format-content","et_post_format-et-post-format-standard"],"acf":[],"_links":{"self":[{"href":"https:\/\/munkacs-diocese.org\/hu\/wp-json\/wp\/v2\/posts\/16265"}],"collection":[{"href":"https:\/\/munkacs-diocese.org\/hu\/wp-json\/wp\/v2\/posts"}],"about":[{"href":"https:\/\/munkacs-diocese.org\/hu\/wp-json\/wp\/v2\/types\/post"}],"author":[{"embeddable":true,"href":"https:\/\/munkacs-diocese.org\/hu\/wp-json\/wp\/v2\/users\/1"}],"replies":[{"embeddable":true,"href":"https:\/\/munkacs-diocese.org\/hu\/wp-json\/wp\/v2\/comments?post=16265"}],"version-history":[{"count":4,"href":"https:\/\/munkacs-diocese.org\/hu\/wp-json\/wp\/v2\/posts\/16265\/revisions"}],"predecessor-version":[{"id":16283,"href":"https:\/\/munkacs-diocese.org\/hu\/wp-json\/wp\/v2\/posts\/16265\/revisions\/16283"}],"wp:featuredmedia":[{"embeddable":true,"href":"https:\/\/munkacs-diocese.org\/hu\/wp-json\/wp\/v2\/media\/16266"}],"wp:attachment":[{"href":"https:\/\/munkacs-diocese.org\/hu\/wp-json\/wp\/v2\/media?parent=16265"}],"wp:term":[{"taxonomy":"category","embeddable":true,"href":"https:\/\/munkacs-diocese.org\/hu\/wp-json\/wp\/v2\/categories?post=16265"},{"taxonomy":"post_tag","embeddable":true,"href":"https:\/\/munkacs-diocese.org\/hu\/wp-json\/wp\/v2\/tags?post=16265"}],"curies":[{"name":"wp","href":"https:\/\/api.w.org\/{rel}","templated":true}]}}