{"id":16260,"date":"2026-09-03T14:22:22","date_gmt":"2026-09-03T12:22:22","guid":{"rendered":"https:\/\/munkacs-diocese.org\/hu\/?p=16260"},"modified":"2026-09-03T14:22:22","modified_gmt":"2026-09-03T12:22:22","slug":"a-nemzetkozi-teologiai-bizottsag-a-teremtesvedelem-teologiai-kerdes","status":"publish","type":"post","link":"https:\/\/munkacs-diocese.org\/hu\/2026\/09\/03\/a-nemzetkozi-teologiai-bizottsag-a-teremtesvedelem-teologiai-kerdes\/","title":{"rendered":"A Nemzetk\u00f6zi Teol\u00f3giai Bizotts\u00e1g: A teremt\u00e9sv\u00e9delem teol\u00f3giai k\u00e9rd\u00e9s"},"content":{"rendered":"<div id=\"fb-root\"><\/div>\n<p>Szeptember 2-\u00e1n XIV. Le\u00f3 j\u00f3v\u00e1hagy\u00e1s\u00e1val megjelent a Nemzetk\u00f6zi Teol\u00f3giai Bizotts\u00e1g \u201eGondoskodni k\u00f6z\u00f6s otthonunkr\u00f3l \u2013 Felel\u0151s \u00e9s testv\u00e9ri v\u00e1lasz a Szenth\u00e1roms\u00e1gos Istennek\u201d c\u00edm\u0171 \u00faj dokumentuma. Alapvet\u0151 meg\u00e1llap\u00edt\u00e1sa, hogy az \u00f6kol\u00f3giai k\u00e9rd\u00e9s egyben teol\u00f3giai k\u00e9rd\u00e9s is: az, ahogyan a teremtett vil\u00e1gr\u00f3l gondoskodunk, felt\u00e1rja \u00e9s alak\u00edtja Istennel val\u00f3 kapcsolatunkat. A k\u00f6rnyezet \u00e1llapot\u00e1nak roml\u00e1sa riaszt\u00f3, ez\u00e9rt s\u00fcrg\u0151s cselekv\u00e9sre van sz\u00fcks\u00e9g bolyg\u00f3nk fenntarthat\u00f3s\u00e1ga \u00e9rdek\u00e9ben.<\/p>\n<p>Hogyan v\u00e1laszolhatunk kereszt\u00e9ny szemsz\u00f6gb\u0151l arra a \u201er\u00f6vidl\u00e1t\u00f3 \u00e9s \u00f6ngyilkos \u00f6kol\u00f3giai \u00e9s t\u00e1rsadalmi v\u00e1ls\u00e1gra\u201d, amelybe az emberis\u00e9g ker\u00fclt? Ezt a k\u00e9rd\u00e9st \u00e1ll\u00edtja k\u00f6z\u00e9ppontba a Nemzetk\u00f6zi Teol\u00f3giai Bizotts\u00e1g \u00faj dokumentuma, amely a test\u00fclet 2022-2025 k\u00f6z\u00f6tti munk\u00e1j\u00e1nak gy\u00fcm\u00f6lcse. A sz\u00f6veg abb\u00f3l a \u201eh\u00e1rmas v\u00e1ltoz\u00e1sb\u00f3l\u201d indul ki, amely az elm\u00falt \u00e9vekben meghat\u00e1rozta az ember \u00e9s a term\u00e9szet viszony\u00e1t: fokozatosan elvesz\u00edtett\u00fck a term\u00e9szetnek, mint Isten teremtm\u00e9ny\u00e9nek spont\u00e1n \u00e9rz\u00e9kel\u00e9s\u00e9t; egyre ink\u00e1bb antropocentrikus \u00e9s kizs\u00e1km\u00e1nyol\u00f3 szeml\u00e9let alakult ki az ember \u00e9s a teremtett vil\u00e1g kapcsolat\u00e1ban; mindez pedig egy bolyg\u00f3m\u00e9ret\u0171 v\u00e1ls\u00e1g elterjed\u00e9s\u00e9hez vezetett.<\/p>\n<p><strong>Senki sem elszigetelt l\u00e9tez\u0151: minden \u00f6sszef\u00fcgg<\/strong><\/p>\n<p>A dokumentum h\u00e1rom fejezetb\u0151l \u00e1ll. Az els\u0151, \u201eA k\u00f6z\u00f6s otthon, a Szenth\u00e1roms\u00e1gos Isten m\u0171ve\u201d c\u00edmet visel\u0151 r\u00e9sz hangs\u00falyozza, hogy a teremtett vil\u00e1g \u201enem csup\u00e1n isteni, hanem szenth\u00e1roms\u00e1gos jegyet is mag\u00e1n visel\u201d. Szents\u00e9gi jegyekkel b\u00edr, vagyis egy \u201eszent \u00e9s rejtett val\u00f3s\u00e1g\u201d jele, amely az Euchariszti\u00e1ban \u00e9ri el legmagasabb rend\u0171 kifejez\u0151d\u00e9s\u00e9t. Ugyanakkor minden l\u00e9tez\u0151 k\u00f6lcs\u00f6n\u00f6s kapcsolatban \u00e1ll egym\u00e1ssal, mivel az ember az\u00e1ltal felel meg hivat\u00e1s\u00e1nak, ha helyesen \u00e9li meg kapcsolat\u00e1t Istennel, embert\u00e1rsaival \u00e9s a teremtett vil\u00e1ggal. \u201eSemmi \u00e9s senki sem elszigetelt l\u00e9tez\u0151. Minden k\u00f6lcs\u00f6n\u00f6sen \u00f6sszef\u00fcgg\u201d \u2013 fogalmaz a dokumentum, amely szerint valamennyien \u201eaz \u00e9let egyetlen k\u00f6z\u00f6ss\u00e9g\u00e9t\u201d alkotjuk.<\/p>\n<p><strong>A vil\u00e1gegyetem eredete a tudom\u00e1ny \u00e9s a hit f\u00e9ny\u00e9ben<\/strong><\/p>\n<p>Az els\u0151 fejezet a vil\u00e1gegyetemr\u0151l alkotott egyes tudom\u00e1nyos \u00e9s filoz\u00f3fiai elk\u00e9pzel\u00e9sekkel is p\u00e1rbesz\u00e9det folytat. A dokumentum hangs\u00falyozza: a tudom\u00e1ny jogosan kutatja az univerzum keletkez\u00e9s\u00e9nek legkor\u00e1bbi szakaszait, a Teremt\u0151 Istenbe vetett hit azonban olyan v\u00e1laszt k\u00edn\u00e1l, amelyet a tudom\u00e1ny \u00f6nmag\u00e1ban nem k\u00e9pes megadni. M\u00edg ugyanis a kozmol\u00f3gia arra keresi a v\u00e1laszt, hogyan keletkezett a vil\u00e1g, a hit azt vil\u00e1g\u00edtja meg, mi\u00e9rt l\u00e9tezik. Isten nem egyszer\u0171en fizikai, hanem metafizikai \u00e9rtelemben ad eredetet a vil\u00e1gegyetemnek: szabadon h\u00edvja l\u00e9tbe azt, ami \u00f6nmag\u00e1t\u00f3l nem l\u00e9tezne.<\/p>\n<p><strong>Isten k\u00e9p\u00e9re \u00e9s hasonlatoss\u00e1g\u00e1ra<\/strong><\/p>\n<p>A m\u00e1sodik fejezet \u2013 \u201eAz ember a k\u00f6z\u00f6s otthonunkban\u201d \u2013 abb\u00f3l a bibliai tan\u00edt\u00e1sb\u00f3l indul ki, hogy az ember Isten k\u00e9p\u00e9re \u00e9s hasonlatoss\u00e1g\u00e1ra teremtetett. Ebb\u0151l k\u00f6vetkezik, hogy az etnikai hovatartoz\u00e1s, a nem, a kult\u00fara, valamint a t\u00e1rsadalmi vagy gazdas\u00e1gi helyzet k\u00fcl\u00f6nbs\u00e9gei semmif\u00e9le hierarchi\u00e1t nem teremthetnek az emberek k\u00f6z\u00f6tt. Ha ezeket a k\u00fcl\u00f6nbs\u00e9geket valaki diszkrimin\u00e1ci\u00f3ra vagy m\u00e1sok al\u00e1vet\u00e9s\u00e9re haszn\u00e1lja, elt\u00e1volodik Isten terv\u00e9t\u0151l.<\/p>\n<p><strong>Felh\u00edv\u00e1s az \u00f6kol\u00f3giai megt\u00e9r\u00e9sre<\/strong><\/p>\n<p>A Nemzetk\u00f6zi Teol\u00f3giai Bizotts\u00e1g ezut\u00e1n \u00f6sszefoglal n\u00e9h\u00e1ny \u201erendk\u00edv\u00fcl riaszt\u00f3\u201d adatot a k\u00f6rnyezet \u00e1llapot\u00e1nak roml\u00e1s\u00e1r\u00f3l. Ide tartozik a biol\u00f3giai sokf\u00e9les\u00e9g elt\u0171n\u00e9se, a l\u00e9gszennyez\u00e9s, a v\u00edzmin\u0151s\u00e9g roml\u00e1sa, valamint a h\u00e1bor\u00fak k\u00f6rnyezetpuszt\u00edt\u00f3 hat\u00e1sa. Mindez k\u00fcl\u00f6n\u00f6sen s\u00falyos k\u00f6vetkezm\u00e9nyekkel j\u00e1r a legszeg\u00e9nyebbek sz\u00e1m\u00e1ra: term\u00e9szeti er\u0151forr\u00e1saikat kizs\u00e1km\u00e1nyolj\u00e1k, sokakat pedig lak\u00f3hely\u00fck elhagy\u00e1s\u00e1ra \u00e9s migr\u00e1ci\u00f3ra k\u00e9nyszer\u00edt a k\u00f6rnyezet roml\u00e1sa. Ezzel a \u201ep\u00e9ld\u00e1tlan\u201d \u00f6kol\u00f3giai v\u00e1ls\u00e1ggal szemben nem elegend\u0151ek puszt\u00e1n tudom\u00e1nyos \u00e9s technikai megold\u00e1sok \u2013 figyelmeztet a dokumentum. Mindenekel\u0151tt \u201ea kultur\u00e1lis \u00e9rt\u00e9kek megv\u00e1ltoztat\u00e1s\u00e1ra\u201d, \u00e9letm\u00f3dunk val\u00f3di \u00f6kol\u00f3giai megt\u00e9r\u00e9s\u00e9re van sz\u00fcks\u00e9g.<\/p>\n<p><strong>B\u0171n a teremtett vil\u00e1g \u00e9s a Teremt\u0151 ellen<\/strong><\/p>\n<p>A dokumentum javasolja a \u201eteremtett vil\u00e1g \u00e9s a Teremt\u0151 elleni b\u0171n\u201d fogalm\u00e1nak haszn\u00e1lat\u00e1t. Ez a teol\u00f3giai megfogalmaz\u00e1s \u00f6sszekapcsolja a k\u00f6rnyezet k\u00e1ros\u00edt\u00e1s\u00e1t Isten teremt\u0151 terv\u00e9nek elutas\u00edt\u00e1s\u00e1val, ker\u00fclve mind a tiszt\u00e1n tudom\u00e1nyos nyelvezetet (mint p\u00e9ld\u00e1ul az \u201e\u00f6kogyilkoss\u00e1g\u201d), mind a felel\u0151ss\u00e9g megoszt\u00e1s\u00e1t. A jelenlegi t\u00f6rt\u00e9nelmi helyzet mindenkit\u0151l \u2013 k\u00fcl\u00f6n\u00f6sen a k\u00f6z\u00e9let felel\u0151seit\u0151l \u2013 s\u00fcrg\u0151s cselekv\u00e9st k\u00f6vetel bolyg\u00f3nk fenntarthat\u00f3s\u00e1ga \u00e9s k\u00f6z\u00f6s otthonunk lakhat\u00f3s\u00e1g\u00e1nak meg\u0151rz\u00e9se \u00e9rdek\u00e9ben. \u201eEz nem csup\u00e1n etikai, hanem teol\u00f3giai k\u00f6vetelm\u00e9ny is\u201d \u2013 hangs\u00falyozza a Nemzetk\u00f6zi Teol\u00f3giai Bizotts\u00e1g.<\/p>\n<p><strong>Az Eucharisztia, mint \u201e\u00f6kol\u00f3giai iskola\u201d<\/strong><\/p>\n<p>A kereszt\u00e9ny szeml\u00e9let k\u00e9t elfogadhatatlan sz\u00e9ls\u0151s\u00e9get utas\u00edt el. Az egyik a kizs\u00e1km\u00e1nyol\u00f3 antropocentrizmus, amely az embert \u201eaz eg\u00e9sz teremtett vil\u00e1g abszol\u00fat ur\u00e1nak\u201d tekinti. A m\u00e1sik a biocentrizmus vagy \u00f6kocentrizmus, amely mag\u00e1t a term\u00e9szetet abszolutiz\u00e1lja. A kereszt\u00e9ny v\u00e1lasz ehelyett az \u00fagynevezett \u201eszitu\u00e1lt antropocentrizmus\u201d, amely Ferenc p\u00e1pa kifejez\u00e9se, \u00e9s amelyet XIV. Le\u00f3 is \u00e1tvett. (A kifejez\u00e9st Ferenc p\u00e1pa a\u00a0<em>Laudate Deum<\/em>\u00a0kezdet\u0171 apostoli buzd\u00edt\u00e1s\u00e1ban fejtette ki r\u00e9szletesen, v\u00e1laszul a glob\u00e1lis kl\u00edmav\u00e1ls\u00e1gra \u00e9s a k\u00f6rnyezetroml\u00e1sra \u2013 a szerk.) Eszerint az ember nem ura, hanem \u201egondnoka \u00e9s szolg\u00e1l\u00f3ja a teremtett vil\u00e1gnak\u201d. Ez a kett\u0151s hivat\u00e1s az Euchariszti\u00e1ban \u00e9ri el cs\u00facspontj\u00e1t. A dokumentum ez\u00e9rt az Euchariszti\u00e1t \u201e\u00f6kol\u00f3giai iskol\u00e1nak\u201d nevezi, amely \u201epozit\u00edv \u00e9s kezdem\u00e9nyez\u0151 magatart\u00e1sra nevel a term\u00e9szettel szemben\u201d.<\/p>\n<p><strong>A jubileumi logika \u00e9s az \u00f6kol\u00f3giai lelkis\u00e9g<\/strong><\/p>\n<p>A harmadik fejezet, \u201eA k\u00f6z\u00f6s otthon gondoz\u00e1sa\u201d, gyakorlati ir\u00e1nymutat\u00e1sokat k\u00edn\u00e1l, amelyeket az ember \u00f6t alapvet\u0151 kapcsolata k\u00f6r\u00e9 rendez.<strong>\u00a0<\/strong>Az Istennel val\u00f3 kapcsolatb\u00f3l fakad a \u201ejubileumi logika\u201d, amely a testv\u00e9ris\u00e9gen, a szolidarit\u00e1son, az ingyeness\u00e9gen \u00e9s az al\u00e1zaton alapul, \u00e9s a t\u00e1rsadalmi igazs\u00e1goss\u00e1g fel\u00e9 vezet.<strong>\u00a0<\/strong>Az \u00f6nmagunkhoz val\u00f3 kapcsolatb\u00f3l pedig \u201e\u00f6kol\u00f3giai lelkis\u00e9g\u201d sz\u00fcletik. Ez eg\u00e9szs\u00e9ges, felel\u0151s \u00e9letm\u00f3dra \u00e9s tudatos fogyaszt\u00e1sra \u00f6szt\u00f6n\u00f6z. A dokumentum ennek kapcs\u00e1n arra figyelmeztet, hogy \u201eminden v\u00e1s\u00e1rl\u00e1s erk\u00f6lcsi cselekedet\u201d.<\/p>\n<p><strong>A F\u00f6ld \u00e9s a szeg\u00e9nyek ki\u00e1lt\u00e1sa<\/strong><\/p>\n<p>A teremtett vil\u00e1ghoz f\u0171z\u0151d\u0151 kapcsolatb\u00f3l olyan alapelvek k\u00f6vetkeznek, mint a tisztelet, a fenntarthat\u00f3s\u00e1g \u00e9s a F\u00f6ld \u201emegr\u00e1z\u00f3 ki\u00e1lt\u00e1s\u00e1nak\u201d meghall\u00e1sa. Ez a ki\u00e1lt\u00e1s \u2013 hangs\u00falyozza a dokumentum \u2013 tragikus m\u00f3don \u00f6sszekapcsol\u00f3dik a szeg\u00e9nyek ki\u00e1lt\u00e1s\u00e1val. Ilyen alapelv tov\u00e1bb\u00e1 az \u00e9let tisztelete, amely lehet\u0151v\u00e9 teszi az ember sz\u00e1m\u00e1ra, hogy haszn\u00e1lja a term\u00e9szet er\u0151forr\u00e1sait, de csak sz\u00fcks\u00e9gleteinek megfelel\u0151en \u00e9s m\u00e9rt\u00e9kletesen. A Bizotts\u00e1g az aszk\u00e9zisnek \u00e9s a b\u00f6jtnek is \u00f6kol\u00f3giai jelent\u0151s\u00e9get tulajdon\u00edt: ezek erk\u00f6lcsi v\u00e1laszt jelenthetnek az er\u0151forr\u00e1sok t\u00falzott kizs\u00e1km\u00e1nyol\u00e1s\u00e1ra, k\u00fcl\u00f6n\u00f6sen a gazdag orsz\u00e1gokban \u00e9s a k\u00fcl\u00f6nb\u00f6z\u0151 nemzetek felel\u0151ss\u00e9g\u00e9hez igazod\u00f3, differenci\u00e1lt k\u00f6telezetts\u00e9gv\u00e1llal\u00e1s.<\/p>\n<p><strong>Az emberi \u00e9let szents\u00e9ge \u00e9s a h\u00e1bor\u00fa elutas\u00edt\u00e1sa<\/strong><\/p>\n<p>Az embert\u00e1rsainkkal val\u00f3 kapcsolatb\u00f3l k\u00f6vetkezik minden emberi \u00e9let szents\u00e9g\u00e9nek elismer\u00e9se. Az \u00e9lethez val\u00f3 jog felt\u00e9tlen \u00e9s elidegen\u00edthetetlen jog, amelyet az \u00e1llamoknak v\u00e9delmezni\u00fck \u00e9s el\u0151mozd\u00edtaniuk kell, t\u00f6bbek k\u00f6z\u00f6tt a h\u00e1bor\u00fa elutas\u00edt\u00e1s\u00e1val. Ehhez kapcsol\u00f3dik a javak egyetemes rendeltet\u00e9s\u00e9nek elve is: k\u00f6z\u00f6s otthonunkr\u00f3l \u00fagy kell gondoskodnunk, hogy azt a j\u00f6v\u0151 nemzed\u00e9kei sz\u00e1m\u00e1ra is meg\u0151rizz\u00fck. A dokumentum a testv\u00e9ris\u00e9get a \u201ehamis, \u00f6nz\u0151, kegyetlen \u00e9s kapzsi\u201d individualizmus ellenszerek\u00e9nt \u00e1ll\u00edtja el\u00e9nk, \u00e9s hangs\u00falyozza az irgalmass\u00e1g, valamint a szeg\u00e9nyek melletti els\u0151dleges elk\u00f6telez\u0151d\u00e9s fontoss\u00e1g\u00e1t.<\/p>\n<p><strong>Egy\u00fcttm\u0171k\u00f6d\u00e9s a vall\u00e1sok k\u00f6z\u00f6tt<\/strong><\/p>\n<p>Az \u00f6t\u00f6dik kapcsolat keret\u00e9ben a Bizotts\u00e1g a k\u00fcl\u00f6nb\u00f6z\u0151 vall\u00e1soknak a teremtett vil\u00e1g gondoz\u00e1s\u00e1hoz ny\u00fajtott hozz\u00e1j\u00e1rul\u00e1s\u00e1t vizsg\u00e1lja. K\u00f6z\u00f6s elemk\u00e9nt jelenik meg annak felismer\u00e9se, hogy minden l\u00e9tez\u0151 kapcsolatban \u00e1ll egym\u00e1ssal, hogy tisztelet illeti az \u00e9l\u0151l\u00e9nyeket, \u00e9s hogy az ember felel\u0151ss\u00e9ggel tartozik a vil\u00e1g\u00e9rt. \u201eA kereszt\u00e9ny hit szempontj\u00e1b\u00f3l nyitva \u00e1llnak az ajt\u00f3k a vall\u00e1sk\u00f6zi egy\u00fcttm\u0171k\u00f6d\u00e9s el\u0151tt az eg\u00e9sz teremtett vil\u00e1g tiszteletteljes meg\u0151rz\u00e9s\u00e9nek k\u00f6z\u00f6s feladat\u00e1ban\u201d \u2013 \u00e1llap\u00edtja meg a dokumentum.<\/p>\n<p><strong>Erk\u00f6lcsi felel\u0151ss\u00e9g \u00e9s rem\u00e9ny<\/strong><\/p>\n<p>A dokumentum v\u00e9g\u00e9n a Nemzetk\u00f6zi Teol\u00f3giai Bizotts\u00e1g ism\u00e9t meger\u0151s\u00edti k\u00f6zponti \u00e1ll\u00edt\u00e1s\u00e1t: az \u00f6kol\u00f3giai k\u00e9rd\u00e9s teol\u00f3giai k\u00e9rd\u00e9s. Az, ahogyan az ember a teremtett vil\u00e1gr\u00f3l gondoskodik, mag\u00e1t az Istennel val\u00f3 kapcsolat\u00e1t is alak\u00edtja. A Bizotts\u00e1g Assisi Szent Ferenc p\u00e9ld\u00e1j\u00e1t \u00e1ll\u00edtja el\u00e9nk, \u00e9s val\u00f3di \u201e\u00f6kol\u00f3giai fordulatra\u201d sz\u00f3l\u00edt fel. A k\u00f6rnyezeti v\u00e1ls\u00e1g s\u00falyoss\u00e1ga ellen\u00e9re a dokumentum v\u00e9gs\u0151 \u00fczenete m\u00e9gsem a f\u00e9lelem, hanem a kereszt\u00e9ny rem\u00e9ny: a v\u00e1ls\u00e1g \u2013 b\u00e1rmilyen s\u00falyos is \u2013 nem rend\u00edtheti meg az Istenbe vetett bizalmat, aki \u201e\u00fajj\u00e1alkot mindent\u201d.<\/p>\n<p style=\"text-align: right;\"><em>Forr\u00e1s &#8211; <a href=\"https:\/\/www.vaticannews.va\/hu\/vatikan\/news\/2026-09\/nemzetkozi-teologiai-bizottsag-uj-dokumentum-teremtesvedelem.html\" target=\"_blank\" rel=\"noopener\">www.vaticannews.va<\/a><\/em><\/p>\n","protected":false},"excerpt":{"rendered":"<p>Szeptember 2-\u00e1n XIV. Le\u00f3 j\u00f3v\u00e1hagy\u00e1s\u00e1val megjelent a Nemzetk\u00f6zi Teol\u00f3giai Bizotts\u00e1g \u201eGondoskodni k\u00f6z\u00f6s otthonunkr\u00f3l \u2013 Felel\u0151s \u00e9s testv\u00e9ri v\u00e1lasz a Szenth\u00e1roms\u00e1gos Istennek\u201d c\u00edm\u0171 \u00faj dokumentuma. Alapvet\u0151 meg\u00e1llap\u00edt\u00e1sa, hogy az \u00f6kol\u00f3giai k\u00e9rd\u00e9s egyben teol\u00f3giai k\u00e9rd\u00e9s is: az, ahogyan a teremtett vil\u00e1gr\u00f3l gondoskodunk, felt\u00e1rja \u00e9s alak\u00edtja Istennel val\u00f3 kapcsolatunkat. A k\u00f6rnyezet \u00e1llapot\u00e1nak roml\u00e1sa riaszt\u00f3, ez\u00e9rt s\u00fcrg\u0151s cselekv\u00e9sre van [&hellip;]<\/p>\n","protected":false},"author":1,"featured_media":16261,"comment_status":"open","ping_status":"open","sticky":false,"template":"","format":"standard","meta":{"_acf_changed":false,"_et_pb_use_builder":"","_et_pb_old_content":"","_et_gb_content_width":"","footnotes":""},"categories":[60,26],"tags":[],"class_list":["post-16260","post","type-post","status-publish","format-standard","has-post-thumbnail","hentry","category-egyeb-egyhazi-hirek","category-koernyezetvedelem","et-has-post-format-content","et_post_format-et-post-format-standard"],"acf":[],"_links":{"self":[{"href":"https:\/\/munkacs-diocese.org\/hu\/wp-json\/wp\/v2\/posts\/16260"}],"collection":[{"href":"https:\/\/munkacs-diocese.org\/hu\/wp-json\/wp\/v2\/posts"}],"about":[{"href":"https:\/\/munkacs-diocese.org\/hu\/wp-json\/wp\/v2\/types\/post"}],"author":[{"embeddable":true,"href":"https:\/\/munkacs-diocese.org\/hu\/wp-json\/wp\/v2\/users\/1"}],"replies":[{"embeddable":true,"href":"https:\/\/munkacs-diocese.org\/hu\/wp-json\/wp\/v2\/comments?post=16260"}],"version-history":[{"count":1,"href":"https:\/\/munkacs-diocese.org\/hu\/wp-json\/wp\/v2\/posts\/16260\/revisions"}],"predecessor-version":[{"id":16262,"href":"https:\/\/munkacs-diocese.org\/hu\/wp-json\/wp\/v2\/posts\/16260\/revisions\/16262"}],"wp:featuredmedia":[{"embeddable":true,"href":"https:\/\/munkacs-diocese.org\/hu\/wp-json\/wp\/v2\/media\/16261"}],"wp:attachment":[{"href":"https:\/\/munkacs-diocese.org\/hu\/wp-json\/wp\/v2\/media?parent=16260"}],"wp:term":[{"taxonomy":"category","embeddable":true,"href":"https:\/\/munkacs-diocese.org\/hu\/wp-json\/wp\/v2\/categories?post=16260"},{"taxonomy":"post_tag","embeddable":true,"href":"https:\/\/munkacs-diocese.org\/hu\/wp-json\/wp\/v2\/tags?post=16260"}],"curies":[{"name":"wp","href":"https:\/\/api.w.org\/{rel}","templated":true}]}}