{"id":16244,"date":"2026-09-03T13:48:27","date_gmt":"2026-09-03T11:48:27","guid":{"rendered":"https:\/\/munkacs-diocese.org\/hu\/?p=16244"},"modified":"2026-09-03T13:49:46","modified_gmt":"2026-09-03T11:49:46","slug":"jojj-szentlelek-es-vezess-minket-veni-sancte-szentmisevel-indult-a-tanev-a-munkacsi-szent-istvan-liceumban","status":"publish","type":"post","link":"https:\/\/munkacs-diocese.org\/hu\/2026\/09\/03\/jojj-szentlelek-es-vezess-minket-veni-sancte-szentmisevel-indult-a-tanev-a-munkacsi-szent-istvan-liceumban\/","title":{"rendered":"J\u00f6jj, Szentl\u00e9lek, \u00e9s vezess minket! \u2013 Veni Sancte szentmis\u00e9vel indult a tan\u00e9v a Munk\u00e1csi Szent Istv\u00e1n L\u00edceumban"},"content":{"rendered":"<div id=\"fb-root\"><\/div>\n<p>A Munk\u00e1csi Szent Istv\u00e1n L\u00edceum tan\u00e9vnyit\u00f3 \u00fcnneps\u00e9ge Veni Sancte szentmis\u00e9vel vette kezdet\u00e9t a Tours-i Szent M\u00e1rton-sz\u00e9kesegyh\u00e1zban. A szentmise f\u0151celebr\u00e1nsa Lucsok P\u00e9ter Mikl\u00f3s OP megy\u00e9sp\u00fcsp\u00f6k volt. Koncelebr\u00e1lt\u00a0 Pog\u00e1ny Istv\u00e1n pl\u00e9b\u00e1nos atya \u00e9s Moln\u00e1r \u00c1rp\u00e1d atya a Szombathelyi Egyh\u00e1zmegy\u00e9b\u0151l.<\/p>\n<p><a href=\"https:\/\/munkacs-diocese.org\/hu\/wp-content\/uploads\/2026\/09\/veni-sancte-liceum-02.jpg\"><img loading=\"lazy\" decoding=\"async\" class=\"aligncenter size-full wp-image-16246\" src=\"https:\/\/munkacs-diocese.org\/hu\/wp-content\/uploads\/2026\/09\/veni-sancte-liceum-02.jpg\" alt=\"\" width=\"2048\" height=\"1153\" srcset=\"https:\/\/munkacs-diocese.org\/hu\/wp-content\/uploads\/2026\/09\/veni-sancte-liceum-02.jpg 2048w, https:\/\/munkacs-diocese.org\/hu\/wp-content\/uploads\/2026\/09\/veni-sancte-liceum-02-300x169.jpg 300w, https:\/\/munkacs-diocese.org\/hu\/wp-content\/uploads\/2026\/09\/veni-sancte-liceum-02-1024x577.jpg 1024w, https:\/\/munkacs-diocese.org\/hu\/wp-content\/uploads\/2026\/09\/veni-sancte-liceum-02-768x432.jpg 768w, https:\/\/munkacs-diocese.org\/hu\/wp-content\/uploads\/2026\/09\/veni-sancte-liceum-02-1536x865.jpg 1536w, https:\/\/munkacs-diocese.org\/hu\/wp-content\/uploads\/2026\/09\/veni-sancte-liceum-02-1080x608.jpg 1080w\" sizes=\"(max-width: 2048px) 100vw, 2048px\" \/><\/a><\/p>\n<p>A szertart\u00e1s kezdet\u00e9n Mikl\u00f3s p\u00fcsp\u00f6k hangs\u00falyozta: a szentmise egyfajta kommunik\u00e1ci\u00f3, amelyben megny\u00edlunk a Szentl\u00e9lek \u00e9s J\u00e9zus jelenl\u00e9te el\u0151tt, hallgatjuk Isten szav\u00e1t, \u00e9s befogadjuk a J\u00f3isten kegyelm\u00e9t \u00e9s erej\u00e9t.<\/p>\n<p>Hom\u00edli\u00e1j\u00e1ban a p\u00fcsp\u00f6k atya k\u00e9rd\u00e9sekkel fordult a jelenl\u00e9v\u0151kh\u00f6z: \u201eMilyen l\u00e9lekkel, milyen lelk\u00fcletben j\u00f6tt\u00e9l? Milyen \u00e1llapotban vagy? Milyen l\u00e9lekkel kezded ezt a tan\u00e9vet?\u201d<\/p>\n<p>A f\u0151p\u00e1sztor arra h\u00edvta fel a figyelmet, hogy fel kell ismern\u00fcnk<strong>,<\/strong> milyen lelkek vezet\u00e9se alatt vagyunk. Kihangs\u00falyozta, hogy van az ember lelke, a vil\u00e1g lelke, amely az \u00e9let \u00e9lvezet\u00e9re,\u00a0 ev\u00e9sre, tanul\u00e1sra \u00f6szt\u00f6n\u00f6z, a gonosz l\u00e9lek, aki a rosszra cs\u00e1b\u00edt, \u00e9s van a Szentl\u00e9lek. Fontos tudat\u00e1ban lenn\u00fcnk, hogy van ez a n\u00e9gy l\u00e9lek, illetve lelkis\u00e9g, \u00e9s feltenni magunknak a k\u00e9rd\u00e9st: milyen lelkis\u00e9gben \u00e9l\u00fcnk? Kiemelte annak sz\u00fcks\u00e9gess\u00e9g\u00e9t is, hogy megtanuljuk megk\u00fcl\u00f6nb\u00f6ztetni, milyen l\u00e9lek vezet benn\u00fcnket.<\/p>\n<p>\u201eVeni Sancte Spiritus! J\u00f6jj, Szentl\u00e9lek, hogy Te vezess minket!\u201d \u2013 foh\u00e1szkodott a f\u0151p\u00e1sztor arra buzd\u00edtva a jelenl\u00e9v\u0151ket, hogy k\u00e9rj\u00e9k: J\u00e9zus Lelke uralkodjon a sz\u00edv\u00fckben, elm\u00e9j\u00fckben \u00e9s gondolataikban. Arra is h\u00edvta \u0151ket, hogy k\u00e9rj\u00e9k a Szentl\u00e9lek vezet\u00e9s\u00e9t ezen a napon \u00e9s az eg\u00e9sz el\u0151tt\u00fck \u00e1ll\u00f3 tan\u00e9vben.<\/p>\n\n\t\t<style type=\"text\/css\">\n\t\t\t#gallery-1 {\n\t\t\t\tmargin: auto;\n\t\t\t}\n\t\t\t#gallery-1 .gallery-item {\n\t\t\t\tfloat: left;\n\t\t\t\tmargin-top: 10px;\n\t\t\t\ttext-align: center;\n\t\t\t\twidth: 50%;\n\t\t\t}\n\t\t\t#gallery-1 img {\n\t\t\t\tborder: 2px solid #cfcfcf;\n\t\t\t}\n\t\t\t#gallery-1 .gallery-caption {\n\t\t\t\tmargin-left: 0;\n\t\t\t}\n\t\t\t\/* see gallery_shortcode() in wp-includes\/media.php *\/\n\t\t<\/style>\n\t\t<div id='gallery-1' class='gallery galleryid-16244 gallery-columns-2 gallery-size-full'><dl class='gallery-item'>\n\t\t\t<dt class='gallery-icon landscape'>\n\t\t\t\t<a href='https:\/\/munkacs-diocese.org\/hu\/wp-content\/uploads\/2026\/09\/veni-sancte-liceum-03.jpg'><img loading=\"lazy\" decoding=\"async\" width=\"2048\" height=\"1153\" src=\"https:\/\/munkacs-diocese.org\/hu\/wp-content\/uploads\/2026\/09\/veni-sancte-liceum-03.jpg\" class=\"attachment-full size-full\" alt=\"\" srcset=\"https:\/\/munkacs-diocese.org\/hu\/wp-content\/uploads\/2026\/09\/veni-sancte-liceum-03.jpg 2048w, https:\/\/munkacs-diocese.org\/hu\/wp-content\/uploads\/2026\/09\/veni-sancte-liceum-03-300x169.jpg 300w, https:\/\/munkacs-diocese.org\/hu\/wp-content\/uploads\/2026\/09\/veni-sancte-liceum-03-1024x577.jpg 1024w, https:\/\/munkacs-diocese.org\/hu\/wp-content\/uploads\/2026\/09\/veni-sancte-liceum-03-768x432.jpg 768w, https:\/\/munkacs-diocese.org\/hu\/wp-content\/uploads\/2026\/09\/veni-sancte-liceum-03-1536x865.jpg 1536w, https:\/\/munkacs-diocese.org\/hu\/wp-content\/uploads\/2026\/09\/veni-sancte-liceum-03-1080x608.jpg 1080w\" sizes=\"(max-width: 2048px) 100vw, 2048px\" \/><\/a>\n\t\t\t<\/dt><\/dl><dl class='gallery-item'>\n\t\t\t<dt class='gallery-icon landscape'>\n\t\t\t\t<a href='https:\/\/munkacs-diocese.org\/hu\/wp-content\/uploads\/2026\/09\/veni-sancte-liceum-04.jpg'><img loading=\"lazy\" decoding=\"async\" width=\"2048\" height=\"1153\" src=\"https:\/\/munkacs-diocese.org\/hu\/wp-content\/uploads\/2026\/09\/veni-sancte-liceum-04.jpg\" class=\"attachment-full size-full\" alt=\"\" srcset=\"https:\/\/munkacs-diocese.org\/hu\/wp-content\/uploads\/2026\/09\/veni-sancte-liceum-04.jpg 2048w, https:\/\/munkacs-diocese.org\/hu\/wp-content\/uploads\/2026\/09\/veni-sancte-liceum-04-300x169.jpg 300w, https:\/\/munkacs-diocese.org\/hu\/wp-content\/uploads\/2026\/09\/veni-sancte-liceum-04-1024x577.jpg 1024w, https:\/\/munkacs-diocese.org\/hu\/wp-content\/uploads\/2026\/09\/veni-sancte-liceum-04-768x432.jpg 768w, https:\/\/munkacs-diocese.org\/hu\/wp-content\/uploads\/2026\/09\/veni-sancte-liceum-04-1536x865.jpg 1536w, https:\/\/munkacs-diocese.org\/hu\/wp-content\/uploads\/2026\/09\/veni-sancte-liceum-04-1080x608.jpg 1080w\" sizes=\"(max-width: 2048px) 100vw, 2048px\" \/><\/a>\n\t\t\t<\/dt><\/dl><br style=\"clear: both\" \/>\n\t\t<\/div>\n\n<p><a href=\"https:\/\/munkacs-diocese.org\/hu\/wp-content\/uploads\/2026\/09\/veni-sancte-liceum-05.jpg\"><img loading=\"lazy\" decoding=\"async\" class=\"aligncenter size-full wp-image-16249\" src=\"https:\/\/munkacs-diocese.org\/hu\/wp-content\/uploads\/2026\/09\/veni-sancte-liceum-05.jpg\" alt=\"\" width=\"2048\" height=\"1153\" srcset=\"https:\/\/munkacs-diocese.org\/hu\/wp-content\/uploads\/2026\/09\/veni-sancte-liceum-05.jpg 2048w, https:\/\/munkacs-diocese.org\/hu\/wp-content\/uploads\/2026\/09\/veni-sancte-liceum-05-300x169.jpg 300w, https:\/\/munkacs-diocese.org\/hu\/wp-content\/uploads\/2026\/09\/veni-sancte-liceum-05-1024x577.jpg 1024w, https:\/\/munkacs-diocese.org\/hu\/wp-content\/uploads\/2026\/09\/veni-sancte-liceum-05-768x432.jpg 768w, https:\/\/munkacs-diocese.org\/hu\/wp-content\/uploads\/2026\/09\/veni-sancte-liceum-05-1536x865.jpg 1536w, https:\/\/munkacs-diocese.org\/hu\/wp-content\/uploads\/2026\/09\/veni-sancte-liceum-05-1080x608.jpg 1080w\" sizes=\"(max-width: 2048px) 100vw, 2048px\" \/><\/a><\/p>\n<p>A p\u00fcsp\u00f6k atya v\u00e9g\u00fcl arra k\u00e9rte a Szentl\u00e9lek \u00daristent, hogy vezesse a fiatalokat a b\u00f6lcsess\u00e9g m\u00e9lys\u00e9geinek megismer\u00e9s\u00e9re, tiszt\u00edtsa, nevelje \u00e9s tan\u00edtsa \u0151ket , hogy a Vele val\u00f3 egyre m\u00e9lyebb kapcsolatban meg\u00e9rts\u00e9k, kik \u0151k val\u00f3j\u00e1ban, \u00e9s mi a hivat\u00e1suk ebben a vil\u00e1gban. Majd \u00edgy z\u00e1rta szavait: \u201eJ\u00f6jj, Szentl\u00e9lek \u00daristen, \u00e9s vezess minket!\u201d<\/p>\n<p><a href=\"https:\/\/munkacs-diocese.org\/hu\/wp-content\/uploads\/2026\/09\/veni-sancte-liceum-06.jpg\"><img loading=\"lazy\" decoding=\"async\" class=\"aligncenter size-full wp-image-16250\" src=\"https:\/\/munkacs-diocese.org\/hu\/wp-content\/uploads\/2026\/09\/veni-sancte-liceum-06.jpg\" alt=\"\" width=\"2048\" height=\"1153\" srcset=\"https:\/\/munkacs-diocese.org\/hu\/wp-content\/uploads\/2026\/09\/veni-sancte-liceum-06.jpg 2048w, https:\/\/munkacs-diocese.org\/hu\/wp-content\/uploads\/2026\/09\/veni-sancte-liceum-06-300x169.jpg 300w, https:\/\/munkacs-diocese.org\/hu\/wp-content\/uploads\/2026\/09\/veni-sancte-liceum-06-1024x577.jpg 1024w, https:\/\/munkacs-diocese.org\/hu\/wp-content\/uploads\/2026\/09\/veni-sancte-liceum-06-768x432.jpg 768w, https:\/\/munkacs-diocese.org\/hu\/wp-content\/uploads\/2026\/09\/veni-sancte-liceum-06-1536x865.jpg 1536w, https:\/\/munkacs-diocese.org\/hu\/wp-content\/uploads\/2026\/09\/veni-sancte-liceum-06-1080x608.jpg 1080w\" sizes=\"(max-width: 2048px) 100vw, 2048px\" \/><\/a><\/p>\n<p>Ezt k\u00f6vet\u0151en a l\u00edceum nagyterm\u00e9ben folytat\u00f3dott az \u00fcnnepi program, amelyen Lucsok P\u00e9ter Mikl\u00f3s OP megy\u00e9sp\u00fcsp\u00f6k, Gombor Bence, Magyarorsz\u00e1g Ungv\u00e1ri F\u0151konzul\u00e1tus\u00e1nak konzulja, Pog\u00e1ny Istv\u00e1n munk\u00e1csi pl\u00e9b\u00e1nos, Feh\u00e9r Ferenc, a Szent M\u00e1rton Karit\u00e1sz igazgat\u00f3ja, valamint a l\u00edceum tan\u00e1rai, di\u00e1kjai \u00e9s a sz\u00fcl\u0151k is r\u00e9szt vettek.<\/p>\n\n\t\t<style type=\"text\/css\">\n\t\t\t#gallery-2 {\n\t\t\t\tmargin: auto;\n\t\t\t}\n\t\t\t#gallery-2 .gallery-item {\n\t\t\t\tfloat: left;\n\t\t\t\tmargin-top: 10px;\n\t\t\t\ttext-align: center;\n\t\t\t\twidth: 50%;\n\t\t\t}\n\t\t\t#gallery-2 img {\n\t\t\t\tborder: 2px solid #cfcfcf;\n\t\t\t}\n\t\t\t#gallery-2 .gallery-caption {\n\t\t\t\tmargin-left: 0;\n\t\t\t}\n\t\t\t\/* see gallery_shortcode() in wp-includes\/media.php *\/\n\t\t<\/style>\n\t\t<div id='gallery-2' class='gallery galleryid-16244 gallery-columns-2 gallery-size-full'><dl class='gallery-item'>\n\t\t\t<dt class='gallery-icon landscape'>\n\t\t\t\t<a href='https:\/\/munkacs-diocese.org\/hu\/wp-content\/uploads\/2026\/09\/veni-sancte-liceum-07.jpg'><img loading=\"lazy\" decoding=\"async\" width=\"2048\" height=\"1153\" src=\"https:\/\/munkacs-diocese.org\/hu\/wp-content\/uploads\/2026\/09\/veni-sancte-liceum-07.jpg\" class=\"attachment-full size-full\" alt=\"\" srcset=\"https:\/\/munkacs-diocese.org\/hu\/wp-content\/uploads\/2026\/09\/veni-sancte-liceum-07.jpg 2048w, https:\/\/munkacs-diocese.org\/hu\/wp-content\/uploads\/2026\/09\/veni-sancte-liceum-07-300x169.jpg 300w, https:\/\/munkacs-diocese.org\/hu\/wp-content\/uploads\/2026\/09\/veni-sancte-liceum-07-1024x577.jpg 1024w, https:\/\/munkacs-diocese.org\/hu\/wp-content\/uploads\/2026\/09\/veni-sancte-liceum-07-768x432.jpg 768w, https:\/\/munkacs-diocese.org\/hu\/wp-content\/uploads\/2026\/09\/veni-sancte-liceum-07-1536x865.jpg 1536w, https:\/\/munkacs-diocese.org\/hu\/wp-content\/uploads\/2026\/09\/veni-sancte-liceum-07-1080x608.jpg 1080w\" sizes=\"(max-width: 2048px) 100vw, 2048px\" \/><\/a>\n\t\t\t<\/dt><\/dl><dl class='gallery-item'>\n\t\t\t<dt class='gallery-icon landscape'>\n\t\t\t\t<a href='https:\/\/munkacs-diocese.org\/hu\/wp-content\/uploads\/2026\/09\/veni-sancte-liceum-08.jpg'><img loading=\"lazy\" decoding=\"async\" width=\"2048\" height=\"1153\" src=\"https:\/\/munkacs-diocese.org\/hu\/wp-content\/uploads\/2026\/09\/veni-sancte-liceum-08.jpg\" class=\"attachment-full size-full\" alt=\"\" srcset=\"https:\/\/munkacs-diocese.org\/hu\/wp-content\/uploads\/2026\/09\/veni-sancte-liceum-08.jpg 2048w, https:\/\/munkacs-diocese.org\/hu\/wp-content\/uploads\/2026\/09\/veni-sancte-liceum-08-300x169.jpg 300w, https:\/\/munkacs-diocese.org\/hu\/wp-content\/uploads\/2026\/09\/veni-sancte-liceum-08-1024x577.jpg 1024w, https:\/\/munkacs-diocese.org\/hu\/wp-content\/uploads\/2026\/09\/veni-sancte-liceum-08-768x432.jpg 768w, https:\/\/munkacs-diocese.org\/hu\/wp-content\/uploads\/2026\/09\/veni-sancte-liceum-08-1536x865.jpg 1536w, https:\/\/munkacs-diocese.org\/hu\/wp-content\/uploads\/2026\/09\/veni-sancte-liceum-08-1080x608.jpg 1080w\" sizes=\"(max-width: 2048px) 100vw, 2048px\" \/><\/a>\n\t\t\t<\/dt><\/dl><br style=\"clear: both\" \/>\n\t\t<\/div>\n\n\n\t\t<style type=\"text\/css\">\n\t\t\t#gallery-3 {\n\t\t\t\tmargin: auto;\n\t\t\t}\n\t\t\t#gallery-3 .gallery-item {\n\t\t\t\tfloat: left;\n\t\t\t\tmargin-top: 10px;\n\t\t\t\ttext-align: center;\n\t\t\t\twidth: 50%;\n\t\t\t}\n\t\t\t#gallery-3 img {\n\t\t\t\tborder: 2px solid #cfcfcf;\n\t\t\t}\n\t\t\t#gallery-3 .gallery-caption {\n\t\t\t\tmargin-left: 0;\n\t\t\t}\n\t\t\t\/* see gallery_shortcode() in wp-includes\/media.php *\/\n\t\t<\/style>\n\t\t<div id='gallery-3' class='gallery galleryid-16244 gallery-columns-2 gallery-size-full'><dl class='gallery-item'>\n\t\t\t<dt class='gallery-icon landscape'>\n\t\t\t\t<a href='https:\/\/munkacs-diocese.org\/hu\/wp-content\/uploads\/2026\/09\/veni-sancte-liceum-09.jpg'><img loading=\"lazy\" decoding=\"async\" width=\"2048\" height=\"1153\" src=\"https:\/\/munkacs-diocese.org\/hu\/wp-content\/uploads\/2026\/09\/veni-sancte-liceum-09.jpg\" class=\"attachment-full size-full\" alt=\"\" srcset=\"https:\/\/munkacs-diocese.org\/hu\/wp-content\/uploads\/2026\/09\/veni-sancte-liceum-09.jpg 2048w, https:\/\/munkacs-diocese.org\/hu\/wp-content\/uploads\/2026\/09\/veni-sancte-liceum-09-300x169.jpg 300w, https:\/\/munkacs-diocese.org\/hu\/wp-content\/uploads\/2026\/09\/veni-sancte-liceum-09-1024x577.jpg 1024w, https:\/\/munkacs-diocese.org\/hu\/wp-content\/uploads\/2026\/09\/veni-sancte-liceum-09-768x432.jpg 768w, https:\/\/munkacs-diocese.org\/hu\/wp-content\/uploads\/2026\/09\/veni-sancte-liceum-09-1536x865.jpg 1536w, https:\/\/munkacs-diocese.org\/hu\/wp-content\/uploads\/2026\/09\/veni-sancte-liceum-09-1080x608.jpg 1080w\" sizes=\"(max-width: 2048px) 100vw, 2048px\" \/><\/a>\n\t\t\t<\/dt><\/dl><dl class='gallery-item'>\n\t\t\t<dt class='gallery-icon landscape'>\n\t\t\t\t<a href='https:\/\/munkacs-diocese.org\/hu\/wp-content\/uploads\/2026\/09\/veni-sancte-liceum-10.jpg'><img loading=\"lazy\" decoding=\"async\" width=\"2048\" height=\"1153\" src=\"https:\/\/munkacs-diocese.org\/hu\/wp-content\/uploads\/2026\/09\/veni-sancte-liceum-10.jpg\" class=\"attachment-full size-full\" alt=\"\" srcset=\"https:\/\/munkacs-diocese.org\/hu\/wp-content\/uploads\/2026\/09\/veni-sancte-liceum-10.jpg 2048w, https:\/\/munkacs-diocese.org\/hu\/wp-content\/uploads\/2026\/09\/veni-sancte-liceum-10-300x169.jpg 300w, https:\/\/munkacs-diocese.org\/hu\/wp-content\/uploads\/2026\/09\/veni-sancte-liceum-10-1024x577.jpg 1024w, https:\/\/munkacs-diocese.org\/hu\/wp-content\/uploads\/2026\/09\/veni-sancte-liceum-10-768x432.jpg 768w, https:\/\/munkacs-diocese.org\/hu\/wp-content\/uploads\/2026\/09\/veni-sancte-liceum-10-1536x865.jpg 1536w, https:\/\/munkacs-diocese.org\/hu\/wp-content\/uploads\/2026\/09\/veni-sancte-liceum-10-1080x608.jpg 1080w\" sizes=\"(max-width: 2048px) 100vw, 2048px\" \/><\/a>\n\t\t\t<\/dt><\/dl><br style=\"clear: both\" \/>\n\t\t<\/div>\n\n<p>Els\u0151k\u00e9nt Mihalovics Attila, az int\u00e9zm\u00e9ny igazgat\u00f3ja osztotta meg \u00fcnnepi gondolatait. Elmondta, hogy k\u00fcl\u00f6nleges \u00e9s felemel\u0151 ez a nap, hiszen nemcsak egy \u00faj tan\u00e9v kezd\u0151dik, hanem az int\u00e9zm\u00e9ny fenn\u00e1ll\u00e1s\u00e1nak 25. \u00e9vfordul\u00f3j\u00e1r\u00f3l is megeml\u00e9keznek. Negyedsz\u00e1zaddal ezel\u0151tt egy \u00e1lom indult \u00fatj\u00e1ra itt, Munk\u00e1cson: egy magyar, katolikus szellemis\u00e9g\u0171 iskola megteremt\u00e9se, amely nemcsak oktat, hanem nevel is; amely nemcsak tud\u00e1st ad, hanem tart\u00e1st, hitet \u00e9s k\u00f6z\u00f6ss\u00e9get. Mint fogalmazott, ebben a k\u00fcldet\u00e9sben az int\u00e9zm\u00e9ny n\u00e9vad\u00f3ja, Szent Istv\u00e1n kir\u00e1ly mutat szellemi \u00e9s erk\u00f6lcsi ir\u00e1nyt az iskola sz\u00e1m\u00e1ra.<\/p>\n<p>Kristof\u00f3ri Olga, a l\u00edceum egykori igazgat\u00f3ja feleleven\u00edtette az int\u00e9zm\u00e9ny t\u00f6rt\u00e9net\u00e9t, h\u00e1l\u00e1s sz\u00edvvel eml\u00e9kezve mindazokra, akik hozz\u00e1j\u00e1rultak a l\u00edceum \u00e9p\u00fcl\u00e9s\u00e9hez, t\u00e1mogat\u00e1s\u00e1hoz \u00e9s gazdag\u00edt\u00e1s\u00e1hoz. Felid\u00e9zte, hogy 25 \u00e9vvel ezel\u0151tt Majnek Antal emeritus p\u00fcsp\u00f6k az Egyh\u00e1zmegyei Szent M\u00e1rton Karit\u00e1sszal tervezte meg az int\u00e9zm\u00e9ny l\u00e9trehoz\u00e1s\u00e1t. Az akkori elk\u00e9pzel\u00e9st siker koron\u00e1zta: a l\u00edceum megalakult, \u00e9s az\u00f3ta is teljes\u00edti k\u00fcldet\u00e9s\u00e9t. Ma pedig \u00f6r\u00f6mmel l\u00e1thatjuk, hogy a J\u00f3isten seg\u00edts\u00e9g\u00e9vel a l\u00edceum tov\u00e1bbra is h\u0171en \u0151rzi \u00e9s viszi tov\u00e1bb Szent Istv\u00e1n tan\u00edt\u00e1s\u00e1t.<\/p>\n<p>A rendezv\u00e9ny emelkedett hangulat\u00e1t a di\u00e1kok zongoraj\u00e1t\u00e9ka, a n\u00e9pdalok, valamint a git\u00e1rk\u00eds\u00e9rettel el\u0151adott <em>\u201eVedd a sz\u00edvem\u201d<\/em> c\u00edm\u0171 dics\u0151\u00edt\u0151 \u00e9nek tette m\u00e9g eml\u00e9kezetesebb\u00e9. Az \u00fcnnepi m\u0171sor r\u00e9szek\u00e9nt a di\u00e1kok a Munk\u00e1csi Szent Istv\u00e1n L\u00edceum emblematikus nyakkend\u0151j\u00e9nek \u00e1tad\u00e1s\u00e1val avatt\u00e1k k\u00f6z\u00f6ss\u00e9g\u00fck tagjaiv\u00e1 az \u00faj tanul\u00f3kat.<\/p>\n<p><a href=\"https:\/\/munkacs-diocese.org\/hu\/wp-content\/uploads\/2026\/09\/veni-sancte-liceum-11.jpg\"><img loading=\"lazy\" decoding=\"async\" class=\"aligncenter size-full wp-image-16255\" src=\"https:\/\/munkacs-diocese.org\/hu\/wp-content\/uploads\/2026\/09\/veni-sancte-liceum-11.jpg\" alt=\"\" width=\"2048\" height=\"1153\" srcset=\"https:\/\/munkacs-diocese.org\/hu\/wp-content\/uploads\/2026\/09\/veni-sancte-liceum-11.jpg 2048w, https:\/\/munkacs-diocese.org\/hu\/wp-content\/uploads\/2026\/09\/veni-sancte-liceum-11-300x169.jpg 300w, https:\/\/munkacs-diocese.org\/hu\/wp-content\/uploads\/2026\/09\/veni-sancte-liceum-11-1024x577.jpg 1024w, https:\/\/munkacs-diocese.org\/hu\/wp-content\/uploads\/2026\/09\/veni-sancte-liceum-11-768x432.jpg 768w, https:\/\/munkacs-diocese.org\/hu\/wp-content\/uploads\/2026\/09\/veni-sancte-liceum-11-1536x865.jpg 1536w, https:\/\/munkacs-diocese.org\/hu\/wp-content\/uploads\/2026\/09\/veni-sancte-liceum-11-1080x608.jpg 1080w\" sizes=\"(max-width: 2048px) 100vw, 2048px\" \/><\/a><\/p>\n<p>A tan\u00e9vnyit\u00f3 \u00fcnneps\u00e9get a l\u00edceum \u00faj di\u00e1kjainak k\u00f6z\u00f6s \u00e9neke, <em>\u201eAz \u00darral val\u00f3 egys\u00e9g im\u00e1ja\u201d<\/em> z\u00e1rta, amelyhez a l\u00edceum tan\u00e1rai \u00e9s valamennyi di\u00e1kja csatlakozott.<\/p>\n","protected":false},"excerpt":{"rendered":"<p>A Munk\u00e1csi Szent Istv\u00e1n L\u00edceum tan\u00e9vnyit\u00f3 \u00fcnneps\u00e9ge Veni Sancte szentmis\u00e9vel vette kezdet\u00e9t a Tours-i Szent M\u00e1rton-sz\u00e9kesegyh\u00e1zban. A szentmise f\u0151celebr\u00e1nsa Lucsok P\u00e9ter Mikl\u00f3s OP megy\u00e9sp\u00fcsp\u00f6k volt. Koncelebr\u00e1lt\u00a0 Pog\u00e1ny Istv\u00e1n pl\u00e9b\u00e1nos atya \u00e9s Moln\u00e1r \u00c1rp\u00e1d atya a Szombathelyi Egyh\u00e1zmegy\u00e9b\u0151l. A szertart\u00e1s kezdet\u00e9n Mikl\u00f3s p\u00fcsp\u00f6k hangs\u00falyozta: a szentmise egyfajta kommunik\u00e1ci\u00f3, amelyben megny\u00edlunk a Szentl\u00e9lek \u00e9s J\u00e9zus jelenl\u00e9te el\u0151tt, [&hellip;]<\/p>\n","protected":false},"author":1,"featured_media":16245,"comment_status":"open","ping_status":"open","sticky":false,"template":"","format":"standard","meta":{"_acf_changed":false,"_et_pb_use_builder":"","_et_pb_old_content":"","_et_gb_content_width":"","footnotes":""},"categories":[59],"tags":[],"class_list":["post-16244","post","type-post","status-publish","format-standard","has-post-thumbnail","hentry","category-egyhazmegyenk-hirei","et-has-post-format-content","et_post_format-et-post-format-standard"],"acf":[],"_links":{"self":[{"href":"https:\/\/munkacs-diocese.org\/hu\/wp-json\/wp\/v2\/posts\/16244"}],"collection":[{"href":"https:\/\/munkacs-diocese.org\/hu\/wp-json\/wp\/v2\/posts"}],"about":[{"href":"https:\/\/munkacs-diocese.org\/hu\/wp-json\/wp\/v2\/types\/post"}],"author":[{"embeddable":true,"href":"https:\/\/munkacs-diocese.org\/hu\/wp-json\/wp\/v2\/users\/1"}],"replies":[{"embeddable":true,"href":"https:\/\/munkacs-diocese.org\/hu\/wp-json\/wp\/v2\/comments?post=16244"}],"version-history":[{"count":3,"href":"https:\/\/munkacs-diocese.org\/hu\/wp-json\/wp\/v2\/posts\/16244\/revisions"}],"predecessor-version":[{"id":16258,"href":"https:\/\/munkacs-diocese.org\/hu\/wp-json\/wp\/v2\/posts\/16244\/revisions\/16258"}],"wp:featuredmedia":[{"embeddable":true,"href":"https:\/\/munkacs-diocese.org\/hu\/wp-json\/wp\/v2\/media\/16245"}],"wp:attachment":[{"href":"https:\/\/munkacs-diocese.org\/hu\/wp-json\/wp\/v2\/media?parent=16244"}],"wp:term":[{"taxonomy":"category","embeddable":true,"href":"https:\/\/munkacs-diocese.org\/hu\/wp-json\/wp\/v2\/categories?post=16244"},{"taxonomy":"post_tag","embeddable":true,"href":"https:\/\/munkacs-diocese.org\/hu\/wp-json\/wp\/v2\/tags?post=16244"}],"curies":[{"name":"wp","href":"https:\/\/api.w.org\/{rel}","templated":true}]}}