{"id":16240,"date":"2026-09-02T11:26:40","date_gmt":"2026-09-02T09:26:40","guid":{"rendered":"https:\/\/munkacs-diocese.org\/hu\/?p=16240"},"modified":"2026-09-02T11:26:40","modified_gmt":"2026-09-02T09:26:40","slug":"xiv-leo-papa-hallgassuk-meg-a-teremtes-hangjat-amelyben-isten-szol-hozzank","status":"publish","type":"post","link":"https:\/\/munkacs-diocese.org\/hu\/2026\/09\/02\/xiv-leo-papa-hallgassuk-meg-a-teremtes-hangjat-amelyben-isten-szol-hozzank\/","title":{"rendered":"XIV. Le\u00f3 p\u00e1pa: Hallgassuk meg a teremt\u00e9s hangj\u00e1t, amelyben Isten sz\u00f3l hozz\u00e1nk"},"content":{"rendered":"<div id=\"fb-root\"><\/div>\n<p>XIV. Le\u00f3 p\u00e1pa szeptember elsej\u00e9n, a Teremt\u00e9sv\u00e9delem imavil\u00e1gnapj\u00e1n este 6 \u00f3rakor szentmis\u00e9t mutatott be Castel Gandolf\u00f3ban, a Borgo Laudato si\u2019-ben.<\/p>\n<p>Hom\u00edli\u00e1j\u00e1ban arra h\u00edvta a h\u00edveket, hogy a mindennapok rohan\u00e1s\u00e1b\u00f3l kil\u00e9pve \u00e1lljanak meg a teremtett vil\u00e1g sz\u00e9ps\u00e9ge el\u0151tt, \u00e9s ismerj\u00e9k fel benne Isten szeretet\u00e9nek jeleit. A teremt\u00e9s szeml\u00e9l\u00e9se ugyanakkor nem maradhat puszt\u00e1n a term\u00e9szet sz\u00e9ps\u00e9ge felett \u00e9rzett csod\u00e1lat: \u00f6kol\u00f3giai megt\u00e9r\u00e9shez, szem\u00e9lyes \u00e9s k\u00f6z\u00f6s felel\u0151ss\u00e9gv\u00e1llal\u00e1shoz kell vezetnie \u2013 hangs\u00falyozta a Szentatya.<\/p>\n<p>A liturgia olvasm\u00e1nyai k\u00e9t alkalommal is arra sz\u00f3l\u00edtanak, hogy szeml\u00e9lj\u00fck az \u00dar m\u0171veit \u2013 kezdte hom\u00edli\u00e1j\u00e1t XIV. Le\u00f3, megjegyezve, hogy ez k\u00fcl\u00f6n\u00f6sen is k\u00f6nny\u0171 a Castel Gandolfo-i kertek csod\u00e1latos k\u00f6rnyezet\u00e9ben. A B\u00f6lcsess\u00e9g k\u00f6nyve (v\u00f6. B\u00f6lcs 13,1-9) arra buzd\u00edt, hogy a teremtett vil\u00e1g sz\u00e9ps\u00e9g\u00e9t \u00e9s erej\u00e9t szeml\u00e9lve jussunk el annak Alkot\u00f3j\u00e1hoz. Fel\u00fcletes magatart\u00e1s lenne, ha meg\u00e1lln\u00e1nk a t\u0171z, a sz\u00e9l, a z\u00fag\u00f3 v\u00edz vagy az \u00e9gbolt csillagainak csod\u00e1lat\u00e1n\u00e1l, \u00e9s nem emeln\u00e9nk tekintet\u00fcnket ahhoz, aki mindezt teremtette \u2013 figyelmeztetett a p\u00e1pa.<\/p>\n<p>A 18. zsolt\u00e1r ugyancsak arra \u00f6szt\u00f6n\u00f6z, hogy emelj\u00fck fel tekintet\u00fcnket: az egek Isten dics\u0151s\u00e9g\u00e9t hirdetik, az \u00e9gbolt pedig kez\u00e9nek m\u0171v\u00e9r\u0151l besz\u00e9l. \u201eAz eg\u00e9sz teremt\u00e9s a Teremt\u0151 nagys\u00e1g\u00e1r\u00f3l sz\u00f3l hozz\u00e1nk, felt\u00e9ve, hogy tekintet\u00fcnk \u00e9s sz\u00edv\u00fcnk nyitott erre a nagy miszt\u00e9riumra\u201d \u2013 hangs\u00falyozta XIV. Le\u00f3.<\/p>\n<p><strong>Isten szeretete a teremtett vil\u00e1gban<\/strong><\/p>\n<p>M\u00e1t\u00e9 evang\u00e9liuma (Mt 6,24-34) szint\u00e9n a teremt\u00e9s szeml\u00e9l\u00e9s\u00e9re h\u00edv, ugyanakkor k\u00fcl\u00f6n\u00f6sen is kiemeli Isten ember ir\u00e1nti szeretet\u00e9t. J\u00e9zus arra k\u00e9ri tan\u00edtv\u00e1nyait, hogy n\u00e9zz\u00e9k az \u00e9g madarait \u00e9s a mez\u0151k liliomait. A Teremt\u0151 sz\u00e1m\u00e1ra ezek is \u00e9rt\u00e9kesek, gondoskodik r\u00f3luk \u00e9s sz\u00e9ps\u00e9gbe \u00f6lt\u00f6zteti \u0151ket. Ha pedig Isten ilyen b\u0151kez\u0171en gondoskodik a n\u00f6v\u00e9nyekr\u0151l \u00e9s az \u00e1llatokr\u00f3l, mennyivel ink\u00e1bb figyel szeretett fiaira \u00e9s le\u00e1nyaira \u2013 mutatott r\u00e1 a p\u00e1pa. A teremtett vil\u00e1g szeml\u00e9l\u00e9se teh\u00e1t nem \u00f6nmag\u00e1\u00e9rt val\u00f3. Seg\u00edt felismerni, hogy az ember nem mag\u00e1ra hagyva \u00e9l a vil\u00e1gban, hanem egy olyan teremt\u00e9s r\u00e9sze, amely Isten szeretet\u00e9b\u0151l sz\u00fcletett, \u00e9s amelyben az ember k\u00fcl\u00f6nleges helyet \u00e9s felel\u0151ss\u00e9get kapott.<\/p>\n<p>Szeptember elsej\u00e9n egyben megkezd\u0151dik a \u201eTeremtett vil\u00e1g ideje\u201d, az az \u00f6t h\u00e9ten \u00e1t tart\u00f3 id\u0151szak, amelyet az Egyh\u00e1z az im\u00e1ds\u00e1gnak \u00e9s a k\u00f6z\u00f6s otthon gondoz\u00e1sa melletti elk\u00f6telez\u0151d\u00e9snek szentel. XIV. Le\u00f3 ennek kapcs\u00e1n nagyon konkr\u00e9t felh\u00edv\u00e1ssal fordult a h\u00edvekhez. Arra buzd\u00edtott, hogy ezen a napon \u00e9s a k\u00f6vetkez\u0151 hetekben szak\u00edtsunk n\u00e9h\u00e1ny percet a mindennapi tev\u00e9kenys\u00e9gek rohan\u00e1s\u00e1b\u00f3l, \u00e9s \u00edzlelj\u00fck meg annak a nagy harm\u00f3ni\u00e1nak a sz\u00e9ps\u00e9g\u00e9t, amelynek mi magunk is r\u00e9szei vagyunk. \u201e\u00c1ll\u00edtsuk \u00bbcsendes \u00fczemm\u00f3dba\u00ab az emberi tev\u00e9kenys\u00e9g minden zaj\u00e1t, hogy meghalljuk a teremt\u00e9s dallamos hangj\u00e1t, amelyben Isten, mindenek Alkot\u00f3ja sz\u00f3l hozz\u00e1nk\u201d \u2013 fogalmazott a Szentatya.<\/p>\n<p><strong>A szeml\u00e9l\u0151d\u00e9st\u0151l az \u00f6kol\u00f3giai megt\u00e9r\u00e9sig<\/strong><\/p>\n<p>Le\u00f3 p\u00e1pa szerint ez a szeml\u00e9l\u0151d\u00e9s egyben az \u00darral val\u00f3 tal\u00e1lkoz\u00e1s \u00fatja. \u00c9s \u00e9ppen ebb\u0151l a tal\u00e1lkoz\u00e1sb\u00f3l indulhat el az, amit az Egyh\u00e1z \u201ehiteles \u00f6kol\u00f3giai megt\u00e9r\u00e9snek\u201d nevez: amikor a J\u00e9zus Krisztussal val\u00f3 tal\u00e1lkoz\u00e1s k\u00f6vetkezm\u00e9nyei l\u00e1that\u00f3v\u00e1 v\u00e1lnak abban is, ahogyan a benn\u00fcnket k\u00f6r\u00fclvev\u0151 vil\u00e1ghoz viszonyulunk. A teremt\u00e9s szeml\u00e9l\u00e9se \u00e9s a Teremt\u0151vel val\u00f3 tal\u00e1lkoz\u00e1s seg\u00edt felismerni k\u00fcl\u00f6nleges hely\u00fcnket Isten csod\u00e1latos terv\u00e9ben. Ugyanakkor tudatos\u00edtja szem\u00e9lyes \u00e9s k\u00f6z\u00f6ss\u00e9gi felel\u0151ss\u00e9g\u00fcnket is abban, hogy meg\u0151rizz\u00fck a teremt\u00e9s eredeti harm\u00f3ni\u00e1j\u00e1t. Ehhez azonban fel kell ismern\u00fcnk saj\u00e1t mulaszt\u00e1sainkat \u00e9s t\u00e9ved\u00e9seinket is \u2013 hangs\u00falyozta XIV. Le\u00f3. Ebb\u0151l a felismer\u00e9sb\u0151l sz\u00fclethet meg az \u00faj elk\u00f6telezetts\u00e9g arra, hogy a Teremt\u0151 akarata szerint helyre\u00e1ll\u00edtsuk a teremtm\u00e9nyek k\u00f6z\u00f6tti kapcsolatokat.<\/p>\n<p>A Szentatya ezen a ponton a Teremtett vil\u00e1g gondoz\u00e1s\u00e1\u00e9rt tartott idei imanap \u00fczenet\u00e9nek egyik k\u00f6zponti gondolat\u00e1t id\u00e9zte fel: Izaj\u00e1s pr\u00f3f\u00e9ta felsz\u00f3l\u00edt\u00e1s\u00e1t, hogy \u201ekov\u00e1csolj\u00e1k ekevasakk\u00e1 kardjaikat\u201d (v\u00f6. Iz 2,4). Ez a bibliai k\u00e9p arra h\u00edv, hogy azt, amit az ember a puszt\u00edt\u00e1s szolg\u00e1lat\u00e1ba \u00e1ll\u00edtott, ford\u00edtsa ism\u00e9t az \u00e9let szolg\u00e1lat\u00e1ba. \u201eM\u00e9g nem k\u00e9s\u0151\u201d \u2013 hangs\u00falyozta a p\u00e1pa. A \u201eTeremtett vil\u00e1g ideje\u201d, amely okt\u00f3ber 4-\u00e9n \u00e9r v\u00e9get m\u00e9ly megt\u00e9r\u00e9sre sz\u00f3l\u00edt benn\u00fcnket. \u201eAmit puszt\u00edt\u00e1sra haszn\u00e1ltak, azt \u00fajra az \u00e9let szolg\u00e1lat\u00e1ba lehet \u00e1ll\u00edtani: a szeg\u00e9nyek gondoz\u00e1s\u00e1ra, az \u00e9hez\u0151k t\u00e1pl\u00e1l\u00e1s\u00e1ra \u00e9s a teremtett vil\u00e1g meg\u00f3v\u00e1s\u00e1ra.\u201d<\/p>\n<p><strong>Szent Ferenc \u00e9s a teremt\u00e9s dics\u00e9rete<\/strong><\/p>\n<p>A szeptember elsej\u00e9n megnyitott \u201eTeremtett vil\u00e1g ideje\u201d okt\u00f3ber 4-\u00e9n \u00e9r v\u00e9get, amikor Assisi Szent Ferenc tranzitus\u00e1nak, vagyis f\u00f6ldi \u00e9letb\u0151l val\u00f3 t\u00e1voz\u00e1s\u00e1nak nyolcsz\u00e1zadik \u00e9vfordul\u00f3j\u00e1t \u00fcnnepli az egyh\u00e1z. XIV. Le\u00f3 felid\u00e9zte, hogy Ferenc p\u00e1pa k\u00fcl\u00f6n\u00f6sen is Assisi szeg\u00e9nyk\u00e9j\u00e9b\u0151l mer\u00edtett ihletet, amikor meg\u00edrta Laudato si\u2019 kezdet\u0171 enciklik\u00e1j\u00e1t, \u00e9s amikor \u00e9letre h\u00edvta a Castel Gandolfo-i Borgo Laudato si\u2019-t, amely most otthont adott a szentmise r\u00e9sztvev\u0151inek. A p\u00e1pa ez\u00e9rt arra k\u00e9rte a jelenl\u00e9v\u0151ket, hogy l\u00e9lekben csatlakozzanak Assisi Szent Ferenchez, \u00e9s fogadj\u00e1k sz\u00edv\u00fckbe h\u00edres Naphimnusz\u00e1nak dics\u00e9ret\u00e9t: \u201e\u00c1ldott l\u00e9gy, Uram, minden teremtm\u00e9nyeddel, k\u00fcl\u00f6n\u00f6sen urunk-b\u00e1ty\u00e1nkkal, a Nappal\u201d \u2013 id\u00e9zte a Szentatya, majd feleleven\u00edtette a himnusznak a Hold\u00e9rt \u00e9s a csillagok\u00e9rt, a sz\u00e9l\u00e9rt, a v\u00edz\u00e9rt, a t\u0171z\u00e9rt \u00e9s \u201eF\u00f6ldanya n\u0151v\u00e9r\u00fcnk\u00e9rt\u201d mondott h\u00e1la szavait.<\/p>\n<p>XIV. Le\u00f3 hom\u00edli\u00e1ja v\u00e9g\u00e9n \u00f6sszekapcsolta a teremtett vil\u00e1g gondoz\u00e1s\u00e1t az egyetemes testv\u00e9ris\u00e9g eszm\u00e9ny\u00e9vel. Szent Ferenc p\u00e9ld\u00e1j\u00e1t k\u00f6vetve arra h\u00edvott, hogy \u00faj\u00edtsuk meg elk\u00f6telezetts\u00e9g\u00fcnket egy olyan testv\u00e9ris\u00e9g mellett, amely nemcsak az emberek egym\u00e1s k\u00f6z\u00f6tti kapcsolat\u00e1ra vonatkozik, hanem elv\u00e1laszthatatlan a teremtett vil\u00e1g ir\u00e1nti felel\u0151ss\u00e9gt\u0151l is. \u201eSzent Ferenccel egy\u00fctt meg akarjuk \u00faj\u00edtani elk\u00f6telezetts\u00e9g\u00fcnket, hogy meg\u00e9lj\u00fck \u00e9s el\u0151mozd\u00edtsuk azt az egyetemes testv\u00e9ris\u00e9get, amely elv\u00e1laszthatatlanul \u00f6sszekapcsol\u00f3dik a teremtett vil\u00e1g meg\u00f3v\u00e1s\u00e1nak feladat\u00e1val\u201d \u2013 z\u00e1rta szeptember elsejei hom\u00edli\u00e1j\u00e1t XIV. Le\u00f3 p\u00e1pa a Castel Gandolfo-i Laudato si\u2019 faluban.<\/p>\n<p><iframe loading=\"lazy\" title=\"Highlights - Holy Mass, September 1, 2026 \u2013 Pope Leo XIV\" width=\"1080\" height=\"608\" src=\"https:\/\/www.youtube.com\/embed\/HxgYwjavsQY?feature=oembed\" frameborder=\"0\" allow=\"accelerometer; autoplay; clipboard-write; encrypted-media; gyroscope; picture-in-picture; web-share\" referrerpolicy=\"strict-origin-when-cross-origin\" allowfullscreen><\/iframe><\/p>\n<p style=\"text-align: right;\"><em>Forr\u00e1s &#8211; <a href=\"https:\/\/www.vaticannews.va\/hu\/papa\/news\/2026-09\/leo-papa-szentmise-szeptember-1-teremtesvedelem-imavilagnap.html\" target=\"_blank\" rel=\"noopener\">www.vaticannews.va<\/a><\/em><\/p>\n","protected":false},"excerpt":{"rendered":"<p>XIV. Le\u00f3 p\u00e1pa szeptember elsej\u00e9n, a Teremt\u00e9sv\u00e9delem imavil\u00e1gnapj\u00e1n este 6 \u00f3rakor szentmis\u00e9t mutatott be Castel Gandolf\u00f3ban, a Borgo Laudato si\u2019-ben. Hom\u00edli\u00e1j\u00e1ban arra h\u00edvta a h\u00edveket, hogy a mindennapok rohan\u00e1s\u00e1b\u00f3l kil\u00e9pve \u00e1lljanak meg a teremtett vil\u00e1g sz\u00e9ps\u00e9ge el\u0151tt, \u00e9s ismerj\u00e9k fel benne Isten szeretet\u00e9nek jeleit. A teremt\u00e9s szeml\u00e9l\u00e9se ugyanakkor nem maradhat puszt\u00e1n a term\u00e9szet sz\u00e9ps\u00e9ge felett [&hellip;]<\/p>\n","protected":false},"author":1,"featured_media":16241,"comment_status":"open","ping_status":"open","sticky":false,"template":"","format":"standard","meta":{"_acf_changed":false,"_et_pb_use_builder":"","_et_pb_old_content":"","_et_gb_content_width":"","footnotes":""},"categories":[60],"tags":[],"class_list":["post-16240","post","type-post","status-publish","format-standard","has-post-thumbnail","hentry","category-egyeb-egyhazi-hirek","et-has-post-format-content","et_post_format-et-post-format-standard"],"acf":[],"_links":{"self":[{"href":"https:\/\/munkacs-diocese.org\/hu\/wp-json\/wp\/v2\/posts\/16240"}],"collection":[{"href":"https:\/\/munkacs-diocese.org\/hu\/wp-json\/wp\/v2\/posts"}],"about":[{"href":"https:\/\/munkacs-diocese.org\/hu\/wp-json\/wp\/v2\/types\/post"}],"author":[{"embeddable":true,"href":"https:\/\/munkacs-diocese.org\/hu\/wp-json\/wp\/v2\/users\/1"}],"replies":[{"embeddable":true,"href":"https:\/\/munkacs-diocese.org\/hu\/wp-json\/wp\/v2\/comments?post=16240"}],"version-history":[{"count":1,"href":"https:\/\/munkacs-diocese.org\/hu\/wp-json\/wp\/v2\/posts\/16240\/revisions"}],"predecessor-version":[{"id":16242,"href":"https:\/\/munkacs-diocese.org\/hu\/wp-json\/wp\/v2\/posts\/16240\/revisions\/16242"}],"wp:featuredmedia":[{"embeddable":true,"href":"https:\/\/munkacs-diocese.org\/hu\/wp-json\/wp\/v2\/media\/16241"}],"wp:attachment":[{"href":"https:\/\/munkacs-diocese.org\/hu\/wp-json\/wp\/v2\/media?parent=16240"}],"wp:term":[{"taxonomy":"category","embeddable":true,"href":"https:\/\/munkacs-diocese.org\/hu\/wp-json\/wp\/v2\/categories?post=16240"},{"taxonomy":"post_tag","embeddable":true,"href":"https:\/\/munkacs-diocese.org\/hu\/wp-json\/wp\/v2\/tags?post=16240"}],"curies":[{"name":"wp","href":"https:\/\/api.w.org\/{rel}","templated":true}]}}