{"id":16204,"date":"2026-09-01T14:32:42","date_gmt":"2026-09-01T12:32:42","guid":{"rendered":"https:\/\/munkacs-diocese.org\/hu\/?p=16204"},"modified":"2026-09-01T14:32:42","modified_gmt":"2026-09-01T12:32:42","slug":"szuntelenul-imadkozzunk-a-bekeert-okumenikus-maraton-posahazan","status":"publish","type":"post","link":"https:\/\/munkacs-diocese.org\/hu\/2026\/09\/01\/szuntelenul-imadkozzunk-a-bekeert-okumenikus-maraton-posahazan\/","title":{"rendered":"Sz\u00fcntelen\u00fcl  im\u00e1dkozzunk a b\u00e9k\u00e9\u00e9rt \u2013 \u00d6kumenikus maraton P\u00f3sah\u00e1z\u00e1n"},"content":{"rendered":"<div id=\"fb-root\"><\/div>\n<p><strong>Augusztus 29-\u00e9n, Ukrajna v\u00e9d\u0151inek eml\u00e9knapj\u00e1n \u00f6kumenikus ima-, b\u0171nb\u00e1nati \u00e9s b\u00f6jti napot tartottak Ukrajna b\u00e9k\u00e9j\u00e9\u00e9rt P\u00f3sah\u00e1z\u00e1n (Munk\u00e1csi j\u00e1r\u00e1s), a Saint-Marc-i Szent J\u00f3zsef n\u0151v\u00e9rek r\u00f3mai katolikus kolostor\u00e1ban.<\/strong><\/p>\n<p>\u200bA rendezv\u00e9ny Ligy Payyappilly SJSM n\u0151v\u00e9r kezdem\u00e9nyez\u00e9s\u00e9re \u00e9s rendt\u00e1rsai t\u00e1mogat\u00e1s\u00e1val val\u00f3sult meg. Az esem\u00e9nyhez k\u00fcl\u00f6nb\u00f6z\u0151 felekezetek p\u00fcsp\u00f6kei, paps\u00e1ga \u00e9s vil\u00e1gi h\u00edvei, valamint K\u00e1rp\u00e1talja megyei vezet\u00e9s\u00e9nek k\u00e9pvisel\u0151i is csatlakoztak.<\/p>\n\n\t\t<style type=\"text\/css\">\n\t\t\t#gallery-1 {\n\t\t\t\tmargin: auto;\n\t\t\t}\n\t\t\t#gallery-1 .gallery-item {\n\t\t\t\tfloat: left;\n\t\t\t\tmargin-top: 10px;\n\t\t\t\ttext-align: center;\n\t\t\t\twidth: 33%;\n\t\t\t}\n\t\t\t#gallery-1 img {\n\t\t\t\tborder: 2px solid #cfcfcf;\n\t\t\t}\n\t\t\t#gallery-1 .gallery-caption {\n\t\t\t\tmargin-left: 0;\n\t\t\t}\n\t\t\t\/* see gallery_shortcode() in wp-includes\/media.php *\/\n\t\t<\/style>\n\t\t<div id='gallery-1' class='gallery galleryid-16204 gallery-columns-3 gallery-size-full'><dl class='gallery-item'>\n\t\t\t<dt class='gallery-icon landscape'>\n\t\t\t\t<a href='https:\/\/munkacs-diocese.org\/hu\/wp-content\/uploads\/2026\/09\/2026.07.29-pavshyno-001.jpg'><img loading=\"lazy\" decoding=\"async\" width=\"1382\" height=\"922\" src=\"https:\/\/munkacs-diocese.org\/hu\/wp-content\/uploads\/2026\/09\/2026.07.29-pavshyno-001.jpg\" class=\"attachment-full size-full\" alt=\"\" srcset=\"https:\/\/munkacs-diocese.org\/hu\/wp-content\/uploads\/2026\/09\/2026.07.29-pavshyno-001.jpg 1382w, https:\/\/munkacs-diocese.org\/hu\/wp-content\/uploads\/2026\/09\/2026.07.29-pavshyno-001-300x200.jpg 300w, https:\/\/munkacs-diocese.org\/hu\/wp-content\/uploads\/2026\/09\/2026.07.29-pavshyno-001-1024x683.jpg 1024w, https:\/\/munkacs-diocese.org\/hu\/wp-content\/uploads\/2026\/09\/2026.07.29-pavshyno-001-768x512.jpg 768w, https:\/\/munkacs-diocese.org\/hu\/wp-content\/uploads\/2026\/09\/2026.07.29-pavshyno-001-1080x721.jpg 1080w\" sizes=\"(max-width: 1382px) 100vw, 1382px\" \/><\/a>\n\t\t\t<\/dt><\/dl><dl class='gallery-item'>\n\t\t\t<dt class='gallery-icon landscape'>\n\t\t\t\t<a href='https:\/\/munkacs-diocese.org\/hu\/wp-content\/uploads\/2026\/09\/2026.07.29-pavshyno-002.jpg'><img loading=\"lazy\" decoding=\"async\" width=\"1382\" height=\"922\" src=\"https:\/\/munkacs-diocese.org\/hu\/wp-content\/uploads\/2026\/09\/2026.07.29-pavshyno-002.jpg\" class=\"attachment-full size-full\" alt=\"\" srcset=\"https:\/\/munkacs-diocese.org\/hu\/wp-content\/uploads\/2026\/09\/2026.07.29-pavshyno-002.jpg 1382w, https:\/\/munkacs-diocese.org\/hu\/wp-content\/uploads\/2026\/09\/2026.07.29-pavshyno-002-300x200.jpg 300w, https:\/\/munkacs-diocese.org\/hu\/wp-content\/uploads\/2026\/09\/2026.07.29-pavshyno-002-1024x683.jpg 1024w, https:\/\/munkacs-diocese.org\/hu\/wp-content\/uploads\/2026\/09\/2026.07.29-pavshyno-002-768x512.jpg 768w, https:\/\/munkacs-diocese.org\/hu\/wp-content\/uploads\/2026\/09\/2026.07.29-pavshyno-002-1080x721.jpg 1080w\" sizes=\"(max-width: 1382px) 100vw, 1382px\" \/><\/a>\n\t\t\t<\/dt><\/dl><dl class='gallery-item'>\n\t\t\t<dt class='gallery-icon landscape'>\n\t\t\t\t<a href='https:\/\/munkacs-diocese.org\/hu\/wp-content\/uploads\/2026\/09\/2026.07.29-pavshyno-003.jpg'><img loading=\"lazy\" decoding=\"async\" width=\"1382\" height=\"922\" src=\"https:\/\/munkacs-diocese.org\/hu\/wp-content\/uploads\/2026\/09\/2026.07.29-pavshyno-003.jpg\" class=\"attachment-full size-full\" alt=\"\" srcset=\"https:\/\/munkacs-diocese.org\/hu\/wp-content\/uploads\/2026\/09\/2026.07.29-pavshyno-003.jpg 1382w, https:\/\/munkacs-diocese.org\/hu\/wp-content\/uploads\/2026\/09\/2026.07.29-pavshyno-003-300x200.jpg 300w, https:\/\/munkacs-diocese.org\/hu\/wp-content\/uploads\/2026\/09\/2026.07.29-pavshyno-003-1024x683.jpg 1024w, https:\/\/munkacs-diocese.org\/hu\/wp-content\/uploads\/2026\/09\/2026.07.29-pavshyno-003-768x512.jpg 768w, https:\/\/munkacs-diocese.org\/hu\/wp-content\/uploads\/2026\/09\/2026.07.29-pavshyno-003-1080x721.jpg 1080w\" sizes=\"(max-width: 1382px) 100vw, 1382px\" \/><\/a>\n\t\t\t<\/dt><\/dl><br style=\"clear: both\" \/>\n\t\t<\/div>\n\n<p>Els\u0151k\u00e9nt Lucsok Mikl\u00f3s OP megy\u00e9sp\u00fcsp\u00f6k k\u00f6sz\u00f6nt\u00f6tte a r\u00e9sztvev\u0151ket. Hangs\u00falyozta, nem az\u00e9rt gy\u0171lt\u00fcnk \u00f6ssze, mert nem im\u00e1dkozunk. \u201eMindannyian im\u00e1dkozunk. T\u00f6bb mint biztos vagyok benne, hogy k\u00fcl\u00f6n\u00f6sen 2022. febru\u00e1r 24-e \u00f3ta mindannyian \u00e1llhatatosak vagyunk az im\u00e1ban. Nincs olyan ember, aki ne im\u00e1dkozna. Mi viszont az\u00e9rt gy\u0171lt\u00fcnk itt \u00f6ssze, mert Isten mindannyiunkat megsz\u00f3l\u00edtott, akik itt vagyunk \u2013 benneteket \u00e9s engem is Isten h\u00edvott meg.\u201d<\/p>\n<p>\u200bA p\u00fcsp\u00f6k h\u00e1l\u00e1j\u00e1t fejezte ki Ligy n\u0151v\u00e9rnek, a lelki maratonnak nevezett imanap megszervez\u00e9s\u00e9\u00e9rt, v\u00e9g\u00fcl pedig im\u00e1t mondott a jelenl\u00e9v\u0151k\u00e9rt \u00e9s az eg\u00e9sz n\u00e9p\u00e9rt.<\/p>\n\n\t\t<style type=\"text\/css\">\n\t\t\t#gallery-2 {\n\t\t\t\tmargin: auto;\n\t\t\t}\n\t\t\t#gallery-2 .gallery-item {\n\t\t\t\tfloat: left;\n\t\t\t\tmargin-top: 10px;\n\t\t\t\ttext-align: center;\n\t\t\t\twidth: 50%;\n\t\t\t}\n\t\t\t#gallery-2 img {\n\t\t\t\tborder: 2px solid #cfcfcf;\n\t\t\t}\n\t\t\t#gallery-2 .gallery-caption {\n\t\t\t\tmargin-left: 0;\n\t\t\t}\n\t\t\t\/* see gallery_shortcode() in wp-includes\/media.php *\/\n\t\t<\/style>\n\t\t<div id='gallery-2' class='gallery galleryid-16204 gallery-columns-2 gallery-size-full'><dl class='gallery-item'>\n\t\t\t<dt class='gallery-icon landscape'>\n\t\t\t\t<a href='https:\/\/munkacs-diocese.org\/hu\/wp-content\/uploads\/2026\/09\/2026.07.29-pavshyno-010.jpg'><img loading=\"lazy\" decoding=\"async\" width=\"1382\" height=\"922\" src=\"https:\/\/munkacs-diocese.org\/hu\/wp-content\/uploads\/2026\/09\/2026.07.29-pavshyno-010.jpg\" class=\"attachment-full size-full\" alt=\"\" srcset=\"https:\/\/munkacs-diocese.org\/hu\/wp-content\/uploads\/2026\/09\/2026.07.29-pavshyno-010.jpg 1382w, https:\/\/munkacs-diocese.org\/hu\/wp-content\/uploads\/2026\/09\/2026.07.29-pavshyno-010-300x200.jpg 300w, https:\/\/munkacs-diocese.org\/hu\/wp-content\/uploads\/2026\/09\/2026.07.29-pavshyno-010-1024x683.jpg 1024w, https:\/\/munkacs-diocese.org\/hu\/wp-content\/uploads\/2026\/09\/2026.07.29-pavshyno-010-768x512.jpg 768w, https:\/\/munkacs-diocese.org\/hu\/wp-content\/uploads\/2026\/09\/2026.07.29-pavshyno-010-1080x721.jpg 1080w\" sizes=\"(max-width: 1382px) 100vw, 1382px\" \/><\/a>\n\t\t\t<\/dt><\/dl><dl class='gallery-item'>\n\t\t\t<dt class='gallery-icon landscape'>\n\t\t\t\t<a href='https:\/\/munkacs-diocese.org\/hu\/wp-content\/uploads\/2026\/09\/2026.07.29-pavshyno-011.jpg'><img loading=\"lazy\" decoding=\"async\" width=\"1382\" height=\"922\" src=\"https:\/\/munkacs-diocese.org\/hu\/wp-content\/uploads\/2026\/09\/2026.07.29-pavshyno-011.jpg\" class=\"attachment-full size-full\" alt=\"\" srcset=\"https:\/\/munkacs-diocese.org\/hu\/wp-content\/uploads\/2026\/09\/2026.07.29-pavshyno-011.jpg 1382w, https:\/\/munkacs-diocese.org\/hu\/wp-content\/uploads\/2026\/09\/2026.07.29-pavshyno-011-300x200.jpg 300w, https:\/\/munkacs-diocese.org\/hu\/wp-content\/uploads\/2026\/09\/2026.07.29-pavshyno-011-1024x683.jpg 1024w, https:\/\/munkacs-diocese.org\/hu\/wp-content\/uploads\/2026\/09\/2026.07.29-pavshyno-011-768x512.jpg 768w, https:\/\/munkacs-diocese.org\/hu\/wp-content\/uploads\/2026\/09\/2026.07.29-pavshyno-011-1080x721.jpg 1080w\" sizes=\"(max-width: 1382px) 100vw, 1382px\" \/><\/a>\n\t\t\t<\/dt><\/dl><br style=\"clear: both\" \/>\n\t\t<\/div>\n\n<p>Ezt k\u00f6vet\u0151en Vitalij Szkomarovszkij p\u00fcsp\u00f6k, az Ukrajnai R\u00f3mai Katolikus P\u00fcsp\u00f6ki Konferencia eln\u00f6ke kapott sz\u00f3t. Hangs\u00falyozta az ima fontoss\u00e1g\u00e1t, \u00e9s eml\u00e9keztetett arra, hogy a mai nap Ukrajna elesett v\u00e9delmez\u0151inek az eml\u00e9knapja. \u201eA h\u00e1bor\u00fanak megvan a maga f\u00f6ldrajza\u2026 A romok p\u00e9ld\u00e1ul ink\u00e1bb ott keleten vagy Kijevben vannak, itt kevesebb van bel\u0151l\u00fck. De ha kimegy\u00fcnk a temet\u0151be, a temet\u0151k minden\u00fctt egyform\u00e1k. Luckban, Munk\u00e1cson vagy Harkivban \u2013 v\u00e9d\u0151ink s\u00edrjain minden\u00fctt z\u00e1szl\u00f3erd\u0151k fogadnak. Amikor az ember ezt l\u00e1tja, nagyon f\u00e1j a sz\u00edve.\u201d<\/p>\n<p>\u00c9rdemes megjegyezni, hogy az elesett v\u00e9d\u0151k\u00e9rt mondott im\u00e1ds\u00e1g sor\u00e1n az eg\u00e9sz k\u00f6z\u00f6ss\u00e9g tisztelet\u00e9t fejezte ki a h\u0151s\u00f6k \u00a0el\u0151tt: egyesek \u00e1llva, m\u00e1sok t\u00e9rdre borulva eml\u00e9keztek.<\/p>\n\n\t\t<style type=\"text\/css\">\n\t\t\t#gallery-3 {\n\t\t\t\tmargin: auto;\n\t\t\t}\n\t\t\t#gallery-3 .gallery-item {\n\t\t\t\tfloat: left;\n\t\t\t\tmargin-top: 10px;\n\t\t\t\ttext-align: center;\n\t\t\t\twidth: 33%;\n\t\t\t}\n\t\t\t#gallery-3 img {\n\t\t\t\tborder: 2px solid #cfcfcf;\n\t\t\t}\n\t\t\t#gallery-3 .gallery-caption {\n\t\t\t\tmargin-left: 0;\n\t\t\t}\n\t\t\t\/* see gallery_shortcode() in wp-includes\/media.php *\/\n\t\t<\/style>\n\t\t<div id='gallery-3' class='gallery galleryid-16204 gallery-columns-3 gallery-size-full'><dl class='gallery-item'>\n\t\t\t<dt class='gallery-icon landscape'>\n\t\t\t\t<a href='https:\/\/munkacs-diocese.org\/hu\/wp-content\/uploads\/2026\/09\/2026.07.29-pavshyno-012.jpg'><img loading=\"lazy\" decoding=\"async\" width=\"1382\" height=\"922\" src=\"https:\/\/munkacs-diocese.org\/hu\/wp-content\/uploads\/2026\/09\/2026.07.29-pavshyno-012.jpg\" class=\"attachment-full size-full\" alt=\"\" srcset=\"https:\/\/munkacs-diocese.org\/hu\/wp-content\/uploads\/2026\/09\/2026.07.29-pavshyno-012.jpg 1382w, https:\/\/munkacs-diocese.org\/hu\/wp-content\/uploads\/2026\/09\/2026.07.29-pavshyno-012-300x200.jpg 300w, https:\/\/munkacs-diocese.org\/hu\/wp-content\/uploads\/2026\/09\/2026.07.29-pavshyno-012-1024x683.jpg 1024w, https:\/\/munkacs-diocese.org\/hu\/wp-content\/uploads\/2026\/09\/2026.07.29-pavshyno-012-768x512.jpg 768w, https:\/\/munkacs-diocese.org\/hu\/wp-content\/uploads\/2026\/09\/2026.07.29-pavshyno-012-1080x721.jpg 1080w\" sizes=\"(max-width: 1382px) 100vw, 1382px\" \/><\/a>\n\t\t\t<\/dt><\/dl><dl class='gallery-item'>\n\t\t\t<dt class='gallery-icon landscape'>\n\t\t\t\t<a href='https:\/\/munkacs-diocese.org\/hu\/wp-content\/uploads\/2026\/09\/2026.07.29-pavshyno-013.jpg'><img loading=\"lazy\" decoding=\"async\" width=\"1382\" height=\"922\" src=\"https:\/\/munkacs-diocese.org\/hu\/wp-content\/uploads\/2026\/09\/2026.07.29-pavshyno-013.jpg\" class=\"attachment-full size-full\" alt=\"\" srcset=\"https:\/\/munkacs-diocese.org\/hu\/wp-content\/uploads\/2026\/09\/2026.07.29-pavshyno-013.jpg 1382w, https:\/\/munkacs-diocese.org\/hu\/wp-content\/uploads\/2026\/09\/2026.07.29-pavshyno-013-300x200.jpg 300w, https:\/\/munkacs-diocese.org\/hu\/wp-content\/uploads\/2026\/09\/2026.07.29-pavshyno-013-1024x683.jpg 1024w, https:\/\/munkacs-diocese.org\/hu\/wp-content\/uploads\/2026\/09\/2026.07.29-pavshyno-013-768x512.jpg 768w, https:\/\/munkacs-diocese.org\/hu\/wp-content\/uploads\/2026\/09\/2026.07.29-pavshyno-013-1080x721.jpg 1080w\" sizes=\"(max-width: 1382px) 100vw, 1382px\" \/><\/a>\n\t\t\t<\/dt><\/dl><dl class='gallery-item'>\n\t\t\t<dt class='gallery-icon landscape'>\n\t\t\t\t<a href='https:\/\/munkacs-diocese.org\/hu\/wp-content\/uploads\/2026\/09\/2026.07.29-pavshyno-014.jpg'><img loading=\"lazy\" decoding=\"async\" width=\"1382\" height=\"922\" src=\"https:\/\/munkacs-diocese.org\/hu\/wp-content\/uploads\/2026\/09\/2026.07.29-pavshyno-014.jpg\" class=\"attachment-full size-full\" alt=\"\" srcset=\"https:\/\/munkacs-diocese.org\/hu\/wp-content\/uploads\/2026\/09\/2026.07.29-pavshyno-014.jpg 1382w, https:\/\/munkacs-diocese.org\/hu\/wp-content\/uploads\/2026\/09\/2026.07.29-pavshyno-014-300x200.jpg 300w, https:\/\/munkacs-diocese.org\/hu\/wp-content\/uploads\/2026\/09\/2026.07.29-pavshyno-014-1024x683.jpg 1024w, https:\/\/munkacs-diocese.org\/hu\/wp-content\/uploads\/2026\/09\/2026.07.29-pavshyno-014-768x512.jpg 768w, https:\/\/munkacs-diocese.org\/hu\/wp-content\/uploads\/2026\/09\/2026.07.29-pavshyno-014-1080x721.jpg 1080w\" sizes=\"(max-width: 1382px) 100vw, 1382px\" \/><\/a>\n\t\t\t<\/dt><\/dl><br style=\"clear: both\" \/>\n\t\t<\/div>\n\n<p>Sz\u00f3t kapott a b\u00e9k\u00e9\u00e9rt tartott felekezetk\u00f6zi im\u00e1ds\u00e1gon jelen l\u00e9v\u0151 Roman Szaraj, a K\u00e1rp\u00e1taljai Megyei Tan\u00e1cs eln\u00f6ke is. Mint elmondta, megtiszteltet\u00e9s sz\u00e1m\u00e1ra, hogy az egybegy\u0171lt k\u00f6z\u00f6ss\u00e9ggel egy\u00fctt im\u00e1dkozhat \u201eUkrajn\u00e1nk\u00e9rt, az igazs\u00e1gos b\u00e9ke elj\u00f6vetel\u00e9\u00e9rt\u201d, valamint az\u00e9rt, hogy \u201emindannyian egy b\u00e9k\u00e9s, f\u00fcggetlen \u00e9s vir\u00e1gz\u00f3 orsz\u00e1gban \u00e9lhess\u00fcnk, dolgozhassunk \u00e9s \u00f6r\u00fclhess\u00fcnk az \u00e9letnek\u201d.<\/p>\n<p>\u200bVisvaldas Kulbokas \u00e9rsek, Ukrajna apostoli nunciusa vide\u00f3\u00fczenetben fordult a egybegy\u0171ltekhez, felh\u00edvva a figyelmet arra, hogy a kereszt\u00e9nyek, a zsid\u00f3k \u00e9s a muszlimok mind Isten gyermekei. Hangs\u00falyozta, hogy ez egy nagyon al\u00e1zatos k\u00f6z\u00f6s im\u00e1ds\u00e1g. Kulbokas \u00e9rsek kiemelte ezen imatal\u00e1lkoz\u00f3 fontoss\u00e1g\u00e1t, \u00e9s mindenkire \u00e1ld\u00e1s\u00e1t adta.<\/p>\n<p>\u200bA Munk\u00e1csi G\u00f6r\u00f6gkatolikus Egyh\u00e1zmegy\u00e9t Petro Beres atya, az ungv\u00e1ri szemin\u00e1rium rektora, valamint a paps\u00e1g \u00e9s a szeminarist\u00e1k k\u00e9pviselt\u00e9k. \u00c1tadva Teodor Macapula IVE p\u00fcsp\u00f6k \u00fcdv\u00f6zlet\u00e9t, a keleti r\u00edtusra jellemz\u0151 im\u00e1kat \u00e9nekeltek. Az evang\u00e9liumi r\u00e9szlet felolvas\u00e1sa ut\u00e1n a rektor atya megjegyezte: Krisztus \u201eszenved\u00e9se el\u0151tt azt mondja tan\u00edtv\u00e1nyainak, hogy a tov\u00e1bbiakban nem nevezi \u0151ket szolg\u00e1knak, hanem a bar\u00e1tainak fogja h\u00edvni \u0151ket\u201d. Kiemelte annak fontoss\u00e1g\u00e1t, hogy a k\u00fcl\u00f6nb\u00f6z\u0151 k\u00f6z\u00f6ss\u00e9gek k\u00e9pvisel\u0151i bar\u00e1tk\u00e9nt tekintsenek itt egym\u00e1sra, hiszen \u201eaz \u00dar ma ism\u00e9t, \u00fajonnan fel akar \u00e9p\u00edteni minket, \u00fajonnan meg akar teremteni minket, a saj\u00e1t bar\u00e1taiv\u00e1 akar tenni benn\u00fcnket, \u00e9s ezzel egy id\u0151ben azt akarja, hogy egym\u00e1s bar\u00e1taiv\u00e1 is v\u00e1ljunk\u201d. Ez k\u00fcl\u00f6n\u00f6sen fontos az orsz\u00e1gunkban zajl\u00f3 h\u00e1bor\u00fa miatt, amely megfoszt minket az \u00f6r\u00f6mt\u0151l. A Szentl\u00e9lek azonban \u00fajra fel akar \u00e9breszteni minket, \u00e9s meg akar tan\u00edtani arra, hogy ism\u00e9t \u00e9szrevegy\u00fck az \u0150 \u00e1ltala teremtett term\u00e9szetet, azokat, akik \u00e9rt\u00fcnk im\u00e1dkoznak, valamint azokat, akik megv\u00e9denek minket, \u00e9s megeml\u00e9kezz\u00fcnk azokr\u00f3l is, akik az \u00e9let\u00fcket adt\u00e1k \u00e9rt\u00fcnk.<\/p>\n\n\t\t<style type=\"text\/css\">\n\t\t\t#gallery-4 {\n\t\t\t\tmargin: auto;\n\t\t\t}\n\t\t\t#gallery-4 .gallery-item {\n\t\t\t\tfloat: left;\n\t\t\t\tmargin-top: 10px;\n\t\t\t\ttext-align: center;\n\t\t\t\twidth: 33%;\n\t\t\t}\n\t\t\t#gallery-4 img {\n\t\t\t\tborder: 2px solid #cfcfcf;\n\t\t\t}\n\t\t\t#gallery-4 .gallery-caption {\n\t\t\t\tmargin-left: 0;\n\t\t\t}\n\t\t\t\/* see gallery_shortcode() in wp-includes\/media.php *\/\n\t\t<\/style>\n\t\t<div id='gallery-4' class='gallery galleryid-16204 gallery-columns-3 gallery-size-full'><dl class='gallery-item'>\n\t\t\t<dt class='gallery-icon landscape'>\n\t\t\t\t<a href='https:\/\/munkacs-diocese.org\/hu\/wp-content\/uploads\/2026\/09\/2026.07.29-pavshyno-015.jpg'><img loading=\"lazy\" decoding=\"async\" width=\"1382\" height=\"922\" src=\"https:\/\/munkacs-diocese.org\/hu\/wp-content\/uploads\/2026\/09\/2026.07.29-pavshyno-015.jpg\" class=\"attachment-full size-full\" alt=\"\" srcset=\"https:\/\/munkacs-diocese.org\/hu\/wp-content\/uploads\/2026\/09\/2026.07.29-pavshyno-015.jpg 1382w, https:\/\/munkacs-diocese.org\/hu\/wp-content\/uploads\/2026\/09\/2026.07.29-pavshyno-015-300x200.jpg 300w, https:\/\/munkacs-diocese.org\/hu\/wp-content\/uploads\/2026\/09\/2026.07.29-pavshyno-015-1024x683.jpg 1024w, https:\/\/munkacs-diocese.org\/hu\/wp-content\/uploads\/2026\/09\/2026.07.29-pavshyno-015-768x512.jpg 768w, https:\/\/munkacs-diocese.org\/hu\/wp-content\/uploads\/2026\/09\/2026.07.29-pavshyno-015-1080x721.jpg 1080w\" sizes=\"(max-width: 1382px) 100vw, 1382px\" \/><\/a>\n\t\t\t<\/dt><\/dl><dl class='gallery-item'>\n\t\t\t<dt class='gallery-icon landscape'>\n\t\t\t\t<a href='https:\/\/munkacs-diocese.org\/hu\/wp-content\/uploads\/2026\/09\/2026.07.29-pavshyno-017.jpg'><img loading=\"lazy\" decoding=\"async\" width=\"1382\" height=\"922\" src=\"https:\/\/munkacs-diocese.org\/hu\/wp-content\/uploads\/2026\/09\/2026.07.29-pavshyno-017.jpg\" class=\"attachment-full size-full\" alt=\"\" srcset=\"https:\/\/munkacs-diocese.org\/hu\/wp-content\/uploads\/2026\/09\/2026.07.29-pavshyno-017.jpg 1382w, https:\/\/munkacs-diocese.org\/hu\/wp-content\/uploads\/2026\/09\/2026.07.29-pavshyno-017-300x200.jpg 300w, https:\/\/munkacs-diocese.org\/hu\/wp-content\/uploads\/2026\/09\/2026.07.29-pavshyno-017-1024x683.jpg 1024w, https:\/\/munkacs-diocese.org\/hu\/wp-content\/uploads\/2026\/09\/2026.07.29-pavshyno-017-768x512.jpg 768w, https:\/\/munkacs-diocese.org\/hu\/wp-content\/uploads\/2026\/09\/2026.07.29-pavshyno-017-1080x721.jpg 1080w\" sizes=\"(max-width: 1382px) 100vw, 1382px\" \/><\/a>\n\t\t\t<\/dt><\/dl><dl class='gallery-item'>\n\t\t\t<dt class='gallery-icon landscape'>\n\t\t\t\t<a href='https:\/\/munkacs-diocese.org\/hu\/wp-content\/uploads\/2026\/09\/2026.07.29-pavshyno-016.jpg'><img loading=\"lazy\" decoding=\"async\" width=\"1382\" height=\"922\" src=\"https:\/\/munkacs-diocese.org\/hu\/wp-content\/uploads\/2026\/09\/2026.07.29-pavshyno-016.jpg\" class=\"attachment-full size-full\" alt=\"\" srcset=\"https:\/\/munkacs-diocese.org\/hu\/wp-content\/uploads\/2026\/09\/2026.07.29-pavshyno-016.jpg 1382w, https:\/\/munkacs-diocese.org\/hu\/wp-content\/uploads\/2026\/09\/2026.07.29-pavshyno-016-300x200.jpg 300w, https:\/\/munkacs-diocese.org\/hu\/wp-content\/uploads\/2026\/09\/2026.07.29-pavshyno-016-1024x683.jpg 1024w, https:\/\/munkacs-diocese.org\/hu\/wp-content\/uploads\/2026\/09\/2026.07.29-pavshyno-016-768x512.jpg 768w, https:\/\/munkacs-diocese.org\/hu\/wp-content\/uploads\/2026\/09\/2026.07.29-pavshyno-016-1080x721.jpg 1080w\" sizes=\"(max-width: 1382px) 100vw, 1382px\" \/><\/a>\n\t\t\t<\/dt><\/dl><br style=\"clear: both\" \/>\n\t\t<\/div>\n\n<p>Az Ukrajnai Ortodox Egyh\u00e1z papjai \u00e9s vil\u00e1gi h\u00edvei Varszonofij p\u00fcsp\u00f6k \u00e1ld\u00e1s\u00e1val \u00e9rkeztek az im\u00e1ds\u00e1gra. A jelen l\u00e9v\u0151 papok egyike hangs\u00falyozta: az\u00e9rt gy\u0171lt\u00fcnk \u00f6ssze, hogy valamennyi felekezet k\u00f6z\u00f6sen im\u00e1dkozzon az igazs\u00e1gos b\u00e9k\u00e9\u00e9rt sokat szenvedett orsz\u00e1gunkban. Ma mindannyian egy\u00fctt foh\u00e1szkodunk az \u00daristenhez, hogy a Krisztust\u00f3l kapott b\u00e9k\u00e9t meg\u0151rizhess\u00fck sz\u00edv\u00fcnkben, lelk\u00fcnkben, elm\u00e9nkben \u00e9s ajkunkon, s \u00edgy egy sz\u00edvvel-l\u00e9lekkel dics\u0151\u00edthess\u00fck az Urat.<\/p>\n\n\t\t<style type=\"text\/css\">\n\t\t\t#gallery-5 {\n\t\t\t\tmargin: auto;\n\t\t\t}\n\t\t\t#gallery-5 .gallery-item {\n\t\t\t\tfloat: left;\n\t\t\t\tmargin-top: 10px;\n\t\t\t\ttext-align: center;\n\t\t\t\twidth: 33%;\n\t\t\t}\n\t\t\t#gallery-5 img {\n\t\t\t\tborder: 2px solid #cfcfcf;\n\t\t\t}\n\t\t\t#gallery-5 .gallery-caption {\n\t\t\t\tmargin-left: 0;\n\t\t\t}\n\t\t\t\/* see gallery_shortcode() in wp-includes\/media.php *\/\n\t\t<\/style>\n\t\t<div id='gallery-5' class='gallery galleryid-16204 gallery-columns-3 gallery-size-full'><dl class='gallery-item'>\n\t\t\t<dt class='gallery-icon landscape'>\n\t\t\t\t<a href='https:\/\/munkacs-diocese.org\/hu\/wp-content\/uploads\/2026\/09\/2026.07.29-pavshyno-018.jpg'><img loading=\"lazy\" decoding=\"async\" width=\"1382\" height=\"922\" src=\"https:\/\/munkacs-diocese.org\/hu\/wp-content\/uploads\/2026\/09\/2026.07.29-pavshyno-018.jpg\" class=\"attachment-full size-full\" alt=\"\" srcset=\"https:\/\/munkacs-diocese.org\/hu\/wp-content\/uploads\/2026\/09\/2026.07.29-pavshyno-018.jpg 1382w, https:\/\/munkacs-diocese.org\/hu\/wp-content\/uploads\/2026\/09\/2026.07.29-pavshyno-018-300x200.jpg 300w, https:\/\/munkacs-diocese.org\/hu\/wp-content\/uploads\/2026\/09\/2026.07.29-pavshyno-018-1024x683.jpg 1024w, https:\/\/munkacs-diocese.org\/hu\/wp-content\/uploads\/2026\/09\/2026.07.29-pavshyno-018-768x512.jpg 768w, https:\/\/munkacs-diocese.org\/hu\/wp-content\/uploads\/2026\/09\/2026.07.29-pavshyno-018-1080x721.jpg 1080w\" sizes=\"(max-width: 1382px) 100vw, 1382px\" \/><\/a>\n\t\t\t<\/dt><\/dl><dl class='gallery-item'>\n\t\t\t<dt class='gallery-icon landscape'>\n\t\t\t\t<a href='https:\/\/munkacs-diocese.org\/hu\/wp-content\/uploads\/2026\/09\/2026.07.29-pavshyno-019.jpg'><img loading=\"lazy\" decoding=\"async\" width=\"1382\" height=\"922\" src=\"https:\/\/munkacs-diocese.org\/hu\/wp-content\/uploads\/2026\/09\/2026.07.29-pavshyno-019.jpg\" class=\"attachment-full size-full\" alt=\"\" srcset=\"https:\/\/munkacs-diocese.org\/hu\/wp-content\/uploads\/2026\/09\/2026.07.29-pavshyno-019.jpg 1382w, https:\/\/munkacs-diocese.org\/hu\/wp-content\/uploads\/2026\/09\/2026.07.29-pavshyno-019-300x200.jpg 300w, https:\/\/munkacs-diocese.org\/hu\/wp-content\/uploads\/2026\/09\/2026.07.29-pavshyno-019-1024x683.jpg 1024w, https:\/\/munkacs-diocese.org\/hu\/wp-content\/uploads\/2026\/09\/2026.07.29-pavshyno-019-768x512.jpg 768w, https:\/\/munkacs-diocese.org\/hu\/wp-content\/uploads\/2026\/09\/2026.07.29-pavshyno-019-1080x721.jpg 1080w\" sizes=\"(max-width: 1382px) 100vw, 1382px\" \/><\/a>\n\t\t\t<\/dt><\/dl><dl class='gallery-item'>\n\t\t\t<dt class='gallery-icon landscape'>\n\t\t\t\t<a href='https:\/\/munkacs-diocese.org\/hu\/wp-content\/uploads\/2026\/09\/2026.07.29-pavshyno-020.jpg'><img loading=\"lazy\" decoding=\"async\" width=\"1382\" height=\"922\" src=\"https:\/\/munkacs-diocese.org\/hu\/wp-content\/uploads\/2026\/09\/2026.07.29-pavshyno-020.jpg\" class=\"attachment-full size-full\" alt=\"\" srcset=\"https:\/\/munkacs-diocese.org\/hu\/wp-content\/uploads\/2026\/09\/2026.07.29-pavshyno-020.jpg 1382w, https:\/\/munkacs-diocese.org\/hu\/wp-content\/uploads\/2026\/09\/2026.07.29-pavshyno-020-300x200.jpg 300w, https:\/\/munkacs-diocese.org\/hu\/wp-content\/uploads\/2026\/09\/2026.07.29-pavshyno-020-1024x683.jpg 1024w, https:\/\/munkacs-diocese.org\/hu\/wp-content\/uploads\/2026\/09\/2026.07.29-pavshyno-020-768x512.jpg 768w, https:\/\/munkacs-diocese.org\/hu\/wp-content\/uploads\/2026\/09\/2026.07.29-pavshyno-020-1080x721.jpg 1080w\" sizes=\"(max-width: 1382px) 100vw, 1382px\" \/><\/a>\n\t\t\t<\/dt><\/dl><br style=\"clear: both\" \/>\n\t\t<\/div>\n\n<p>Z\u00e1n-F\u00e1bi\u00e1n S\u00e1ndor, a K\u00e1rp\u00e1taljai Reform\u00e1tus Egyh\u00e1z p\u00fcsp\u00f6ke k\u00fcl\u00f6n\u00f6sen felh\u00edvta a figyelmet azon csal\u00e1dok f\u00e1jdalm\u00e1ra \u00e9s trag\u00e9di\u00e1j\u00e1ra, akik a h\u00e1bor\u00fa miatt elvesz\u00edtett\u00e9k szeretteiket, valamint azok\u00e9ra is, akik ugyanezen okb\u00f3l most el vannak v\u00e1lasztva egym\u00e1st\u00f3l \u00e9s t\u00e1vol \u00e9lnek. A teljes k\u00f6r\u0171 orosz inv\u00e1zi\u00f3 k\u00f6vetkezt\u00e9ben a gyermekek kifosztottakk\u00e1 v\u00e1ltak. \u201eElrabolt\u00e1k t\u0151l\u00fck a gyermekkorukat, a norm\u00e1lis iskolai tanul\u00e1s lehet\u0151s\u00e9g\u00e9t. M\u00e9g az is lehetetlen sz\u00e1mukra, hogy egyszer\u0171en \u00e1taludj\u00e1k az \u00e9jszak\u00e1t.\u201d Az irgalmas szamarit\u00e1nus p\u00e9ld\u00e1zat\u00e1n kereszt\u00fcl Z\u00e1n-F\u00e1bi\u00e1n p\u00fcsp\u00f6k mindenkit arra buzd\u00edtott, hogy legyen irgalmas, f\u00fcggetlen\u00fcl att\u00f3l, hogy melyik felekezethez tartozik vagy milyen nemzetis\u00e9g\u0171.<\/p>\n\n\t\t<style type=\"text\/css\">\n\t\t\t#gallery-6 {\n\t\t\t\tmargin: auto;\n\t\t\t}\n\t\t\t#gallery-6 .gallery-item {\n\t\t\t\tfloat: left;\n\t\t\t\tmargin-top: 10px;\n\t\t\t\ttext-align: center;\n\t\t\t\twidth: 33%;\n\t\t\t}\n\t\t\t#gallery-6 img {\n\t\t\t\tborder: 2px solid #cfcfcf;\n\t\t\t}\n\t\t\t#gallery-6 .gallery-caption {\n\t\t\t\tmargin-left: 0;\n\t\t\t}\n\t\t\t\/* see gallery_shortcode() in wp-includes\/media.php *\/\n\t\t<\/style>\n\t\t<div id='gallery-6' class='gallery galleryid-16204 gallery-columns-3 gallery-size-full'><dl class='gallery-item'>\n\t\t\t<dt class='gallery-icon landscape'>\n\t\t\t\t<a href='https:\/\/munkacs-diocese.org\/hu\/wp-content\/uploads\/2026\/09\/2026.07.29-pavshyno-024.jpg'><img loading=\"lazy\" decoding=\"async\" width=\"1382\" height=\"922\" src=\"https:\/\/munkacs-diocese.org\/hu\/wp-content\/uploads\/2026\/09\/2026.07.29-pavshyno-024.jpg\" class=\"attachment-full size-full\" alt=\"\" srcset=\"https:\/\/munkacs-diocese.org\/hu\/wp-content\/uploads\/2026\/09\/2026.07.29-pavshyno-024.jpg 1382w, https:\/\/munkacs-diocese.org\/hu\/wp-content\/uploads\/2026\/09\/2026.07.29-pavshyno-024-300x200.jpg 300w, https:\/\/munkacs-diocese.org\/hu\/wp-content\/uploads\/2026\/09\/2026.07.29-pavshyno-024-1024x683.jpg 1024w, https:\/\/munkacs-diocese.org\/hu\/wp-content\/uploads\/2026\/09\/2026.07.29-pavshyno-024-768x512.jpg 768w, https:\/\/munkacs-diocese.org\/hu\/wp-content\/uploads\/2026\/09\/2026.07.29-pavshyno-024-1080x721.jpg 1080w\" sizes=\"(max-width: 1382px) 100vw, 1382px\" \/><\/a>\n\t\t\t<\/dt><\/dl><dl class='gallery-item'>\n\t\t\t<dt class='gallery-icon landscape'>\n\t\t\t\t<a href='https:\/\/munkacs-diocese.org\/hu\/wp-content\/uploads\/2026\/09\/2026.07.29-pavshyno-022.jpg'><img loading=\"lazy\" decoding=\"async\" width=\"1382\" height=\"922\" src=\"https:\/\/munkacs-diocese.org\/hu\/wp-content\/uploads\/2026\/09\/2026.07.29-pavshyno-022.jpg\" class=\"attachment-full size-full\" alt=\"\" srcset=\"https:\/\/munkacs-diocese.org\/hu\/wp-content\/uploads\/2026\/09\/2026.07.29-pavshyno-022.jpg 1382w, https:\/\/munkacs-diocese.org\/hu\/wp-content\/uploads\/2026\/09\/2026.07.29-pavshyno-022-300x200.jpg 300w, https:\/\/munkacs-diocese.org\/hu\/wp-content\/uploads\/2026\/09\/2026.07.29-pavshyno-022-1024x683.jpg 1024w, https:\/\/munkacs-diocese.org\/hu\/wp-content\/uploads\/2026\/09\/2026.07.29-pavshyno-022-768x512.jpg 768w, https:\/\/munkacs-diocese.org\/hu\/wp-content\/uploads\/2026\/09\/2026.07.29-pavshyno-022-1080x721.jpg 1080w\" sizes=\"(max-width: 1382px) 100vw, 1382px\" \/><\/a>\n\t\t\t<\/dt><\/dl><dl class='gallery-item'>\n\t\t\t<dt class='gallery-icon landscape'>\n\t\t\t\t<a href='https:\/\/munkacs-diocese.org\/hu\/wp-content\/uploads\/2026\/09\/2026.07.29-pavshyno-021.jpg'><img loading=\"lazy\" decoding=\"async\" width=\"1382\" height=\"922\" src=\"https:\/\/munkacs-diocese.org\/hu\/wp-content\/uploads\/2026\/09\/2026.07.29-pavshyno-021.jpg\" class=\"attachment-full size-full\" alt=\"\" srcset=\"https:\/\/munkacs-diocese.org\/hu\/wp-content\/uploads\/2026\/09\/2026.07.29-pavshyno-021.jpg 1382w, https:\/\/munkacs-diocese.org\/hu\/wp-content\/uploads\/2026\/09\/2026.07.29-pavshyno-021-300x200.jpg 300w, https:\/\/munkacs-diocese.org\/hu\/wp-content\/uploads\/2026\/09\/2026.07.29-pavshyno-021-1024x683.jpg 1024w, https:\/\/munkacs-diocese.org\/hu\/wp-content\/uploads\/2026\/09\/2026.07.29-pavshyno-021-768x512.jpg 768w, https:\/\/munkacs-diocese.org\/hu\/wp-content\/uploads\/2026\/09\/2026.07.29-pavshyno-021-1080x721.jpg 1080w\" sizes=\"(max-width: 1382px) 100vw, 1382px\" \/><\/a>\n\t\t\t<\/dt><\/dl><br style=\"clear: both\" \/>\n\t\t<\/div>\n\n<p>Az im\u00e1dkoz\u00f3 k\u00f6z\u00f6ss\u00e9ghez t\u00e1bori lelk\u00e9szek \u00e9s jelenleg is szolg\u00e1latot teljes\u00edt\u0151 katon\u00e1k fordultak tan\u00fas\u00e1gt\u00e9tellel. Elbesz\u00e9l\u00e9seikb\u0151l Isten jelenl\u00e9t\u00e9nek k\u00fcl\u00f6nleges bizonyoss\u00e1ga \u00e1radt, amelyet Ukrajna v\u00e9delme sor\u00e1n tapasztaltak meg.<\/p>\n<p>\u200bAz im\u00e1ds\u00e1ghoz csatlakoztak a protest\u00e1ns Egyh\u00e1zak k\u00e9pvisel\u0151i is Mihajlo Balko vezet\u00e9s\u00e9vel.<\/p>\n<p>\u200bAz ungv\u00e1ri Messi\u00e1sh\u00edv\u0151 Zsid\u00f3 Gy\u00fclekezet ukr\u00e1nul \u00e9s h\u00e9ber\u00fcl mondott im\u00e1t.<\/p>\n<p>\u200b\u201eA sabbat az \u00dar napja. Olyan, mint Aty\u00e1nk h\u00e1za. Amikor elmegy\u00fcnk az Aty\u00e1hoz, levessz\u00fck a cip\u0151nket, \u00e9s bel\u00e9p\u00fcnk az \u0150 hajl\u00e9k\u00e1ba. Ez az \u0150 ideje, ez az \u0150 helye. Ez\u00e9rt nagy megtiszteltet\u00e9s sz\u00e1momra, hogy ma egy\u00fctt k\u00f6sz\u00f6nthetj\u00fck ezt a napot, amelyet az \u00dar \u00f6nmag\u00e1nak szentelt, k\u00fcl\u00f6nb\u00f6z\u0151 felekezetekhez \u00e9s vall\u00e1si k\u00f6z\u00f6ss\u00e9gekhez tartoz\u00f3 testv\u00e9reinkkel\u201d \u2013 hangs\u00falyozta Alekszandr Golota, a zsid\u00f3 messi\u00e1si k\u00f6z\u00f6ss\u00e9g rabbija.<\/p>\n\n\t\t<style type=\"text\/css\">\n\t\t\t#gallery-7 {\n\t\t\t\tmargin: auto;\n\t\t\t}\n\t\t\t#gallery-7 .gallery-item {\n\t\t\t\tfloat: left;\n\t\t\t\tmargin-top: 10px;\n\t\t\t\ttext-align: center;\n\t\t\t\twidth: 33%;\n\t\t\t}\n\t\t\t#gallery-7 img {\n\t\t\t\tborder: 2px solid #cfcfcf;\n\t\t\t}\n\t\t\t#gallery-7 .gallery-caption {\n\t\t\t\tmargin-left: 0;\n\t\t\t}\n\t\t\t\/* see gallery_shortcode() in wp-includes\/media.php *\/\n\t\t<\/style>\n\t\t<div id='gallery-7' class='gallery galleryid-16204 gallery-columns-3 gallery-size-full'><dl class='gallery-item'>\n\t\t\t<dt class='gallery-icon landscape'>\n\t\t\t\t<a href='https:\/\/munkacs-diocese.org\/hu\/wp-content\/uploads\/2026\/09\/2026.07.29-pavshyno-026.jpg'><img loading=\"lazy\" decoding=\"async\" width=\"1382\" height=\"922\" src=\"https:\/\/munkacs-diocese.org\/hu\/wp-content\/uploads\/2026\/09\/2026.07.29-pavshyno-026.jpg\" class=\"attachment-full size-full\" alt=\"\" srcset=\"https:\/\/munkacs-diocese.org\/hu\/wp-content\/uploads\/2026\/09\/2026.07.29-pavshyno-026.jpg 1382w, https:\/\/munkacs-diocese.org\/hu\/wp-content\/uploads\/2026\/09\/2026.07.29-pavshyno-026-300x200.jpg 300w, https:\/\/munkacs-diocese.org\/hu\/wp-content\/uploads\/2026\/09\/2026.07.29-pavshyno-026-1024x683.jpg 1024w, https:\/\/munkacs-diocese.org\/hu\/wp-content\/uploads\/2026\/09\/2026.07.29-pavshyno-026-768x512.jpg 768w, https:\/\/munkacs-diocese.org\/hu\/wp-content\/uploads\/2026\/09\/2026.07.29-pavshyno-026-1080x721.jpg 1080w\" sizes=\"(max-width: 1382px) 100vw, 1382px\" \/><\/a>\n\t\t\t<\/dt><\/dl><dl class='gallery-item'>\n\t\t\t<dt class='gallery-icon landscape'>\n\t\t\t\t<a href='https:\/\/munkacs-diocese.org\/hu\/wp-content\/uploads\/2026\/09\/2026.07.29-pavshyno-025.jpg'><img loading=\"lazy\" decoding=\"async\" width=\"1382\" height=\"922\" src=\"https:\/\/munkacs-diocese.org\/hu\/wp-content\/uploads\/2026\/09\/2026.07.29-pavshyno-025.jpg\" class=\"attachment-full size-full\" alt=\"\" srcset=\"https:\/\/munkacs-diocese.org\/hu\/wp-content\/uploads\/2026\/09\/2026.07.29-pavshyno-025.jpg 1382w, https:\/\/munkacs-diocese.org\/hu\/wp-content\/uploads\/2026\/09\/2026.07.29-pavshyno-025-300x200.jpg 300w, https:\/\/munkacs-diocese.org\/hu\/wp-content\/uploads\/2026\/09\/2026.07.29-pavshyno-025-1024x683.jpg 1024w, https:\/\/munkacs-diocese.org\/hu\/wp-content\/uploads\/2026\/09\/2026.07.29-pavshyno-025-768x512.jpg 768w, https:\/\/munkacs-diocese.org\/hu\/wp-content\/uploads\/2026\/09\/2026.07.29-pavshyno-025-1080x721.jpg 1080w\" sizes=\"(max-width: 1382px) 100vw, 1382px\" \/><\/a>\n\t\t\t<\/dt><\/dl><dl class='gallery-item'>\n\t\t\t<dt class='gallery-icon landscape'>\n\t\t\t\t<a href='https:\/\/munkacs-diocese.org\/hu\/wp-content\/uploads\/2026\/09\/2026.07.29-pavshyno-027.jpg'><img loading=\"lazy\" decoding=\"async\" width=\"1382\" height=\"922\" src=\"https:\/\/munkacs-diocese.org\/hu\/wp-content\/uploads\/2026\/09\/2026.07.29-pavshyno-027.jpg\" class=\"attachment-full size-full\" alt=\"\" srcset=\"https:\/\/munkacs-diocese.org\/hu\/wp-content\/uploads\/2026\/09\/2026.07.29-pavshyno-027.jpg 1382w, https:\/\/munkacs-diocese.org\/hu\/wp-content\/uploads\/2026\/09\/2026.07.29-pavshyno-027-300x200.jpg 300w, https:\/\/munkacs-diocese.org\/hu\/wp-content\/uploads\/2026\/09\/2026.07.29-pavshyno-027-1024x683.jpg 1024w, https:\/\/munkacs-diocese.org\/hu\/wp-content\/uploads\/2026\/09\/2026.07.29-pavshyno-027-768x512.jpg 768w, https:\/\/munkacs-diocese.org\/hu\/wp-content\/uploads\/2026\/09\/2026.07.29-pavshyno-027-1080x721.jpg 1080w\" sizes=\"(max-width: 1382px) 100vw, 1382px\" \/><\/a>\n\t\t\t<\/dt><\/dl><br style=\"clear: both\" \/>\n\t\t<\/div>\n\n<p>Az \u00e9nekes-im\u00e1ds\u00e1gos dics\u0151\u00edt\u00e9shez Okszana Bilozir, Ukrajna n\u00e9pi m\u0171v\u00e9sze, az ukrajnai nemzeti imareggelik t\u00e1rsalap\u00edt\u00f3ja, a nemzetk\u00f6zi n\u0151i imareggelik alap\u00edt\u00f3ja is csatlakozott. El\u00e9nekelte a \u201eMaterinszka molitva\u201d \u00a0(Egy anya im\u00e1ja) c\u00edm\u0171 dalt, majd a Saint-Marc-i Szent J\u00f3zsef n\u0151v\u00e9rekkel egy\u00fctt \u2013 akik eg\u00e9sz nap zenei szolg\u00e1latukkal k\u00eds\u00e9rt\u00e9k a programot \u2013 dics\u0151\u00edt\u0151 \u00e9nekkel magasztalta az Urat.<\/p>\n<p>A nap folyam\u00e1n Ligi n\u0151v\u00e9r kelet-ukrajnai \u00fatj\u00e1ra visszaeml\u00e9kezve k\u00fcl\u00f6nb\u00f6z\u0151 esetekr\u0151l \u00e9s helyzetekr\u0151l mes\u00e9lt, amelyeket Harkivban, Zaporizzsj\u00e1ban \u00e9s Herszonban \u00e9lt \u00e1t. K\u00fcl\u00f6n\u00f6sen arra buzd\u00edtott mindenkit, hogy mindv\u00e9gig tartsanak ki az im\u00e1ds\u00e1gban. Ahogyan katon\u00e1ink f\u00e1radhatatlanul helyt\u00e1llnak \u00e9s v\u00e9delmezik haz\u00e1jukat, \u00fagy ne sz\u0171nj\u00f6n meg a mi im\u00e1ds\u00e1gunk sem.<\/p>\n\n\t\t<style type=\"text\/css\">\n\t\t\t#gallery-8 {\n\t\t\t\tmargin: auto;\n\t\t\t}\n\t\t\t#gallery-8 .gallery-item {\n\t\t\t\tfloat: left;\n\t\t\t\tmargin-top: 10px;\n\t\t\t\ttext-align: center;\n\t\t\t\twidth: 33%;\n\t\t\t}\n\t\t\t#gallery-8 img {\n\t\t\t\tborder: 2px solid #cfcfcf;\n\t\t\t}\n\t\t\t#gallery-8 .gallery-caption {\n\t\t\t\tmargin-left: 0;\n\t\t\t}\n\t\t\t\/* see gallery_shortcode() in wp-includes\/media.php *\/\n\t\t<\/style>\n\t\t<div id='gallery-8' class='gallery galleryid-16204 gallery-columns-3 gallery-size-full'><dl class='gallery-item'>\n\t\t\t<dt class='gallery-icon landscape'>\n\t\t\t\t<a href='https:\/\/munkacs-diocese.org\/hu\/wp-content\/uploads\/2026\/09\/2026.07.29-pavshyno-029.jpg'><img loading=\"lazy\" decoding=\"async\" width=\"1382\" height=\"922\" src=\"https:\/\/munkacs-diocese.org\/hu\/wp-content\/uploads\/2026\/09\/2026.07.29-pavshyno-029.jpg\" class=\"attachment-full size-full\" alt=\"\" srcset=\"https:\/\/munkacs-diocese.org\/hu\/wp-content\/uploads\/2026\/09\/2026.07.29-pavshyno-029.jpg 1382w, https:\/\/munkacs-diocese.org\/hu\/wp-content\/uploads\/2026\/09\/2026.07.29-pavshyno-029-300x200.jpg 300w, https:\/\/munkacs-diocese.org\/hu\/wp-content\/uploads\/2026\/09\/2026.07.29-pavshyno-029-1024x683.jpg 1024w, https:\/\/munkacs-diocese.org\/hu\/wp-content\/uploads\/2026\/09\/2026.07.29-pavshyno-029-768x512.jpg 768w, https:\/\/munkacs-diocese.org\/hu\/wp-content\/uploads\/2026\/09\/2026.07.29-pavshyno-029-1080x721.jpg 1080w\" sizes=\"(max-width: 1382px) 100vw, 1382px\" \/><\/a>\n\t\t\t<\/dt><\/dl><dl class='gallery-item'>\n\t\t\t<dt class='gallery-icon landscape'>\n\t\t\t\t<a href='https:\/\/munkacs-diocese.org\/hu\/wp-content\/uploads\/2026\/09\/2026.07.29-pavshyno-030.jpg'><img loading=\"lazy\" decoding=\"async\" width=\"1382\" height=\"922\" src=\"https:\/\/munkacs-diocese.org\/hu\/wp-content\/uploads\/2026\/09\/2026.07.29-pavshyno-030.jpg\" class=\"attachment-full size-full\" alt=\"\" srcset=\"https:\/\/munkacs-diocese.org\/hu\/wp-content\/uploads\/2026\/09\/2026.07.29-pavshyno-030.jpg 1382w, https:\/\/munkacs-diocese.org\/hu\/wp-content\/uploads\/2026\/09\/2026.07.29-pavshyno-030-300x200.jpg 300w, https:\/\/munkacs-diocese.org\/hu\/wp-content\/uploads\/2026\/09\/2026.07.29-pavshyno-030-1024x683.jpg 1024w, https:\/\/munkacs-diocese.org\/hu\/wp-content\/uploads\/2026\/09\/2026.07.29-pavshyno-030-768x512.jpg 768w, https:\/\/munkacs-diocese.org\/hu\/wp-content\/uploads\/2026\/09\/2026.07.29-pavshyno-030-1080x721.jpg 1080w\" sizes=\"(max-width: 1382px) 100vw, 1382px\" \/><\/a>\n\t\t\t<\/dt><\/dl><dl class='gallery-item'>\n\t\t\t<dt class='gallery-icon landscape'>\n\t\t\t\t<a href='https:\/\/munkacs-diocese.org\/hu\/wp-content\/uploads\/2026\/09\/2026.07.29-pavshyno-031.jpg'><img loading=\"lazy\" decoding=\"async\" width=\"1382\" height=\"922\" src=\"https:\/\/munkacs-diocese.org\/hu\/wp-content\/uploads\/2026\/09\/2026.07.29-pavshyno-031.jpg\" class=\"attachment-full size-full\" alt=\"\" srcset=\"https:\/\/munkacs-diocese.org\/hu\/wp-content\/uploads\/2026\/09\/2026.07.29-pavshyno-031.jpg 1382w, https:\/\/munkacs-diocese.org\/hu\/wp-content\/uploads\/2026\/09\/2026.07.29-pavshyno-031-300x200.jpg 300w, https:\/\/munkacs-diocese.org\/hu\/wp-content\/uploads\/2026\/09\/2026.07.29-pavshyno-031-1024x683.jpg 1024w, https:\/\/munkacs-diocese.org\/hu\/wp-content\/uploads\/2026\/09\/2026.07.29-pavshyno-031-768x512.jpg 768w, https:\/\/munkacs-diocese.org\/hu\/wp-content\/uploads\/2026\/09\/2026.07.29-pavshyno-031-1080x721.jpg 1080w\" sizes=\"(max-width: 1382px) 100vw, 1382px\" \/><\/a>\n\t\t\t<\/dt><\/dl><br style=\"clear: both\" \/>\n\t\t<\/div>\n\n<p>Az imanap \u00fcnnep\u00e9lyes szents\u00e9gim\u00e1d\u00e1ssal z\u00e1rult, amely hagyom\u00e1nyos a katolikusok k\u00f6r\u00e9ben. Ligi n\u0151v\u00e9r arra k\u00e9rte a jelenl\u00e9v\u0151ket, hogy vegyenek r\u00e9szt orsz\u00e1gunk k\u00fcl\u00f6nleges meg\u00e1ld\u00e1s\u00e1ban annak v\u00e9delm\u00e9\u00e9rt. A sz\u00ednpadra jelk\u00e9pesen egy p\u00fcsp\u00f6k\u00f6t, egy papot, egy t\u00e1bori lelk\u00e9szt, egy katon\u00e1t, a h\u00e1bor\u00faban fi\u00e1t elveszt\u0151 \u00e9desany\u00e1t, f\u00e9rj\u00e9t elveszt\u0151 feles\u00e9get, valamint sok m\u00e1s embert h\u00edvtak meg, k\u00f6zt\u00fck k\u00fcl\u00f6nb\u00f6z\u0151 hivat\u00e1sok k\u00e9pvisel\u0151it, k\u00f6z\u00f6tt\u00fck tan\u00e1rt \u00e9s eg\u00e9szs\u00e9g\u00fcgyi dolgoz\u00f3t\u2026 K\u00fcl\u00f6n megh\u00edv\u00e1st kaptak a gyermekek, az iskol\u00e1sok, a di\u00e1kok \u00e9s az egyetemist\u00e1k is. Mindannyian \u2013 a sz\u00ednpadon \u00e1ll\u00f3k \u00e9s a hely\u00fck\u00f6n marad\u00f3k egyar\u00e1nt \u2013meg\u00e1ldott\u00e1k Ukrajn\u00e1t, \u00e9s a b\u00e9k\u00e9\u00e9rt im\u00e1dkoztak.<\/p>\n\n\t\t<style type=\"text\/css\">\n\t\t\t#gallery-9 {\n\t\t\t\tmargin: auto;\n\t\t\t}\n\t\t\t#gallery-9 .gallery-item {\n\t\t\t\tfloat: left;\n\t\t\t\tmargin-top: 10px;\n\t\t\t\ttext-align: center;\n\t\t\t\twidth: 33%;\n\t\t\t}\n\t\t\t#gallery-9 img {\n\t\t\t\tborder: 2px solid #cfcfcf;\n\t\t\t}\n\t\t\t#gallery-9 .gallery-caption {\n\t\t\t\tmargin-left: 0;\n\t\t\t}\n\t\t\t\/* see gallery_shortcode() in wp-includes\/media.php *\/\n\t\t<\/style>\n\t\t<div id='gallery-9' class='gallery galleryid-16204 gallery-columns-3 gallery-size-full'><dl class='gallery-item'>\n\t\t\t<dt class='gallery-icon landscape'>\n\t\t\t\t<a href='https:\/\/munkacs-diocese.org\/hu\/wp-content\/uploads\/2026\/09\/2026.07.29-pavshyno-033.jpg'><img loading=\"lazy\" decoding=\"async\" width=\"1382\" height=\"922\" src=\"https:\/\/munkacs-diocese.org\/hu\/wp-content\/uploads\/2026\/09\/2026.07.29-pavshyno-033.jpg\" class=\"attachment-full size-full\" alt=\"\" srcset=\"https:\/\/munkacs-diocese.org\/hu\/wp-content\/uploads\/2026\/09\/2026.07.29-pavshyno-033.jpg 1382w, https:\/\/munkacs-diocese.org\/hu\/wp-content\/uploads\/2026\/09\/2026.07.29-pavshyno-033-300x200.jpg 300w, https:\/\/munkacs-diocese.org\/hu\/wp-content\/uploads\/2026\/09\/2026.07.29-pavshyno-033-1024x683.jpg 1024w, https:\/\/munkacs-diocese.org\/hu\/wp-content\/uploads\/2026\/09\/2026.07.29-pavshyno-033-768x512.jpg 768w, https:\/\/munkacs-diocese.org\/hu\/wp-content\/uploads\/2026\/09\/2026.07.29-pavshyno-033-1080x721.jpg 1080w\" sizes=\"(max-width: 1382px) 100vw, 1382px\" \/><\/a>\n\t\t\t<\/dt><\/dl><dl class='gallery-item'>\n\t\t\t<dt class='gallery-icon landscape'>\n\t\t\t\t<a href='https:\/\/munkacs-diocese.org\/hu\/wp-content\/uploads\/2026\/09\/2026.07.29-pavshyno-036.jpg'><img loading=\"lazy\" decoding=\"async\" width=\"1382\" height=\"922\" src=\"https:\/\/munkacs-diocese.org\/hu\/wp-content\/uploads\/2026\/09\/2026.07.29-pavshyno-036.jpg\" class=\"attachment-full size-full\" alt=\"\" srcset=\"https:\/\/munkacs-diocese.org\/hu\/wp-content\/uploads\/2026\/09\/2026.07.29-pavshyno-036.jpg 1382w, https:\/\/munkacs-diocese.org\/hu\/wp-content\/uploads\/2026\/09\/2026.07.29-pavshyno-036-300x200.jpg 300w, https:\/\/munkacs-diocese.org\/hu\/wp-content\/uploads\/2026\/09\/2026.07.29-pavshyno-036-1024x683.jpg 1024w, https:\/\/munkacs-diocese.org\/hu\/wp-content\/uploads\/2026\/09\/2026.07.29-pavshyno-036-768x512.jpg 768w, https:\/\/munkacs-diocese.org\/hu\/wp-content\/uploads\/2026\/09\/2026.07.29-pavshyno-036-1080x721.jpg 1080w\" sizes=\"(max-width: 1382px) 100vw, 1382px\" \/><\/a>\n\t\t\t<\/dt><\/dl><dl class='gallery-item'>\n\t\t\t<dt class='gallery-icon landscape'>\n\t\t\t\t<a href='https:\/\/munkacs-diocese.org\/hu\/wp-content\/uploads\/2026\/09\/2026.07.29-pavshyno-034.jpg'><img loading=\"lazy\" decoding=\"async\" width=\"1382\" height=\"922\" src=\"https:\/\/munkacs-diocese.org\/hu\/wp-content\/uploads\/2026\/09\/2026.07.29-pavshyno-034.jpg\" class=\"attachment-full size-full\" alt=\"\" srcset=\"https:\/\/munkacs-diocese.org\/hu\/wp-content\/uploads\/2026\/09\/2026.07.29-pavshyno-034.jpg 1382w, https:\/\/munkacs-diocese.org\/hu\/wp-content\/uploads\/2026\/09\/2026.07.29-pavshyno-034-300x200.jpg 300w, https:\/\/munkacs-diocese.org\/hu\/wp-content\/uploads\/2026\/09\/2026.07.29-pavshyno-034-1024x683.jpg 1024w, https:\/\/munkacs-diocese.org\/hu\/wp-content\/uploads\/2026\/09\/2026.07.29-pavshyno-034-768x512.jpg 768w, https:\/\/munkacs-diocese.org\/hu\/wp-content\/uploads\/2026\/09\/2026.07.29-pavshyno-034-1080x721.jpg 1080w\" sizes=\"(max-width: 1382px) 100vw, 1382px\" \/><\/a>\n\t\t\t<\/dt><\/dl><br style=\"clear: both\" \/>\n\t\t<\/div>\n\n<p>V\u00e9g\u00fcl Leon Dubrawski OFM, a Kamjanec-Pogyilszkiji Egyh\u00e1zmegye nyugalmazott p\u00fcsp\u00f6ke szents\u00e9gi \u00e1ld\u00e1sban r\u00e9szes\u00edtette a h\u00edveket.<\/p>\n<p>A bocs\u00e1natk\u00e9r\u00e9s, a k\u00f6ny\u00f6rg\u00e9s \u00e9s a dics\u0151\u00edt\u00e9s szavai, a k\u00fcl\u00f6nb\u00f6z\u0151 foh\u00e1szok, im\u00e1ds\u00e1gok \u00e9s \u00e9nekek harmonikusan fon\u00f3dtak \u00f6ssze a szabad \u00e9g alatt elter\u00fcl\u0151 t\u00e9ren, ahov\u00e1 Ukrajna k\u00fcl\u00f6nb\u00f6z\u0151 r\u00e9szeir\u0151l t\u00f6bb mint ezer zar\u00e1ndok \u00e9rkezett. V\u00e9gtelennek t\u0171nt a jelenl\u00e9v\u0151k \u00f6sszekulcsolt kez\u00e9nek l\u00e1nca, amikor k\u00f6z\u00f6sen im\u00e1dkozt\u00e1k a \u201eMiaty\u00e1nkot\u201d.<\/p>\n\n\t\t<style type=\"text\/css\">\n\t\t\t#gallery-10 {\n\t\t\t\tmargin: auto;\n\t\t\t}\n\t\t\t#gallery-10 .gallery-item {\n\t\t\t\tfloat: left;\n\t\t\t\tmargin-top: 10px;\n\t\t\t\ttext-align: center;\n\t\t\t\twidth: 33%;\n\t\t\t}\n\t\t\t#gallery-10 img {\n\t\t\t\tborder: 2px solid #cfcfcf;\n\t\t\t}\n\t\t\t#gallery-10 .gallery-caption {\n\t\t\t\tmargin-left: 0;\n\t\t\t}\n\t\t\t\/* see gallery_shortcode() in wp-includes\/media.php *\/\n\t\t<\/style>\n\t\t<div id='gallery-10' class='gallery galleryid-16204 gallery-columns-3 gallery-size-full'><dl class='gallery-item'>\n\t\t\t<dt class='gallery-icon landscape'>\n\t\t\t\t<a href='https:\/\/munkacs-diocese.org\/hu\/wp-content\/uploads\/2026\/09\/2026.07.29-pavshyno-039.jpg'><img loading=\"lazy\" decoding=\"async\" width=\"1382\" height=\"922\" src=\"https:\/\/munkacs-diocese.org\/hu\/wp-content\/uploads\/2026\/09\/2026.07.29-pavshyno-039.jpg\" class=\"attachment-full size-full\" alt=\"\" srcset=\"https:\/\/munkacs-diocese.org\/hu\/wp-content\/uploads\/2026\/09\/2026.07.29-pavshyno-039.jpg 1382w, https:\/\/munkacs-diocese.org\/hu\/wp-content\/uploads\/2026\/09\/2026.07.29-pavshyno-039-300x200.jpg 300w, https:\/\/munkacs-diocese.org\/hu\/wp-content\/uploads\/2026\/09\/2026.07.29-pavshyno-039-1024x683.jpg 1024w, https:\/\/munkacs-diocese.org\/hu\/wp-content\/uploads\/2026\/09\/2026.07.29-pavshyno-039-768x512.jpg 768w, https:\/\/munkacs-diocese.org\/hu\/wp-content\/uploads\/2026\/09\/2026.07.29-pavshyno-039-1080x721.jpg 1080w\" sizes=\"(max-width: 1382px) 100vw, 1382px\" \/><\/a>\n\t\t\t<\/dt><\/dl><dl class='gallery-item'>\n\t\t\t<dt class='gallery-icon landscape'>\n\t\t\t\t<a href='https:\/\/munkacs-diocese.org\/hu\/wp-content\/uploads\/2026\/09\/2026.07.29-pavshyno-038.jpg'><img loading=\"lazy\" decoding=\"async\" width=\"1382\" height=\"922\" src=\"https:\/\/munkacs-diocese.org\/hu\/wp-content\/uploads\/2026\/09\/2026.07.29-pavshyno-038.jpg\" class=\"attachment-full size-full\" alt=\"\" srcset=\"https:\/\/munkacs-diocese.org\/hu\/wp-content\/uploads\/2026\/09\/2026.07.29-pavshyno-038.jpg 1382w, https:\/\/munkacs-diocese.org\/hu\/wp-content\/uploads\/2026\/09\/2026.07.29-pavshyno-038-300x200.jpg 300w, https:\/\/munkacs-diocese.org\/hu\/wp-content\/uploads\/2026\/09\/2026.07.29-pavshyno-038-1024x683.jpg 1024w, https:\/\/munkacs-diocese.org\/hu\/wp-content\/uploads\/2026\/09\/2026.07.29-pavshyno-038-768x512.jpg 768w, https:\/\/munkacs-diocese.org\/hu\/wp-content\/uploads\/2026\/09\/2026.07.29-pavshyno-038-1080x721.jpg 1080w\" sizes=\"(max-width: 1382px) 100vw, 1382px\" \/><\/a>\n\t\t\t<\/dt><\/dl><dl class='gallery-item'>\n\t\t\t<dt class='gallery-icon landscape'>\n\t\t\t\t<a href='https:\/\/munkacs-diocese.org\/hu\/wp-content\/uploads\/2026\/09\/2026.07.29-pavshyno-040.jpg'><img loading=\"lazy\" decoding=\"async\" width=\"1382\" height=\"922\" src=\"https:\/\/munkacs-diocese.org\/hu\/wp-content\/uploads\/2026\/09\/2026.07.29-pavshyno-040.jpg\" class=\"attachment-full size-full\" alt=\"\" srcset=\"https:\/\/munkacs-diocese.org\/hu\/wp-content\/uploads\/2026\/09\/2026.07.29-pavshyno-040.jpg 1382w, https:\/\/munkacs-diocese.org\/hu\/wp-content\/uploads\/2026\/09\/2026.07.29-pavshyno-040-300x200.jpg 300w, https:\/\/munkacs-diocese.org\/hu\/wp-content\/uploads\/2026\/09\/2026.07.29-pavshyno-040-1024x683.jpg 1024w, https:\/\/munkacs-diocese.org\/hu\/wp-content\/uploads\/2026\/09\/2026.07.29-pavshyno-040-768x512.jpg 768w, https:\/\/munkacs-diocese.org\/hu\/wp-content\/uploads\/2026\/09\/2026.07.29-pavshyno-040-1080x721.jpg 1080w\" sizes=\"(max-width: 1382px) 100vw, 1382px\" \/><\/a>\n\t\t\t<\/dt><\/dl><br style=\"clear: both\" \/>\n\t\t<\/div>\n\n<p>Hallgassa meg Isten a gyermekei k\u00f6ny\u00f6rg\u00e9s\u00e9t, \u00e9s adja meg a b\u00e9k\u00e9t!<\/p>\n<p style=\"text-align: right;\"><em>Reshetar Tetjana \u00edr\u00e1sa \u00e9s fot\u00f3i alapj\u00e1n<\/em><\/p>\n","protected":false},"excerpt":{"rendered":"<p>Augusztus 29-\u00e9n, Ukrajna v\u00e9d\u0151inek eml\u00e9knapj\u00e1n \u00f6kumenikus ima-, b\u0171nb\u00e1nati \u00e9s b\u00f6jti napot tartottak Ukrajna b\u00e9k\u00e9j\u00e9\u00e9rt P\u00f3sah\u00e1z\u00e1n (Munk\u00e1csi j\u00e1r\u00e1s), a Saint-Marc-i Szent J\u00f3zsef n\u0151v\u00e9rek r\u00f3mai katolikus kolostor\u00e1ban. \u200bA rendezv\u00e9ny Ligy Payyappilly SJSM n\u0151v\u00e9r kezdem\u00e9nyez\u00e9s\u00e9re \u00e9s rendt\u00e1rsai t\u00e1mogat\u00e1s\u00e1val val\u00f3sult meg. Az esem\u00e9nyhez k\u00fcl\u00f6nb\u00f6z\u0151 felekezetek p\u00fcsp\u00f6kei, paps\u00e1ga \u00e9s vil\u00e1gi h\u00edvei, valamint K\u00e1rp\u00e1talja megyei vezet\u00e9s\u00e9nek k\u00e9pvisel\u0151i is csatlakoztak. Els\u0151k\u00e9nt Lucsok [&hellip;]<\/p>\n","protected":false},"author":1,"featured_media":16208,"comment_status":"open","ping_status":"open","sticky":false,"template":"","format":"standard","meta":{"_acf_changed":false,"_et_pb_use_builder":"","_et_pb_old_content":"","_et_gb_content_width":"","footnotes":""},"categories":[59],"tags":[],"class_list":["post-16204","post","type-post","status-publish","format-standard","has-post-thumbnail","hentry","category-egyhazmegyenk-hirei","et-has-post-format-content","et_post_format-et-post-format-standard"],"acf":[],"_links":{"self":[{"href":"https:\/\/munkacs-diocese.org\/hu\/wp-json\/wp\/v2\/posts\/16204"}],"collection":[{"href":"https:\/\/munkacs-diocese.org\/hu\/wp-json\/wp\/v2\/posts"}],"about":[{"href":"https:\/\/munkacs-diocese.org\/hu\/wp-json\/wp\/v2\/types\/post"}],"author":[{"embeddable":true,"href":"https:\/\/munkacs-diocese.org\/hu\/wp-json\/wp\/v2\/users\/1"}],"replies":[{"embeddable":true,"href":"https:\/\/munkacs-diocese.org\/hu\/wp-json\/wp\/v2\/comments?post=16204"}],"version-history":[{"count":1,"href":"https:\/\/munkacs-diocese.org\/hu\/wp-json\/wp\/v2\/posts\/16204\/revisions"}],"predecessor-version":[{"id":16237,"href":"https:\/\/munkacs-diocese.org\/hu\/wp-json\/wp\/v2\/posts\/16204\/revisions\/16237"}],"wp:featuredmedia":[{"embeddable":true,"href":"https:\/\/munkacs-diocese.org\/hu\/wp-json\/wp\/v2\/media\/16208"}],"wp:attachment":[{"href":"https:\/\/munkacs-diocese.org\/hu\/wp-json\/wp\/v2\/media?parent=16204"}],"wp:term":[{"taxonomy":"category","embeddable":true,"href":"https:\/\/munkacs-diocese.org\/hu\/wp-json\/wp\/v2\/categories?post=16204"},{"taxonomy":"post_tag","embeddable":true,"href":"https:\/\/munkacs-diocese.org\/hu\/wp-json\/wp\/v2\/tags?post=16204"}],"curies":[{"name":"wp","href":"https:\/\/api.w.org\/{rel}","templated":true}]}}