{"id":16191,"date":"2026-08-31T13:27:11","date_gmt":"2026-08-31T11:27:11","guid":{"rendered":"https:\/\/munkacs-diocese.org\/hu\/?p=16191"},"modified":"2026-08-31T13:27:11","modified_gmt":"2026-08-31T11:27:11","slug":"leo-papa-homiliaja-az-albanoi-tonal-a-tavi-szuzanya-korul-imaban-egy-test-vagyunk","status":"publish","type":"post","link":"https:\/\/munkacs-diocese.org\/hu\/2026\/08\/31\/leo-papa-homiliaja-az-albanoi-tonal-a-tavi-szuzanya-korul-imaban-egy-test-vagyunk\/","title":{"rendered":"Le\u00f3 p\u00e1pa hom\u00edli\u00e1ja az Alban\u00f3i-t\u00f3n\u00e1l: a Tavi Sz\u0171zanya k\u00f6r\u00fcl im\u00e1ban egy test vagyunk"},"content":{"rendered":"<div id=\"fb-root\"><\/div>\n<p>Augusztus 29-\u00e9n, szombaton este hat \u00f3rakor Le\u00f3 p\u00e1pa szentmis\u00e9t mutatott az Alban\u00f3i t\u00f3 partj\u00e1n \u00e9p\u00fclt Madonna del Lago, Tavi Boldogasszony modern templom\u00e1ban, melyet Szent VI. P\u00e1l p\u00e1pa 1977. augusztus 15-\u00e9n, Nagyboldogasszony napj\u00e1n szentelt fel. Hom\u00edli\u00e1j\u00e1ban arra buzd\u00edtott, hogy tov\u00e1bbra is szeress\u00fcnk, bocs\u00e1ssunk meg, felaj\u00e1nlva magunkat \u201e\u00e9l\u0151, szent \u00e9s Istennek kedves \u00e1ldozatk\u00e9nt\u201d. \u00c9s ne cs\u00fcggedj\u00fcnk, ha neh\u00e9z is, a mi er\u0151nk az \u00darban van, \u00e9s az \u0151 seg\u00edts\u00e9g\u00e9vel minden lehets\u00e9ges!<\/p>\n<p><strong>P\u00e1pael\u0151d\u00f6k nyomdokain j\u00e1rva<\/strong><\/p>\n<p>\u00d6r\u00f6mmel \u00fcnneplem veletek a T\u00f3parti Boldogasszony \u00fcnnep\u00e9t, ahogyan azt n\u00e9h\u00e1ny el\u0151d\u00f6m is tette a m\u00faltban: Szent VI. P\u00e1l, aki akarta \u00e9s t\u00e1mogatta is e M\u00e1ri\u00e1nak szentelt templom fel\u00e9p\u00edt\u00e9s\u00e9t, \u00e9s fel is szentelte azt, valamint Szent II. J\u00e1nos P\u00e1l, aki itt k\u00edv\u00e1nt megeml\u00e9kezni r\u00f3la \u00e9s meg\u00faj\u00edtani \u00fczenet\u00e9t \u2013 kezdte hom\u00edli\u00e1j\u00e1t Le\u00f3 p\u00e1pa. Az igeliturgia olyan sz\u00f6vegeket k\u00edn\u00e1l sz\u00e1munkra, amelyek j\u00f3l harmoniz\u00e1lnak ezzel a hagyom\u00e1nyos esem\u00e9nnyel.<\/p>\n<p><strong>Jeremi\u00e1s, az el\u0151re kiv\u00e1lasztott pr\u00f3f\u00e9ta, akinek ellentmondanak \u00a0\u00a0<\/strong><\/p>\n<p>Az els\u0151 olvasm\u00e1nyban Jeremi\u00e1s pr\u00f3f\u00e9ta arr\u00f3l besz\u00e9l, hogy ellen\u00e1llhatatlanul v\u00e1gyik v\u00e1laszolni a kapott h\u00edv\u00e1sra:\u00a0<em>\u201eUram, r\u00e1szedt\u00e9l engem\u201d\u00a0<\/em>\u2013 mondja \u2013,<em>\u00a0\u201e\u00e9s \u00e9n hagytam, hogy elcs\u00e1b\u00edtson [&#8230;]. Sz\u00edvemben valami \u00e9g\u0151 t\u0171zh\u00f6z hasonl\u00f3 volt [&#8230;]; megpr\u00f3b\u00e1ltam megf\u00e9kezni, de nem tudtam\u201d<\/em>\u00a0(Jer 20,7.9). Isten kinyilatkoztatta neki, hogy anyja m\u00e9h\u00e9t\u0151l fogva ismerte \u00e9s kiv\u00e1lasztotta \u0151t \u00e9s hogy \u00f6r\u00f6k szeretettel szereti n\u00e9p\u00e9t; besz\u00e9lt neki \u00fcdv\u00f6z\u00edt\u0151 terv\u00e9r\u0151l, \u0151 pedig m\u00e1r nem tudott tov\u00e1bb hallgatni. Ellen\u00e1llhatatlan k\u00e9sztet\u00e9st \u00e9rzett, hogy elvigye \u00fczenet\u00e9t mindenkinek, b\u00e1r tudta, hogy ez azt jelenti, hogy olyan dolgokat fog mondani \u00e9s tenni, amelyek sokaknak nem fognak tetszeni, szenved\u00e9ssel \u00e9s f\u00e9lre\u00e9rt\u00e9ssel kell szemben\u00e9znie, od\u00e1ig men\u0151en, hogy\u00a0<em>\u201eeg\u00e9sz napra nevets\u00e9g t\u00e1rgy\u00e1v\u00e1\u201d<\/em>\u00a0v\u00e1lik (7. v.). De a szeretet arra k\u00e9szteti, hogy n\u00e9pe jav\u00e1ra cselekedjen, megalkuv\u00e1s n\u00e9lk\u00fcl, mindv\u00e9gig \u2013 hangs\u00falyozta Le\u00f3 p\u00e1pa.<\/p>\n<p><strong>J\u00e9zus elmagyar\u00e1zza tan\u00edtv\u00e1nyai sz\u00e1m\u00e1ra tetteinek messi\u00e1si jelent\u00e9s\u00e9t<\/strong><\/p>\n<p>Ezt tan\u00edtja nek\u00fcnk J\u00e9zus is az evang\u00e9liumban. Nemr\u00e9g \u00f6tezer embert j\u00f3llakatott \u00f6t keny\u00e9rrel \u00e9s k\u00e9t hallal (v\u00f6. Mt 14,15-21), majd tov\u00e1bbi n\u00e9gyezer embert h\u00e9t keny\u00e9rrel \u00e9s n\u00e9h\u00e1ny kis hallal (v\u00f6. Mt 15,32-38). Most, ezen gesztusok siker\u00e9n t\u00fal,\u00a0elmagyar\u00e1zza tan\u00edtv\u00e1nyai sz\u00e1m\u00e1ra tett\u00e9nek messi\u00e1si jelent\u00e9s\u00e9t:\u00a0<em>\u201eEtt\u0151l kezdve J\u00e9zus jelezni kezdte tan\u00edtv\u00e1nyainak: Jeruzs\u00e1lembe kell mennie, sokat kell szenvednie a v\u00e9nekt\u0151l, a f\u0151papokt\u00f3l \u00e9s az \u00edr\u00e1stud\u00f3kt\u00f3l, meg\u00f6lik, de harmadnap felt\u00e1mad\u201d\u00a0<\/em>(Mt 16,21). Elmagyar\u00e1zza, hogyan fogja a sz\u00e1mos csodat\u00e9tel ut\u00e1n v\u00e9glegesen kinyilv\u00e1n\u00edtani dics\u0151s\u00e9g\u00e9t: az\u00e1ltal, hogy szabadon fel\u00e1ldozza \u00e9let\u00e9t (v\u00f6. Jn 10,17-18), \u00e9s felaj\u00e1nlja mag\u00e1t a kereszten megt\u00f6rt keny\u00e9rk\u00e9nt. \u00c9s meghat\u00e1rozza, hogy aki folytatni akarja a k\u00fcldet\u00e9s\u00e9t, annak ugyanezt kell tennie:\u00a0<em>\u201eHa valaki ut\u00e1nam akar j\u00f6nni\u201d\u00a0<\/em>\u2013 mondja \u2013,<em>\u00a0\u201etagadja meg mag\u00e1t, vegye fel keresztj\u00e9t, \u00e9s k\u00f6vessen engem\u201d<\/em>\u00a0(24. vers).<\/p>\n<p><strong>J\u00e9zus felt\u00e1rja, hogy csak az \u00f6nfel\u00e1ldoz\u00f3 szeretet \u00fcdv\u00f6z\u00edt<\/strong><\/p>\n<p>J\u00e9zus \u00edgy t\u00e1rja fel, hogy csak a szeretet \u00fcdv\u00f6z\u00edt. Az a szeretet, amelyet Isten azzal mutatott meg nek\u00fcnk, hogy emberr\u00e9 lett, meghalt \u00e9s felt\u00e1madt \u00e9rt\u00fcnk, \u00e9s erre v\u00e1laszol az a szeretet, amellyel mi is al\u00e1zatosan felaj\u00e1nljuk magunkat Neki \u00e9s testv\u00e9reinknek: a mindennapi szeretet h\u0171s\u00e9ges \u00e1llhatatoss\u00e1g\u00e1ban, valamint a legk\u00fcl\u00f6nlegesebb gesztusokban, id\u0151nk\u00e9nt eg\u00e9szen a v\u00e9rtan\u00fas\u00e1gig men\u0151en, ahogyan az sajnos ma is megt\u00f6rt\u00e9nik sok kereszt\u00e9nnyel a vil\u00e1g k\u00fcl\u00f6nb\u00f6z\u0151 r\u00e9szein. Szent \u00c1goston azt mondta, hogy\u00a0<em>\u201eaz arat\u00f3 \u00f6r\u00f6me [&#8230;] megmutatja a vet\u0151 sz\u00e1nd\u00e9k\u00e1t\u201d,<\/em>\u00a0\u00e9s mi is szeretn\u00e9nk magunk\u00e9v\u00e1 tenni az \u0151 \u00e9rz\u00e9seit: Isten seg\u00edts\u00e9g\u00e9vel f\u00e1radhatatlanul, m\u00e9rt\u00e9k n\u00e9lk\u00fcl szeretn\u00e9nk elvetni v\u00e9gtelen szeretet\u00e9nek magvait mindenhol a vil\u00e1gon, hogy legyen ma \u00e9s mindig valaki, aki \u00f6r\u00fclhet gy\u00fcm\u00f6lcsei learat\u00e1s\u00e1nak. Sajnos nem mindenki \u00e9rti a Teremt\u0151 ezen \u00e1lm\u00e1nak sz\u00e9ps\u00e9g\u00e9t, j\u00f3s\u00e1g\u00e1t \u00e9s konkr\u00e9t mivolt\u00e1t; s\u0151t sokan ut\u00f3pi\u00e1nak tartj\u00e1k. Azt mondj\u00e1k, odatartani a m\u00e1sik arcodat is, az a veszteseknek val\u00f3, az elutas\u00edt\u00e1s ellen\u00e9re adni naiv dolog, a hat\u00e1rtalan megbocs\u00e1t\u00e1s a gyeng\u00e9knek val\u00f3. Nem csoda! M\u00e9g P\u00e9ternek is nehezen ment ez az \u00faj \u00e9s m\u00e1sfajta gondolkod\u00e1sm\u00f3d. J\u00e9zus azonban kategorikus marad: csak a szeretet \u00fatja az \u00e9let \u00fatja. Ne \u00e1ltassuk magunkat! A gy\u0171l\u00f6let \u00e9s az er\u0151szak semmi j\u00f3t nem hoz, csak puszt\u00edt\u00e1st \u00e9s hal\u00e1lt, mindig, m\u00e9g akkor is, ha azok elszenvedett igazs\u00e1gtalans\u00e1gokra adott v\u00e1laszok. Minden nap l\u00e1tjuk ezt, a csal\u00e1di \u00e9let\u00fcnk apr\u00f3 dolgait\u00f3l kezdve, eg\u00e9szen a vil\u00e1g nagy sz\u00ednter\u00e9ig. Mindez meger\u0151s\u00edti azt, amit J\u00e9zus tan\u00edtott nek\u00fcnk:\u00a0<em>\u201eAki meg akarja menteni az \u00e9let\u00e9t, elveszti azt; aki pedig elveszti az \u00e9let\u00e9t \u00e9n\u00e9rtem, megtal\u00e1lja azt\u201d<\/em>\u00a0(Mt 16,25).<\/p>\n<p><strong>Ne cs\u00fcggedj\u00fcnk, ha neh\u00e9z is: a mi er\u0151nk az \u00darban van!<\/strong><\/p>\n<p>Kedves fiv\u00e9reim \u00e9s n\u0151v\u00e9reim \u2013 folytatta a Szentatya \u2013, annyira sz\u00fcks\u00e9g\u00fcnk van \u00e9letre, rem\u00e9nyre, nyugalomra \u00e9s b\u00e9k\u00e9re, \u00f6nmagunkban, v\u00e1rosainkban, a n\u00e9pek \u00e9s nemzetek k\u00f6z\u00f6tt. Ez\u00e9rt b\u00e1rmilyen seb, b\u00e1rmilyen s\u00e9rt\u00e9s is \u00e9rjen minket, ne engedj\u00fck, hogy a gonosz eltorz\u00edtsa embers\u00e9g\u00fcnket \u00e9s megrontsa sz\u00edv\u00fcnket! Ne igazodjunk a vil\u00e1g mentalit\u00e1s\u00e1hoz (v\u00f6. R\u00f3m 12,2). Tov\u00e1bbra is szeress\u00fcnk, adjunk, bocs\u00e1ssunk meg, felaj\u00e1nlva magunkat \u201e\u00e9l\u0151, szent \u00e9s Istennek kedves \u00e1ldozatk\u00e9nt\u201d (1. v.), hogy meg\u0151rizz\u00fck \u00e9s \u00e1poljuk \u00f6nmagunkban \u00e9s m\u00e1sokban az isteni k\u00e9pm\u00e1s v\u00e9gtelen m\u00e9lt\u00f3s\u00e1g\u00e1t, amelyet lelk\u00fcnkben hordozunk. \u00c9s ne cs\u00fcggedj\u00fcnk, ha neh\u00e9z: a mi er\u0151nk az \u00darban van, \u00e9s az \u0151 seg\u00edts\u00e9g\u00e9vel minden lehets\u00e9ges (v\u00f6. Fil 4,13).<\/p>\n<p><strong>A tavi k\u00f6rmenet felid\u00e9zi J\u00e9zus v\u00edzen-j\u00e1r\u00e1s\u00e1nak csod\u00e1j\u00e1t<\/strong><\/p>\n<p>A t\u00f3 menti k\u00f6rmenet szertart\u00e1sa, amelyet hamarosan megtesz\u00fcnk, szint\u00e9n erre eml\u00e9keztet minket. J\u00e9zus egy m\u00e1sik csod\u00e1j\u00e1t id\u00e9zi fel, amely r\u00f6viddel az el\u0151bb hallott esem\u00e9nyek el\u0151tt t\u00f6rt\u00e9nt, amikor a Mester a Galileai-tengeren a v\u00edzen j\u00e1rva utol\u00e9rte a megriadt tan\u00edtv\u00e1nyokat, \u00e9s a partra vezette \u0151ket, lecsendes\u00edtve a vihart (l\u00e1sd Mt 8,23-27). Pontosan akkor, amikor a legjobban megijedtek, kit\u00e9ve az ellensz\u00e9l k\u00e9nye-kedv\u00e9nek, arra buzd\u00edtotta \u0151ket, hogy legyen hit\u00fck \u00e9s im\u00e1dkozzanak, tal\u00e1ljanak b\u00e9k\u00e9t, \u00e9s vele egy\u00fctt folytass\u00e1k az utat a k\u00edv\u00e1nt c\u00e9l fel\u00e9. Ezzel a hittel vesz\u00fcnk r\u00e9szt mi is ezen az est\u00e9n az Eucharisztia \u00fcnnepl\u00e9s\u00e9ben \u2013 \u00e1llap\u00edtotta meg Le\u00f3 p\u00e1pa. Az olt\u00e1ron felaj\u00e1nljuk magunkat a keny\u00e9rrel \u00e9s a borral egy\u00fctt. Az \u00dar pedig egyes\u00edti felaj\u00e1nl\u00e1sainkat az \u00f6v\u00e9ivel, megszenteli azokat, \u00e9s visszaadja nek\u00fcnk, \u00e1talak\u00edtva saj\u00e1t test\u00e9v\u00e9 \u00e9s v\u00e9r\u00e9v\u00e9, hogy megosszuk azokat t\u00e1pl\u00e1l\u00e9kul az \u00fatra. Azut\u00e1n, mint a tan\u00edtv\u00e1nyok, egy\u00fctt elhagyjuk a partot, magunkkal vive M\u00e1ria kegyk\u00e9p\u00e9t, p\u00e9ldak\u00e9p\u00fcnket \u00e9s vezet\u0151nket, hogy a kapott \u00e1ld\u00e1st a t\u00f3 partj\u00e1n tov\u00e1bbadjuk.<\/p>\n<p><strong>Egyszer\u0171 gesztussal \u00faj\u00edtjuk meg Istenbe vetett bizalmunkat \u00e9s gyermeki odaad\u00e1sunkat Urunk Szent Anyja ir\u00e1nt<\/strong><\/p>\n<p>Ezek egyszer\u0171 gesztusok, amelyekkel meg\u00faj\u00edtjuk Istenbe vetett bizalmunkat \u00e9s gyermeki odaad\u00e1sunkat Urunk Szent Anyja ir\u00e1nt. \u00c9s ann\u00e1l is ink\u00e1bb meghat\u00f3ak, mert \u2013 ahogy Szent VI. P\u00e1l sz\u00edvesen eml\u00e9keztetett r\u00e1 \u2013 az a gondoss\u00e1g teszi lehet\u0151v\u00e9 \u0151ket, amellyel az itt \u00e9l\u0151 kis k\u00f6z\u00f6ss\u00e9g eg\u00e9sz \u00e9vben \u0151rzi a b\u00e9k\u00e9nek ezt a hely\u00e9t, hogy azt\u00e1n \u00fcnnep\u00e9lyes pillanatokban Isten eg\u00e9sz n\u00e9pe ott \u00f6sszegy\u0171lhessen, ak\u00e1rcsak M\u00e1ria, aki befogadta Isten emberr\u00e9 lett Fi\u00e1t m\u00e9h\u00e9be \u00e9s n\u00e1z\u00e1reti otthon\u00e1ba, hogy \u00fcdv\u00f6ss\u00e9ge mindenkihez eljusson. \u00cdgy a M\u00e1ria-tiszteletnek ez a helye annak a jel\u00e9v\u00e9 is v\u00e1lik, hogyan t\u00f6rekszik az Egyh\u00e1z napr\u00f3l napra arra, hogy mindannyiunkat egy testt\u00e9 tegyen im\u00e1ds\u00e1gban, \u00e9rz\u00e9sekben, elhat\u00e1roz\u00e1sokban, egy\u00fcttl\u00e9t\u00fcnk rendezett \u00e9s egy\u00f6ntet\u0171 fejl\u0151d\u00e9s\u00e9ben, annak a szeretetnek a szimb\u00f3lum\u00e1v\u00e1 v\u00e1lva, amellyel az \u00dar Szents\u00e9ges Anyja \u00e1ltal akart k\u00f6zel j\u00f6nni hozz\u00e1nk, mint egy k\u00f6z\u00fcl\u00fcnk, eg\u00e9szen od\u00e1ig, hogy egyes\u00fclj\u00f6n embers\u00e9g\u00fcnk nagy sokas\u00e1g\u00e1val. Gy\u0171lj\u00fcnk h\u00e1t \u00f6ssze ma este J\u00e9zus \u00e9s M\u00e1ria, a Fi\u00fa \u00e9s az Anya k\u00f6r\u00fcl, hogy egyes\u00fclj\u00fcnk ne csak a tavon, hanem a vil\u00e1g minden \u00e9jszak\u00e1j\u00e1n, Isten jelenl\u00e9t\u00e9nek megnyugtat\u00f3 t\u00fck\u00f6rk\u00e9pek\u00e9nt \u00e9s szeretet\u00e9nek ellen\u00e1llhatatlan visszhangjak\u00e9nt, amely a szeretetre h\u00edv minket \u2013 z\u00e1rta hom\u00edli\u00e1j\u00e1t a Szentatya.<\/p>\n<p><strong>A k\u00f6rmenet kezdete<\/strong><\/p>\n<p>A szentmise ut\u00e1n a helyi h\u00edvek v\u00e1llukra emelt\u00e9k a Tavi Boldogasszony szobr\u00e1t \u00e9s Le\u00f3 p\u00e1pa, valamint az asszisztencia k\u00eds\u00e9ret\u00e9ben a k\u00f6zeli t\u00f3part \u201eTropicana\u201d strandj\u00e1ra vitt\u00e9k, ahol felsz\u00e1lltak vele az ott v\u00e1rakoz\u00f3 p\u00e1pai z\u00e1szl\u00f3shaj\u00f3ra. Le\u00f3 p\u00e1pa a haj\u00f3 elej\u00e9n a Sz\u0171zanya szobra m\u00f6g\u00f6tt \u00fclt \u00e9s im\u00e1dkozott, id\u0151nk\u00e9nt \u00e1ld\u00e1st adva a t\u00f3parton felsorakozott h\u00edveknek. Kisebb haj\u00f3k \u00e9s sok kenu k\u00f6vette a p\u00e1pai k\u00f6rmenetes b\u00e1rk\u00e1t, mely f\u00e9l\u00f3r\u00e1s haj\u00f3z\u00e1s ut\u00e1n k\u00f6t\u00f6tt ki a P\u00e1pai Nyaral\u00f3 alatti partszakasz San Giorgio strandj\u00e1n, ahol a Szentatya im\u00e1val fejezte be a szertart\u00e1st \u00e9s elk\u00f6sz\u00f6nt a h\u00edvekt\u0151l.<\/p>\n<p><strong>A Szentatya im\u00e1ja a k\u00f6rmenet v\u00e9g\u00e9n a Tavi Boldogasszony kegyszobra el\u0151tt \u00a0<\/strong><\/p>\n<p>K\u00f6ny\u00f6r\u00f6gj\u00fcnk! \u00d3, M\u00e1ria, Szent Sz\u0171z, a figyelem \u00e9s szolg\u00e1lat Asszonya, gyermeki sz\u00edvvel fordulunk hozz\u00e1d. Anyai k\u00f6zbenj\u00e1r\u00e1sodra b\u00edzzuk az Egyh\u00e1zat, hogy mindig h\u0171s\u00e9ges legyen az evang\u00e9liumhoz, b\u00e1tor legyen az igehirdet\u00e9sben, al\u00e1zatos a szolg\u00e1latban \u00e9s kitart\u00f3 a szeretetben. Szeret\u0151 oltalmadra b\u00edzzuk a f\u00f6ld minden n\u00e9p\u00e9t: tekints j\u00f3indulattal a h\u00e1bor\u00fa \u00e1ltal megsebzett gyermekeidre, \u00e9s b\u00e1tor\u00edtsd mindny\u00e1junkban a b\u00e9ke ut\u00e1ni v\u00e1gyat. Ahol a gy\u0171l\u00f6let n\u0151, tan\u00edts minket a megbocs\u00e1t\u00e1sra; ahol a f\u00e9lelem uralkodik, adj\u00e1l \u00fajb\u00f3l rem\u00e9nyt. Ford\u00edtsd t\u00f6r\u0151d\u0151 tekintetedet a gyermekekre, az id\u0151sekre, a betegekre, a csal\u00e1dokra, a fiatalokra \u00e9s mindazokra, akik mag\u00e1nyban \u00e9lnek.<\/p>\n<p>T\u00e1mogasd azokat, akik felel\u0151ss\u00e9get viselnek a k\u00f6z\u00e9letben, hogy mindig el\u0151mozd\u00edthass\u00e1k az igazs\u00e1goss\u00e1got, a szabads\u00e1got, minden egyes ember m\u00e9lt\u00f3s\u00e1g\u00e1t \u00e9s a k\u00f6zj\u00f3t. V\u00e9dd mindazokat, akik itt a k\u00f6rny\u00e9ken laknak, azokat, akik a t\u00f3 k\u00f6r\u00fcl dolgoznak, a zar\u00e1ndokokat \u00e9s azokat, akik itt b\u00e9k\u00e9t \u00e9s nyugalmat keresnek. Add, hogy mindannyian, Re\u00e1d tekintve, megtal\u00e1ljuk az utat, amely Krisztushoz, a vil\u00e1g egyetlen Megv\u00e1lt\u00f3j\u00e1hoz vezet, aki \u00e9l \u00e9s uralkodik mind\u00f6r\u00f6kk\u00f6n-\u00f6r\u00f6kk\u00e9. A Szentatya v\u00e9g\u00fcl \u00e1ld\u00e1s\u00e1t adta a jelenl\u00e9v\u0151kre \u00e9s az esem\u00e9nyt k\u00f6vet\u0151kre:<\/p>\n<p><strong>A szal\u00e9zi rend elk\u00f6telezetts\u00e9ge Castel Gandolf\u00f3ban<\/strong><\/p>\n<p>A szentmis\u00e9n koncelebr\u00e1lt Vincenzo Viva p\u00fcsp\u00f6k, a helyi alban\u00f3i egyh\u00e1zmegye f\u0151p\u00e1sztora, Tadeusz Rozmus atya, a Castel Gandolfo-i Villanovai Szent Tam\u00e1s pl\u00e9b\u00e1niatemplom pl\u00e9b\u00e1nosa, valamint a szal\u00e9zi rend vezet\u0151i: Gabriel Cruz, Pedro Andr\u00e9 \u00e9s Fabio Attard aty\u00e1k. Don Bosco fiai sz\u00e1z \u00e9ve vannak jelen itt, mivel XI. Pius p\u00e1pa 1926-ban h\u00edvta \u0151ket Castel Gandolf\u00f3ba, hogy ott orat\u00f3riumot nyissanak \u00e9s a pl\u00e9b\u00e1niai szolg\u00e1latnak szentelj\u00e9k magukat, k\u00fcl\u00f6n\u00f6s tekintettel a fiatalok nevel\u00e9s\u00e9re, emberi \u00e9s kereszt\u00e9ny fejl\u0151d\u00e9s\u00fckre.<\/p>\n<p style=\"text-align: right;\"><em>Forr\u00e1s &#8211; <a href=\"https:\/\/www.vaticannews.va\/hu\/papa\/news\/2026-08\/papa-albanoi-to-tavi-madonna-mise-kormenet-hajo-ima-papak.html\" target=\"_blank\" rel=\"noopener\">www.vaticannews.va<\/a><\/em><\/p>\n","protected":false},"excerpt":{"rendered":"<p>Augusztus 29-\u00e9n, szombaton este hat \u00f3rakor Le\u00f3 p\u00e1pa szentmis\u00e9t mutatott az Alban\u00f3i t\u00f3 partj\u00e1n \u00e9p\u00fclt Madonna del Lago, Tavi Boldogasszony modern templom\u00e1ban, melyet Szent VI. P\u00e1l p\u00e1pa 1977. augusztus 15-\u00e9n, Nagyboldogasszony napj\u00e1n szentelt fel. Hom\u00edli\u00e1j\u00e1ban arra buzd\u00edtott, hogy tov\u00e1bbra is szeress\u00fcnk, bocs\u00e1ssunk meg, felaj\u00e1nlva magunkat \u201e\u00e9l\u0151, szent \u00e9s Istennek kedves \u00e1ldozatk\u00e9nt\u201d. \u00c9s ne cs\u00fcggedj\u00fcnk, ha [&hellip;]<\/p>\n","protected":false},"author":1,"featured_media":16192,"comment_status":"open","ping_status":"open","sticky":false,"template":"","format":"standard","meta":{"_acf_changed":false,"_et_pb_use_builder":"","_et_pb_old_content":"","_et_gb_content_width":"","footnotes":""},"categories":[60],"tags":[],"class_list":["post-16191","post","type-post","status-publish","format-standard","has-post-thumbnail","hentry","category-egyeb-egyhazi-hirek","et-has-post-format-content","et_post_format-et-post-format-standard"],"acf":[],"_links":{"self":[{"href":"https:\/\/munkacs-diocese.org\/hu\/wp-json\/wp\/v2\/posts\/16191"}],"collection":[{"href":"https:\/\/munkacs-diocese.org\/hu\/wp-json\/wp\/v2\/posts"}],"about":[{"href":"https:\/\/munkacs-diocese.org\/hu\/wp-json\/wp\/v2\/types\/post"}],"author":[{"embeddable":true,"href":"https:\/\/munkacs-diocese.org\/hu\/wp-json\/wp\/v2\/users\/1"}],"replies":[{"embeddable":true,"href":"https:\/\/munkacs-diocese.org\/hu\/wp-json\/wp\/v2\/comments?post=16191"}],"version-history":[{"count":1,"href":"https:\/\/munkacs-diocese.org\/hu\/wp-json\/wp\/v2\/posts\/16191\/revisions"}],"predecessor-version":[{"id":16193,"href":"https:\/\/munkacs-diocese.org\/hu\/wp-json\/wp\/v2\/posts\/16191\/revisions\/16193"}],"wp:featuredmedia":[{"embeddable":true,"href":"https:\/\/munkacs-diocese.org\/hu\/wp-json\/wp\/v2\/media\/16192"}],"wp:attachment":[{"href":"https:\/\/munkacs-diocese.org\/hu\/wp-json\/wp\/v2\/media?parent=16191"}],"wp:term":[{"taxonomy":"category","embeddable":true,"href":"https:\/\/munkacs-diocese.org\/hu\/wp-json\/wp\/v2\/categories?post=16191"},{"taxonomy":"post_tag","embeddable":true,"href":"https:\/\/munkacs-diocese.org\/hu\/wp-json\/wp\/v2\/tags?post=16191"}],"curies":[{"name":"wp","href":"https:\/\/api.w.org\/{rel}","templated":true}]}}