{"id":1596,"date":"2017-04-11T23:00:00","date_gmt":"2017-04-11T20:00:00","guid":{"rendered":"http:\/\/munkacs-diocese.org\/hu\/2017\/04\/11\/olajszentelesi-szentmise-munkacson\/"},"modified":"2017-04-11T23:00:00","modified_gmt":"2017-04-11T20:00:00","slug":"olajszentelesi-szentmise-munkacson","status":"publish","type":"post","link":"https:\/\/munkacs-diocese.org\/hu\/2017\/04\/11\/olajszentelesi-szentmise-munkacson\/","title":{"rendered":"Olajszentel\u00e9si szentmise Munk\u00e1cson"},"content":{"rendered":"<div id=\"fb-root\"><\/div>\n<p style=\"text-align: center;\"><span style=\"font-size: 12pt;\"><strong>Olajszentel\u00e9si szentmise Munk\u00e1cson<\/strong><\/span><\/p>\n<p><img loading=\"lazy\" decoding=\"async\" class=\" alignleft size-full wp-image-1595\" src=\"https:\/\/munkacs-diocese.org\/hu\/wp-content\/uploads\/2017\/04\/DSCF6737.JPG\" alt=\"DSCF6737\" style=\"float: left;\" height=\"164\" width=\"220\" srcset=\"https:\/\/munkacs-diocese.org\/hu\/wp-content\/uploads\/2017\/04\/DSCF6737.JPG 800w, https:\/\/munkacs-diocese.org\/hu\/wp-content\/uploads\/2017\/04\/DSCF6737-300x225.jpg 300w, https:\/\/munkacs-diocese.org\/hu\/wp-content\/uploads\/2017\/04\/DSCF6737-768x576.jpg 768w, https:\/\/munkacs-diocese.org\/hu\/wp-content\/uploads\/2017\/04\/DSCF6737-510x382.jpg 510w\" sizes=\"(max-width: 220px) 100vw, 220px\" \/>Hagyom\u00e1nyosan nagyszerd\u00e1n d\u00e9lel\u0151tt ker\u00fclt sor egyh\u00e1zmegy\u00e9nkben az olajok meg\u00e1ld\u00e1s\u00e1ra \u00e9s papjaink szentel\u00e9si \u00edg\u00e9reteinek meg\u00faj\u00edt\u00e1s\u00e1ra. A szentmis\u00e9t Majnek Antal megy\u00e9sp\u00fcsp\u00f6k mutatta be az egyh\u00e1zmegy\u00e9ben szolg\u00e1l\u00f3 papokkal egy\u00fctt.<\/p>\n<p>A pr\u00e9dik\u00e1ci\u00f3t ukr\u00e1n nyelven Olekszandr Gurszkij perecsenyi lazarista atya, magyarul Snep Rom\u00e1n munk\u00e1csi pl\u00e9b\u00e1nos mondt\u00e1k; mindketten a papi \u00e9let neh\u00e9zs\u00e9geir\u0151l, \u00f6r\u00f6meir\u0151l, kegyelmeir\u0151l besz\u00e9ltek, s k\u00f6zben a h\u00edveket arra k\u00e9rt\u00e9k: im\u00e1dkozzanak papjaik\u00e9rt, seg\u00edts\u00e9k \u0151ket, f\u0151leg im\u00e1ikkal. Ezt a k\u00e9r\u00e9st ism\u00e9telte meg a p\u00fcsp\u00f6k atya is a fogadalom\u00faj\u00edt\u00e1s liturgikus sz\u00f6veg\u00e9ben, melyre ezut\u00e1n ker\u00fclt sor.<\/p>\n<p>  <!--more-->  <\/p>\n<p>Az eucharisztia liturgi\u00e1ja k\u00f6zben megszentelt\u00e9k az olajokat (a betegek kenet\u00e9nek olaj\u00e1t, a keresztel\u00e9si olajat \u00e9s a krizm\u00e1t). A szentmise a p\u00e1pai himnusszal \u00e9rt v\u00e9get.<\/p>\n<p style=\"text-align: center;\"><span>[imagesizer path=&#8221;images\/stories\/nagyszerda-2017&#8243; width=&#8221;150&#8243; class=&#8221;imgsizer&#8221;]<\/span><\/p>\n","protected":false},"excerpt":{"rendered":"<p>Olajszentel\u00e9si szentmise Munk\u00e1cson Hagyom\u00e1nyosan nagyszerd\u00e1n d\u00e9lel\u0151tt ker\u00fclt sor egyh\u00e1zmegy\u00e9nkben az olajok meg\u00e1ld\u00e1s\u00e1ra \u00e9s papjaink szentel\u00e9si \u00edg\u00e9reteinek meg\u00faj\u00edt\u00e1s\u00e1ra. A szentmis\u00e9t Majnek Antal megy\u00e9sp\u00fcsp\u00f6k mutatta be az egyh\u00e1zmegy\u00e9ben szolg\u00e1l\u00f3 papokkal egy\u00fctt. A pr\u00e9dik\u00e1ci\u00f3t ukr\u00e1n nyelven Olekszandr Gurszkij perecsenyi lazarista atya, magyarul Snep Rom\u00e1n munk\u00e1csi pl\u00e9b\u00e1nos mondt\u00e1k; mindketten a papi \u00e9let neh\u00e9zs\u00e9geir\u0151l, \u00f6r\u00f6meir\u0151l, kegyelmeir\u0151l besz\u00e9ltek, s k\u00f6zben a [&hellip;]<\/p>\n","protected":false},"author":1,"featured_media":1595,"comment_status":"open","ping_status":"open","sticky":false,"template":"","format":"standard","meta":{"_acf_changed":false,"_et_pb_use_builder":"","_et_pb_old_content":"","_et_gb_content_width":"","footnotes":""},"categories":[10],"tags":[],"class_list":["post-1596","post","type-post","status-publish","format-standard","has-post-thumbnail","hentry","category-aktualis-hirek","et-has-post-format-content","et_post_format-et-post-format-standard"],"acf":[],"_links":{"self":[{"href":"https:\/\/munkacs-diocese.org\/hu\/wp-json\/wp\/v2\/posts\/1596"}],"collection":[{"href":"https:\/\/munkacs-diocese.org\/hu\/wp-json\/wp\/v2\/posts"}],"about":[{"href":"https:\/\/munkacs-diocese.org\/hu\/wp-json\/wp\/v2\/types\/post"}],"author":[{"embeddable":true,"href":"https:\/\/munkacs-diocese.org\/hu\/wp-json\/wp\/v2\/users\/1"}],"replies":[{"embeddable":true,"href":"https:\/\/munkacs-diocese.org\/hu\/wp-json\/wp\/v2\/comments?post=1596"}],"version-history":[{"count":0,"href":"https:\/\/munkacs-diocese.org\/hu\/wp-json\/wp\/v2\/posts\/1596\/revisions"}],"wp:featuredmedia":[{"embeddable":true,"href":"https:\/\/munkacs-diocese.org\/hu\/wp-json\/wp\/v2\/media\/1595"}],"wp:attachment":[{"href":"https:\/\/munkacs-diocese.org\/hu\/wp-json\/wp\/v2\/media?parent=1596"}],"wp:term":[{"taxonomy":"category","embeddable":true,"href":"https:\/\/munkacs-diocese.org\/hu\/wp-json\/wp\/v2\/categories?post=1596"},{"taxonomy":"post_tag","embeddable":true,"href":"https:\/\/munkacs-diocese.org\/hu\/wp-json\/wp\/v2\/tags?post=1596"}],"curies":[{"name":"wp","href":"https:\/\/api.w.org\/{rel}","templated":true}]}}