{"id":15654,"date":"2026-06-04T14:47:10","date_gmt":"2026-06-04T12:47:10","guid":{"rendered":"https:\/\/munkacs-diocese.org\/hu\/?p=15654"},"modified":"2026-06-04T14:47:10","modified_gmt":"2026-06-04T12:47:10","slug":"leo-papa-katekezise-a-liturgia-szimbolumai-segitenek-megnyilni-az-istennel-valo-talalkozasra","status":"publish","type":"post","link":"https:\/\/munkacs-diocese.org\/hu\/2026\/06\/04\/leo-papa-katekezise-a-liturgia-szimbolumai-segitenek-megnyilni-az-istennel-valo-talalkozasra\/","title":{"rendered":"Le\u00f3 p\u00e1pa katek\u00e9zise: A liturgia szimb\u00f3lumai seg\u00edtenek megny\u00edlni az Istennel val\u00f3 tal\u00e1lkoz\u00e1sra"},"content":{"rendered":"<div id=\"fb-root\"><\/div>\n<p>J\u00fanius els\u0151 szerdai \u00e1ltal\u00e1nos kihallgat\u00e1s\u00e1n XIV. Le\u00f3 p\u00e1pa folytatta a II. vatik\u00e1ni zsinat dokumentumainak elemz\u00e9s\u00e9t, a liturgia meg\u00faj\u00edt\u00e1s\u00e1val foglalkoz\u00f3 Sacrosanctum Concilium \u2013 k. konstit\u00faci\u00f3 alapj\u00e1n. Ez\u00fattal a szent liturgia olyan alapvet\u0151 r\u00e9szeir\u0151l elm\u00e9lkedett, mint a szertart\u00e1s, a jel \u00e9s a szimb\u00f3lum. Hagyjuk, hogy neveljen minket a liturgia szertart\u00e1sa, annak ritmusa, \u00e9rezve a kereszts\u00e9gben kapott aj\u00e1nd\u00e9kot, ami Krisztusban \u00faj \u00e9letet adott nek\u00fcnk.<\/p>\n<p><em>\u201e\u00cdgy \u00e9rtek el ahhoz a faluhoz, amelybe igyekeztek. \u0150 azonban \u00fagy tett, mintha tov\u00e1bb akarna menni. De azok unszolt\u00e1k \u00e9s k\u00e9rt\u00e9k: \u201eMaradj vel\u00fcnk, mert esteledik, a nap is lehanyatlott m\u00e1r!\u201d Bement h\u00e1t, hogy vel\u00fck maradjon. \u00c9s amikor asztalhoz telepedett vel\u00fck, vette a kenyeret, meg\u00e1ldotta, megt\u00f6rte \u00e9s nekik adta. Erre megny\u00edlt a szem\u00fck, \u00e9s felismert\u00e9k, \u0151 azonban elt\u0171nt el\u0151l\u00fck.\u201d\u00a0<\/em>(Lk 24,28-31)<\/p>\n<p><strong>A hit miszt\u00e9rium\u00e1nak meg\u00e9rt\u00e9se<\/strong><\/p>\n<p>A II. vatik\u00e1ni zsinat felhaszn\u00e1lva a liturgikus mozgalom \u00e9rt\u00e9kes munk\u00e1j\u00e1nak gy\u00fcm\u00f6lcs\u00e9t seg\u00edtett \u00fajra f\u00f6lfedezn\u00fcnk egy nagyon \u00e9l\u0151 igazs\u00e1got az \u0151segyh\u00e1z \u00e9s az aty\u00e1k tan\u00edt\u00e1s\u00e1nak t\u00e1rh\u00e1z\u00e1b\u00f3l \u2013 kezdte katek\u00e9zis\u00e9t XIV. Le\u00f3 p\u00e1pa. A kereszt\u00e9ny liturgia szertart\u00e1sai nem a szents\u00e9gi miszt\u00e9rium k\u00fcls\u0151s\u00e9g\u00e9t jelentik, nem \u00f6nk\u00e9nyes cerem\u00f3ni\u00e1k egy\u00fcttes\u00e9t, hanem az egyh\u00e1z k\u00f6zvet\u00edt\u0151 szerep\u00e9t, amelyen kereszt\u00fcl az isteni aj\u00e1nd\u00e9k el\u00e9r hozz\u00e1nk. \u00c9ppen ez\u00e9rt a zsinat arra sz\u00f3l\u00edt, hogy \u00e9rts\u00fck meg a\u00a0<em>Mysterium fideit<\/em>, a hit miszt\u00e9rium\u00e1t, mely a liturgi\u00e1ban v\u00e9gbemegy a szertart\u00e1sokon \u00e9s az im\u00e1ds\u00e1gokon kereszt\u00fcl.<\/p>\n<p><strong>Felk\u00e9sz\u00fcl\u00fcnk Isten ig\u00e9j\u00e9nek meghallgat\u00e1s\u00e1ra<\/strong><\/p>\n<p>A szertart\u00e1s ad form\u00e1t a liturgikus cselekm\u00e9nynek, \u00e9s rajta kereszt\u00fcl az \u00e9let\u00fcnknek, mivel olyan lelki \u00e9rz\u00e9kenys\u00e9get kelt benn\u00fcnk, amellyel k\u00e9pesek lesz\u00fcnk meg\u00edzlelni Isten jelenl\u00e9t\u00e9t J\u00e9zus Krisztus \u00e1ltal. Ez term\u00e9szetesen \u00fagy nem megy v\u00e9gbe, ha k\u00edv\u00fcl\u00e1ll\u00f3k vagy n\u00e9ma szeml\u00e9l\u0151k maradunk a liturgi\u00e1n, hanem csak \u00fagy, ha teljes val\u00f3nkkal r\u00e9szt vesz\u00fcnk benne \u2013 testben, szellem\u00fcnkkel \u00e9s sz\u00edv\u00fcnkben egyar\u00e1nt -, az \u00dar parancs\u00e1nak engedelmeskedve. A szent szertart\u00e1son kereszt\u00fcl felk\u00e9sz\u00fcl\u00fcnk Isten ig\u00e9j\u00e9nek meghallgat\u00e1s\u00e1ra, a h\u00e1laad\u00e1sra \u00e9s a szents\u00e9gim\u00e1d\u00e1sra, a testv\u00e9ri osztoz\u00e1sra \u00e9s az egyh\u00e1zi szeretetk\u00f6z\u00f6ss\u00e9gre. R\u00e1j\u00f6v\u00fcnk, hogy egy sokarc\u00fa gy\u00fclekezet vagyunk, melyet ugyanaz a hit gy\u0171jt egybe.<\/p>\n<p><strong>A gesztusok \u00e9s im\u00e1k ritmusa<\/strong><\/p>\n<p>A szertart\u00e1s egy sor j\u00f3l meghat\u00e1rozott gesztus \u00e9s ima egym\u00e1sut\u00e1nis\u00e1g\u00e1ba von be minket, mely olykor ellenkezhet a spont\u00e1n egy\u00e9ni t\u00f6rekv\u00e9seinkkel. A logik\u00e1ja azonban nem a szabads\u00e1g megzabol\u00e1z\u00e1sa s\u00e9m\u00e1k form\u00e1j\u00e1ban. \u00c9ppen ellenkez\u0151leg, a maga fennk\u00f6lt j\u00f3zan ritmus\u00e1val a szertart\u00e1s megszak\u00edtja a frenetikus tev\u00e9kenys\u00e9geket, \u00e9s a l\u00e9nyegre \u00f6sszpontos\u00edt. Ez\u00e1ltal egy m\u00e1sik cselekv\u00e9si dimenzi\u00f3t fedez\u00fcnk f\u00f6l, amit nem a hat\u00e9konys\u00e1gi sz\u00e1m\u00edt\u00e1sok ir\u00e1ny\u00edtanak, az id\u0151 \u00e9s a t\u00e9r egy m\u00e1sfajta tapasztal\u00e1s\u00e1t. A szertart\u00e1sban megtapasztaljuk az ingyeness\u00e9g logik\u00e1j\u00e1t, megnyugv\u00e1sra lel\u00fcnk, mely meg\u00faj\u00edtja a sz\u00edv\u00fcnket, f\u00f6lismerj\u00fck, hogy megel\u0151z minket az isteni kegyelem, \u00e9s megtanulunk olyan ritmusban \u00e9lni, melyet a Szentl\u00e9lek lak be.<\/p>\n<p><strong>Jelek \u00e9s szimb\u00f3lumok<\/strong><\/p>\n<p>A szertart\u00e1s grammatik\u00e1j\u00e1t \u00e1tsz\u00f6vik a liturgia saj\u00e1tos jelei \u00e9s szimb\u00f3lumai. Ahogy a zsinat meg\u00e1llap\u00edtja:\u00a0<em>A liturgi\u00e1ban \u00e9rz\u00e9kelhet\u0151 jelek jelzik \u00e9s a maguk saj\u00e1tos m\u00f3dj\u00e1n meg is val\u00f3s\u00edtj\u00e1k az ember megszentel\u00e9s\u00e9t\u201d\u00a0<\/em>(SC 7). A Katolikus Egyh\u00e1z Katekizmusa elm\u00e9ly\u00edti ezeknek a jeleknek az \u00e9rt\u00e9k\u00e9t, \u00e9s eml\u00e9keztet:\u00a0<em>\u201cA szents\u00e9gi \u00fcnnepl\u00e9s jelekb\u0151l \u00e9s szimb\u00f3lumokb\u00f3l sz\u00f6v\u0151dik \u00f6ssze. Jelent\u00e9s\u00fck az \u00fcdv\u00f6ss\u00e9g isteni pedag\u00f3gi\u00e1ja szerint a teremt\u00e9s m\u0171v\u00e9ben \u00e9s az emberi kult\u00far\u00e1ban gy\u00f6kerezik, az \u00f3 Sz\u00f6vets\u00e9g esem\u00e9nyeiben nyer k\u00f6r\u00fcl\u00edr\u00e1st, \u00e9s Krisztus szem\u00e9ly\u00e9ben \u00e9s m\u0171v\u00e9ben eg\u00e9szen napf\u00e9nyre ker\u00fcl\u201d<\/em>. (KEK 1145)<\/p>\n<p><strong>A szimb\u00f3lumok gyakorlati \u00e9s performat\u00edv jellege<\/strong><\/p>\n<p>Emblematikus a v\u00edz jele: a teremt\u00e9s kezdeteit\u0151l az \u00f6z\u00f6nv\u00edzig, a V\u00f6r\u00f6s-tengeren val\u00f3 \u00e1tkel\u00e9st\u0151l a Jord\u00e1nig, eg\u00e9szen a Krisztus oldal\u00e1b\u00f3l fakad\u00f3 v\u00edzig, mely a hal\u00e1l\u00e1ban \u00e9s felt\u00e1mad\u00e1s\u00e1ban val\u00f3 mer\u00edtkez\u00e9s szents\u00e9gi jele lesz. A jel \u00e9s a szimb\u00f3lum kifejez\u00e9seket gyakran rokon\u00e9rtelm\u0171 sz\u00f3k\u00e9nt haszn\u00e1lj\u00e1k. Val\u00f3j\u00e1ban a jel akkor szimbolikus, amikor k\u00e9pes nemcsak egy eszm\u00e9nyre utalni, hanem egy jelent\u00e9ssel \u00e9s \u00e9rt\u00e9kekkel teli eg\u00e9sz rendszerre. \u00cdgy p\u00e9ld\u00e1ul amikor szentelt v\u00edzzel vagyunk meghintve, fel\u00e9led benn\u00fcnk a kereszts\u00e9ggel kapott aj\u00e1nd\u00e9kunk tudata, \u00e9s az, hogy csatlakoztunk a Krisztusban val\u00f3 \u00faj \u00e9lethez. M\u00e1sodsorban a szimb\u00f3lumoknak l\u00e9nyeg\u00e9ben gyakorlati jelleg\u00fck van, mivel mindenekel\u0151tt cselekv\u00e9sek: lehetnek egyszer\u0171ek \u00e9s k\u00f6z\u00f6ss\u00e9giek, mint a let\u00e9rdel\u00e9s \u00e9s a b\u00e9kejobb ny\u00fajt\u00e1sa, vagy felel\u0151ss\u00e9gteljesebbek, mint minden szents\u00e9g alkot\u00f3elemei. Ezen fel\u00fcl pedig a szimb\u00f3lumoknak egyedi performat\u00edv \u00e9s \u00e1talak\u00edt\u00f3 dimenzi\u00f3juk van, mind az anyagi alkot\u00f3elemeik fel\u00e9, mind azok fel\u00e9, akik kapcsolatba ker\u00fclnek vele, mivel hozz\u00e1tartoz\u00e1st kelt, meg\u00e9rinti a sz\u00edvet \u00e9s az elm\u00e9t, hiteles egyh\u00e1zi kapcsolatokat hozva l\u00e9tre.<\/p>\n<p><strong>Test \u00e9s l\u00e9lek bevon\u00e1sa<\/strong><\/p>\n<p>Az Isten n\u00e9pe liturgikus k\u00e9pz\u00e9s\u00e9r\u0151l sz\u00f3l\u00f3,\u00a0<em>Desiderio desideravi<\/em>\u00a0\u2013 k. apostoli level\u00e9ben Ferenc p\u00e1pa mag\u00e1\u00e9v\u00e1 tette Romano Guardini egy kijelent\u00e9s\u00e9t, miszerint\u00a0<em>\u201ea liturgikus k\u00e9pz\u00e9s munk\u00e1j\u00e1nak els\u0151 feladata rajzol\u00f3dik ki el\u0151tt\u00fcnk: az embernek \u00fajra k\u00e9pess\u00e9 kell v\u00e1lnia a szimb\u00f3lumok \u00e9rz\u00e9kel\u00e9s\u00e9re\u201d<\/em>\u00a0(n. 44.) Le\u00f3 p\u00e1pa meg\u00e1llap\u00edtotta: sz\u00fcks\u00e9g\u00fcnk van r\u00e1, hogy hagyjuk magunkat nevelni a liturgia szertart\u00e1sai \u00e1ltal, finom k\u00e9zzel \u00e9s \u00f6nk\u00e9nyess\u00e9g n\u00e9lk\u00fcl \u00e1polva \u00fcnnepl\u00e9seink sz\u00e9ps\u00e9g\u00e9t, felv\u00e1llalva a hiteles misztag\u00f3gi\u00e1t, a hit titkaiba val\u00f3 beavat\u00e1st. Az \u00e9l\u0151 \u00e9s \u00e1jtatos liturgia megtapasztal\u00e1sa, ha az megfelel\u0151 misztag\u00f3giai hitoktat\u00e1ssal p\u00e1rosul a legjobb er\u0151forr\u00e1s arra, hogy mindenkit nyitott\u00e1 tegyen az Istennel val\u00f3 tal\u00e1lkoz\u00e1sra, mely a megtestes\u00fcl\u00e9s logik\u00e1j\u00e1ban csak az eg\u00e9sz ember: test \u00e9s l\u00e9lek bevon\u00e1s\u00e1val j\u00f6het l\u00e9tre \u2013 z\u00e1rta szerda d\u00e9lel\u0151tti katek\u00e9zis\u00e9t Le\u00f3 p\u00e1pa.<\/p>\n<p><iframe loading=\"lazy\" title=\"Udienza Generale, 3 giugno 2026 - Papa Leone XIV\" width=\"1080\" height=\"608\" src=\"https:\/\/www.youtube.com\/embed\/YzGEKOn6fhw?feature=oembed\" frameborder=\"0\" allow=\"accelerometer; autoplay; clipboard-write; encrypted-media; gyroscope; picture-in-picture; web-share\" referrerpolicy=\"strict-origin-when-cross-origin\" allowfullscreen><\/iframe><\/p>\n<p style=\"text-align: right;\"><em>Forr\u00e1s &#8211; <a href=\"https:\/\/www.vaticannews.va\/hu\/papa\/news\/2026-06\/leo-papa-katekezis-liturgia-szimbolum.html\" target=\"_blank\" rel=\"noopener\">www.vaticannews.va<\/a><\/em><\/p>\n","protected":false},"excerpt":{"rendered":"<p>J\u00fanius els\u0151 szerdai \u00e1ltal\u00e1nos kihallgat\u00e1s\u00e1n XIV. Le\u00f3 p\u00e1pa folytatta a II. vatik\u00e1ni zsinat dokumentumainak elemz\u00e9s\u00e9t, a liturgia meg\u00faj\u00edt\u00e1s\u00e1val foglalkoz\u00f3 Sacrosanctum Concilium \u2013 k. konstit\u00faci\u00f3 alapj\u00e1n. Ez\u00fattal a szent liturgia olyan alapvet\u0151 r\u00e9szeir\u0151l elm\u00e9lkedett, mint a szertart\u00e1s, a jel \u00e9s a szimb\u00f3lum. Hagyjuk, hogy neveljen minket a liturgia szertart\u00e1sa, annak ritmusa, \u00e9rezve a kereszts\u00e9gben kapott aj\u00e1nd\u00e9kot, [&hellip;]<\/p>\n","protected":false},"author":1,"featured_media":15655,"comment_status":"open","ping_status":"open","sticky":false,"template":"","format":"standard","meta":{"_acf_changed":false,"_et_pb_use_builder":"","_et_pb_old_content":"","_et_gb_content_width":"","footnotes":""},"categories":[60],"tags":[],"class_list":["post-15654","post","type-post","status-publish","format-standard","has-post-thumbnail","hentry","category-egyeb-egyhazi-hirek","et-has-post-format-content","et_post_format-et-post-format-standard"],"acf":[],"_links":{"self":[{"href":"https:\/\/munkacs-diocese.org\/hu\/wp-json\/wp\/v2\/posts\/15654"}],"collection":[{"href":"https:\/\/munkacs-diocese.org\/hu\/wp-json\/wp\/v2\/posts"}],"about":[{"href":"https:\/\/munkacs-diocese.org\/hu\/wp-json\/wp\/v2\/types\/post"}],"author":[{"embeddable":true,"href":"https:\/\/munkacs-diocese.org\/hu\/wp-json\/wp\/v2\/users\/1"}],"replies":[{"embeddable":true,"href":"https:\/\/munkacs-diocese.org\/hu\/wp-json\/wp\/v2\/comments?post=15654"}],"version-history":[{"count":1,"href":"https:\/\/munkacs-diocese.org\/hu\/wp-json\/wp\/v2\/posts\/15654\/revisions"}],"predecessor-version":[{"id":15656,"href":"https:\/\/munkacs-diocese.org\/hu\/wp-json\/wp\/v2\/posts\/15654\/revisions\/15656"}],"wp:featuredmedia":[{"embeddable":true,"href":"https:\/\/munkacs-diocese.org\/hu\/wp-json\/wp\/v2\/media\/15655"}],"wp:attachment":[{"href":"https:\/\/munkacs-diocese.org\/hu\/wp-json\/wp\/v2\/media?parent=15654"}],"wp:term":[{"taxonomy":"category","embeddable":true,"href":"https:\/\/munkacs-diocese.org\/hu\/wp-json\/wp\/v2\/categories?post=15654"},{"taxonomy":"post_tag","embeddable":true,"href":"https:\/\/munkacs-diocese.org\/hu\/wp-json\/wp\/v2\/tags?post=15654"}],"curies":[{"name":"wp","href":"https:\/\/api.w.org\/{rel}","templated":true}]}}