{"id":15411,"date":"2026-04-30T15:12:43","date_gmt":"2026-04-30T13:12:43","guid":{"rendered":"https:\/\/munkacs-diocese.org\/hu\/?p=15411"},"modified":"2026-04-30T15:12:43","modified_gmt":"2026-04-30T13:12:43","slug":"leo-papa-katekezise-afrikai-latogatasom-lehetoseg-arra-hogy-ok-hallassak-a-hangjukat","status":"publish","type":"post","link":"https:\/\/munkacs-diocese.org\/hu\/2026\/04\/30\/leo-papa-katekezise-afrikai-latogatasom-lehetoseg-arra-hogy-ok-hallassak-a-hangjukat\/","title":{"rendered":"Le\u00f3 p\u00e1pa katek\u00e9zise: afrikai l\u00e1togat\u00e1som lehet\u0151s\u00e9g arra, hogy \u0151k hallass\u00e1k a hangjukat"},"content":{"rendered":"<div id=\"fb-root\"><\/div>\n<p>A Szent P\u00e9ter t\u00e9ren tartott szerdai \u00e1ltal\u00e1nos kihallgat\u00e1s keret\u00e9ben a Szentatya \u2013 el\u0151djei szok\u00e1s\u00e1hoz hasonl\u00f3an \u2013 \u00f6sszefoglalta \u00e9s ki\u00e9rt\u00e9kelte a m\u00falt h\u00e9t cs\u00fct\u00f6rt\u00f6k\u00e9n v\u00e9get \u00e9rt tizenegynapos afrikai apostoli l\u00e1togat\u00e1s\u00e1t. K\u00f6sz\u00f6netet mondott a n\u00e9gy orsz\u00e1gban tapasztalt sz\u00edv\u00e9lyes fogadtat\u00e1s\u00e9rt \u00e9s h\u00e1l\u00e1t adott az Istennek, hogy elm\u00e9ly\u00edthette a bar\u00e1ts\u00e1got \u00e9s bizalmat a n\u00e9pek \u00e9s felekezetek k\u00f6zt, \u00e9s hogy a kiengesztel\u0151d\u00e9sre h\u00edvhatta a szemben\u00e1ll\u00f3 feleket.<\/p>\n<p><strong>A Szentatya p\u00e1pas\u00e1ga kezdete \u00f3ta gondolt egy afrikai \u00fatra<\/strong><\/p>\n<p>A Szentatya p\u00e1pas\u00e1ga kezdete \u00f3ta gondolt egy afrikai \u00fatra \u00e9s h\u00e1l\u00e1t adott az \u00darnak, aki megengedte neki, hogy p\u00e1sztork\u00e9nt tal\u00e1lkozhasson Isten n\u00e9p\u00e9vel Afrik\u00e1ban \u00e9s b\u00e1tor\u00edthassa \u0151ket, hogy a b\u00e9ke \u00fczenetek\u00e9nt \u00e9lj\u00e9k meg azt egy olyan t\u00f6rt\u00e9nelmi pillanatban, amelyet h\u00e1bor\u00fak \u00e9s a nemzetk\u00f6zi jog s\u00falyos \u00e9s gyakori megs\u00e9rt\u00e9se jellemez \u2013 kezdte katek\u00e9zis\u00e9t a p\u00e1pa. A Gondvisel\u00e9s akarta, hogy az els\u0151 \u00e1llom\u00e1sa Alg\u00e9ria legyen, ahol egykor Szent \u00c1goston \u00e9lt, ez\u00e9rt az utaz\u00e1ssal \u201eegyr\u00e9szt lelki identit\u00e1som gy\u00f6kereib\u0151l indultam ki, m\u00e1sr\u00e9szt pedig nagyon fontos hidakat \u00e9p\u00edtettem \u00e9s er\u0151s\u00edtettem meg a vil\u00e1g \u00e9s a mai Egyh\u00e1z sz\u00e1m\u00e1ra: hidat az egyh\u00e1zaty\u00e1k nagyon term\u00e9keny korszak\u00e1hoz \u00e9s hidat az iszl\u00e1m vil\u00e1ghoz, majd az afrikai kontinenshez\u201d \u2013 sz\u00f3lt \u00fatja kezdet\u00e9r\u0151l.<\/p>\n<p><strong>Alg\u00e9ri\u00e1ban Le\u00f3 p\u00e1pa Szent \u00c1goston iskol\u00e1j\u00e1ban j\u00e1rt \u00a0<\/strong><\/p>\n<p>Alg\u00e9ri\u00e1ban a p\u00e1pa sz\u00edv\u00e9lyes fogadtat\u00e1sban r\u00e9szes\u00fclt, ahol megtapasztalta \u00e9s megmutatta a vil\u00e1gnak, hogy lehets\u00e9ges testv\u00e9rk\u00e9nt egy\u00fctt \u00e9lni, ha ugyanazon irgalmas Atya gyermekeinek ismerik el egym\u00e1st. Egy\u00fattal kedvez\u0151 alkalmat kapott arra, hogy Szent \u00c1goston iskol\u00e1j\u00e1ba j\u00e1rjon, \u00e9s az \u00e9lettapasztalata, \u00edr\u00e1sai \u00e9s lelkis\u00e9ge seg\u00edts\u00e9g\u00e9vel tanuljon mestere Isten- \u00e9s igazs\u00e1g-keres\u00e9s\u00e9b\u0151l, hiszen ez a tan\u00fas\u00e1gt\u00e9tel ma fontosabb, mint valaha a kereszt\u00e9nyek \u00e9s minden ember sz\u00e1m\u00e1ra.<\/p>\n<p>Afrika h\u00e1rom m\u00e1sik orsz\u00e1ga, melyeket megl\u00e1togatott, t\u00f6bbs\u00e9g\u00e9ben kereszt\u00e9ny, \u00edgy ott belemer\u00fclt a hit \u00fcnnepl\u00e9se \u00e9s a meleg fogadtat\u00e1s l\u00e9gk\u00f6r\u00e9be. El\u0151djeihez hasonl\u00f3an \u0151 is \u00e1t\u00e9lte, amit J\u00e9zus tapasztalt Galile\u00e1ban, mikor l\u00e1tta az igazs\u00e1gra szomjas \u00e9s \u00e9hes sokas\u00e1got, majd hit\u00fcket felismerve elmondhatta: \u201eTi vagytok a f\u00f6ld s\u00f3ja \u00e9s a vil\u00e1g vil\u00e1goss\u00e1ga\u201d (v\u00f6. Mt 5,1-16).<\/p>\n<p><strong>Kamerun \u201eminiat\u0171r Afrika\u201d, \u00f6r\u00f6m\u00f6kkel \u00e9s kih\u00edv\u00e1sokkal egy\u00fctt<\/strong><\/p>\n<p>A Kamerunban tett l\u00e1togat\u00e1sa meger\u0151s\u00edtette a p\u00e1p\u00e1t a hivat\u00e1s\u00e1ban, hogy a megb\u00e9k\u00e9l\u00e9s \u00e9s a b\u00e9ke \u00fcgy\u00e9t szolg\u00e1lja, mert sajnos ezt az orsz\u00e1got is fesz\u00fclts\u00e9g \u00e9s er\u0151szak jellemzi. A Szentatya \u00f6r\u00f6mmel utazott az angol nyelvter\u00fcleten fekv\u0151 Bamend\u00e1ba, ahol mindenkit arra biztatott, hogy m\u0171k\u00f6djenek egy\u00fctt a b\u00e9k\u00e9\u00e9rt. Kamerunt \u201eminiat\u0171r Afrik\u00e1nak\u201d h\u00edvj\u00e1k, utalva term\u00e9szet\u00e9nek \u00e9s er\u0151forr\u00e1sainak v\u00e1ltozatoss\u00e1g\u00e1ra \u00e9s gazdags\u00e1g\u00e1ra, de a kifejez\u00e9s \u00fagy is \u00e9rthet\u0151, hogy az eg\u00e9sz kontinens nagy sz\u00fcks\u00e9gletei Kamerunban tal\u00e1lhat\u00f3k: a javak igazs\u00e1gos eloszt\u00e1s\u00e1nak sz\u00fcks\u00e9ge; a fiatalok felkarol\u00e1s\u00e1nak sz\u00fcks\u00e9ge, a helyi korrupci\u00f3 lek\u00fczd\u00e9s\u00e9nek sz\u00fcks\u00e9gess\u00e9ge; az \u00e1tfog\u00f3 \u00e9s fenntarthat\u00f3 fejl\u0151d\u00e9s el\u0151mozd\u00edt\u00e1s\u00e1nak sz\u00fcks\u00e9gess\u00e9ge, a neokolonializmus k\u00fcl\u00f6nb\u00f6z\u0151 form\u00e1inak ellens\u00falyoz\u00e1sa el\u0151rel\u00e1t\u00f3 nemzetk\u00f6zi egy\u00fcttm\u0171k\u00f6d\u00e9ssel. K\u00f6sz\u00f6net mond a kameruni egyh\u00e1znak \u00e9s az eg\u00e9sz n\u00e9pnek, akik szeretettel fogadt\u00e1k, \u00e9s a p\u00e1pa im\u00e1dkozik, hogy a l\u00e1togat\u00e1sa sor\u00e1n megnyilv\u00e1nult egys\u00e9g szelleme tov\u00e1bbra is \u00e9letben maradjon.<\/p>\n<p><strong>A kameruni egyh\u00e1z feladata az evang\u00e9lium, az emberi fejl\u0151d\u00e9s, a kiengesztel\u0151d\u00e9s \u00e9s a b\u00e9ke szolg\u00e1lata<\/strong><\/p>\n<p>Utaz\u00e1s harmadik \u00e1llom\u00e1sa Angola volt, melynek \u00e9vsz\u00e1zados kereszt\u00e9ny hagyom\u00e1nya van, \u00e9s amely a portug\u00e1l gyarmatos\u00edt\u00e1shoz kapcsol\u00f3dik. Sok afrikai orsz\u00e1ghoz hasonl\u00f3an, a f\u00fcggetlens\u00e9g elnyer\u00e9se ut\u00e1n Angola is viharos id\u0151szakon ment kereszt\u00fcl. A t\u00f6rt\u00e9nelemnek ebben az olvaszt\u00f3t\u00e9gely\u00e9ben Isten vezette \u00e9s megtiszt\u00edtotta az Egyh\u00e1zat, mid\u0151n mindink\u00e1bb az evang\u00e9lium, az emberi fejl\u0151d\u00e9s, a megb\u00e9k\u00e9l\u00e9s \u00e9s a b\u00e9ke szolg\u00e1lat\u00e1ba \u00e1ll\u00edtotta. Szabad Egyh\u00e1z egy szabad n\u00e9pnek! Ezt \u00e9rezte Le\u00f3 p\u00e1pa a Mam\u00e3 Muxima, \u201ea Sz\u00edv Anyja M\u00e1ria-kegyhelyen, meghallva az angolai n\u00e9p sz\u00edvdobog\u00e1s\u00e1t. A p\u00e1pa \u00f6r\u00f6mmel eml\u00e9kezik a sz\u00e1mos f\u00e9rfi \u00e9s n\u0151i szerzetesre, a hitoktat\u00f3kra, az id\u0151s emberekre \u00e9s azokra a n\u0151kre \u00e9s f\u00e9rfiakra, akik a felt\u00e1madt Urat dics\u00e9r\u0151 \u00e9nekre ritmusosan t\u00e1ncoltak, egy olyan rem\u00e9ny jelek\u00e9nt, mely ellen\u00e1ll az ideol\u00f3gi\u00e1k okozta csal\u00f3d\u00e1soknak \u00e9s a hatalmasok csalfa \u00edg\u00e9reteinek. Ez a rem\u00e9ny konkr\u00e9t elk\u00f6telezetts\u00e9get ig\u00e9nyel, \u00e9s az Egyh\u00e1znak felel\u0151ss\u00e9ge van, hogy tan\u00fas\u00e1gt\u00e9tel \u00e9s Isten Ig\u00e9j\u00e9nek b\u00e1tor hirdet\u00e9se r\u00e9v\u00e9n elismerje mindenki jogait, \u00e9s el\u0151mozd\u00edtsa azok t\u00e9nyleges tiszteletben tart\u00e1s\u00e1t.<\/p>\n<p><strong><em>\u201eNem felejtem el, mi t\u00f6rt\u00e9nt a batai b\u00f6rt\u00f6nben, Egyenl\u00edt\u0151i-Guine\u00e1ban\u201d<\/em><\/strong><\/p>\n<p>A l\u00e1togat\u00e1s utols\u00f3 \u00e1llom\u00e1sa Egyenl\u00edt\u0151i-Guinea volt, mely orsz\u00e1g a hagyom\u00e1nya b\u00f6lcsess\u00e9g\u00e9vel \u00e9s Krisztus vil\u00e1goss\u00e1g\u00e1val \u00e1tv\u00e9szelte t\u00f6rt\u00e9nelm\u00e9nek viszontags\u00e1gait.\u00a0<em>\u201eNem felejtem el, mi t\u00f6rt\u00e9nt a batai b\u00f6rt\u00f6nben, Egyenl\u00edt\u0151i-Guine\u00e1ban\u201d<\/em>\u00a0\u2013 eml\u00e9kezett szem\u00e9lyes hangon a p\u00e1pa: a fogvatartottak teli torokb\u00f3l h\u00e1la\u00e9neket \u00e9nekeltek Istennek \u00e9s a p\u00e1p\u00e1nak, im\u00e1dkozva \u201eb\u0171neik bocs\u00e1nat\u00e1\u00e9rt \u00e9s szabads\u00e1guk\u00e9rt\u201d. \u201eSoha nem l\u00e1ttam m\u00e9g ehhez hasonl\u00f3t. Ahogy ott a szakad\u00f3 es\u0151ben velem egy\u00fctt im\u00e1dkozt\u00e1k el a Miaty\u00e1nkot, ez Isten orsz\u00e1g\u00e1nak igazi jele!\u201d \u00c9s a Bata stadionban a fiatalokkal val\u00f3 nagyszer\u0171 tal\u00e1lkoz\u00e1s szakad\u00f3 es\u0151ben kezd\u0151d\u00f6tt. Ez az \u00fcnnepl\u00e9s a m\u00e1snapi szentmis\u00e9ben jutott cs\u00facspontj\u00e1ra, amely m\u00e9lt\u00f3k\u00e9ppen megkoron\u00e1zta az Egyenl\u00edt\u0151i-Guineai l\u00e1togat\u00e1st \u00e9s az eg\u00e9sz afrikai apostoli utat. A p\u00e1pa l\u00e1togat\u00e1sa az afrikai n\u00e9peknek lehet\u0151s\u00e9get k\u00edn\u00e1l arra, hogy hallass\u00e1k a hangjukat, hogy kifejezz\u00e9k \u00f6r\u00f6m\u00fcket, mint Isten n\u00e9pe \u00e9s egy jobb j\u00f6v\u0151be vetett rem\u00e9ny\u00fcket. \u201e\u00d6r\u00fcl\u00f6k, hogy megadhattam nekik ezt a lehet\u0151s\u00e9get, \u00e9s egy\u00fattal h\u00e1l\u00e1t adok az \u00darnak az\u00e9rt, amit \u0151k adtak nekem, felbecs\u00fclhetetlen kincset a sz\u00edvemnek \u00e9s a szolg\u00e1latomnak\u201d \u2013 z\u00e1rta katek\u00e9zis\u00e9t Le\u00f3 p\u00e1pa.<\/p>\n<p style=\"text-align: right;\"><em>Forr\u00e1s &#8211; <a href=\"https:\/\/www.vaticannews.va\/hu\/papa\/news\/2026-04\/papa-afrika-katekezis-kiertekel-szent-agoston-beke-kiengesztel.html\" target=\"_blank\" rel=\"noopener\">www.vaticannews.va<\/a><\/em><\/p>\n","protected":false},"excerpt":{"rendered":"<p>A Szent P\u00e9ter t\u00e9ren tartott szerdai \u00e1ltal\u00e1nos kihallgat\u00e1s keret\u00e9ben a Szentatya \u2013 el\u0151djei szok\u00e1s\u00e1hoz hasonl\u00f3an \u2013 \u00f6sszefoglalta \u00e9s ki\u00e9rt\u00e9kelte a m\u00falt h\u00e9t cs\u00fct\u00f6rt\u00f6k\u00e9n v\u00e9get \u00e9rt tizenegynapos afrikai apostoli l\u00e1togat\u00e1s\u00e1t. K\u00f6sz\u00f6netet mondott a n\u00e9gy orsz\u00e1gban tapasztalt sz\u00edv\u00e9lyes fogadtat\u00e1s\u00e9rt \u00e9s h\u00e1l\u00e1t adott az Istennek, hogy elm\u00e9ly\u00edthette a bar\u00e1ts\u00e1got \u00e9s bizalmat a n\u00e9pek \u00e9s felekezetek k\u00f6zt, \u00e9s hogy [&hellip;]<\/p>\n","protected":false},"author":1,"featured_media":15412,"comment_status":"open","ping_status":"open","sticky":false,"template":"","format":"standard","meta":{"_acf_changed":false,"_et_pb_use_builder":"","_et_pb_old_content":"","_et_gb_content_width":"","footnotes":""},"categories":[60],"tags":[],"class_list":["post-15411","post","type-post","status-publish","format-standard","has-post-thumbnail","hentry","category-egyeb-egyhazi-hirek","et-has-post-format-content","et_post_format-et-post-format-standard"],"acf":[],"_links":{"self":[{"href":"https:\/\/munkacs-diocese.org\/hu\/wp-json\/wp\/v2\/posts\/15411"}],"collection":[{"href":"https:\/\/munkacs-diocese.org\/hu\/wp-json\/wp\/v2\/posts"}],"about":[{"href":"https:\/\/munkacs-diocese.org\/hu\/wp-json\/wp\/v2\/types\/post"}],"author":[{"embeddable":true,"href":"https:\/\/munkacs-diocese.org\/hu\/wp-json\/wp\/v2\/users\/1"}],"replies":[{"embeddable":true,"href":"https:\/\/munkacs-diocese.org\/hu\/wp-json\/wp\/v2\/comments?post=15411"}],"version-history":[{"count":1,"href":"https:\/\/munkacs-diocese.org\/hu\/wp-json\/wp\/v2\/posts\/15411\/revisions"}],"predecessor-version":[{"id":15413,"href":"https:\/\/munkacs-diocese.org\/hu\/wp-json\/wp\/v2\/posts\/15411\/revisions\/15413"}],"wp:featuredmedia":[{"embeddable":true,"href":"https:\/\/munkacs-diocese.org\/hu\/wp-json\/wp\/v2\/media\/15412"}],"wp:attachment":[{"href":"https:\/\/munkacs-diocese.org\/hu\/wp-json\/wp\/v2\/media?parent=15411"}],"wp:term":[{"taxonomy":"category","embeddable":true,"href":"https:\/\/munkacs-diocese.org\/hu\/wp-json\/wp\/v2\/categories?post=15411"},{"taxonomy":"post_tag","embeddable":true,"href":"https:\/\/munkacs-diocese.org\/hu\/wp-json\/wp\/v2\/tags?post=15411"}],"curies":[{"name":"wp","href":"https:\/\/api.w.org\/{rel}","templated":true}]}}