{"id":15405,"date":"2026-04-30T15:01:52","date_gmt":"2026-04-30T13:01:52","guid":{"rendered":"https:\/\/munkacs-diocese.org\/hu\/?p=15405"},"modified":"2026-04-30T15:08:39","modified_gmt":"2026-04-30T13:08:39","slug":"forras-itt-egyhazmegyei-dicsoito-alkalom","status":"publish","type":"post","link":"https:\/\/munkacs-diocese.org\/hu\/2026\/04\/30\/forras-itt-egyhazmegyei-dicsoito-alkalom\/","title":{"rendered":"FORR\u00c1S.ITT \u2013 EGYH\u00c1ZMEGYEI DICS\u0150\u00cdT\u0150 ALKALOM"},"content":{"rendered":"<div id=\"fb-root\"><\/div>\n<p>\u200bSzeretettel v\u00e1rjuk a h\u00edveket a FORR\u00c1S.ITT dics\u0151\u00edt\u0151 alkalomra 2026. m\u00e1jus 17-\u00e9n 15:00 \u00f3r\u00e1ra a Tours-i Szent M\u00e1rton-sz\u00e9kesegyh\u00e1zba.<\/p>\n<p>A szentmise f\u0151celebr\u00e1nsa Lucsok Mikl\u00f3s megy\u00e9sp\u00fcsp\u00f6k lesz.<\/p>\n<p><a href=\"https:\/\/munkacs-diocese.org\/hu\/wp-content\/uploads\/2026\/04\/forrasitt-1.jpg\"><img loading=\"lazy\" decoding=\"async\" class=\"aligncenter size-full wp-image-15408\" src=\"https:\/\/munkacs-diocese.org\/hu\/wp-content\/uploads\/2026\/04\/forrasitt-1.jpg\" alt=\"\" width=\"679\" height=\"960\" srcset=\"https:\/\/munkacs-diocese.org\/hu\/wp-content\/uploads\/2026\/04\/forrasitt-1.jpg 679w, https:\/\/munkacs-diocese.org\/hu\/wp-content\/uploads\/2026\/04\/forrasitt-1-212x300.jpg 212w\" sizes=\"(max-width: 679px) 100vw, 679px\" \/><\/a><\/p>\n","protected":false},"excerpt":{"rendered":"<p>\u200bSzeretettel v\u00e1rjuk a h\u00edveket a FORR\u00c1S.ITT dics\u0151\u00edt\u0151 alkalomra 2026. m\u00e1jus 17-\u00e9n 15:00 \u00f3r\u00e1ra a Tours-i Szent M\u00e1rton-sz\u00e9kesegyh\u00e1zba. A szentmise f\u0151celebr\u00e1nsa Lucsok Mikl\u00f3s megy\u00e9sp\u00fcsp\u00f6k lesz.<\/p>\n","protected":false},"author":1,"featured_media":15410,"comment_status":"open","ping_status":"open","sticky":false,"template":"","format":"standard","meta":{"_acf_changed":false,"_et_pb_use_builder":"","_et_pb_old_content":"","_et_gb_content_width":"","footnotes":""},"categories":[13],"tags":[],"class_list":["post-15405","post","type-post","status-publish","format-standard","has-post-thumbnail","hentry","category-felhivasok","et-has-post-format-content","et_post_format-et-post-format-standard"],"acf":[],"_links":{"self":[{"href":"https:\/\/munkacs-diocese.org\/hu\/wp-json\/wp\/v2\/posts\/15405"}],"collection":[{"href":"https:\/\/munkacs-diocese.org\/hu\/wp-json\/wp\/v2\/posts"}],"about":[{"href":"https:\/\/munkacs-diocese.org\/hu\/wp-json\/wp\/v2\/types\/post"}],"author":[{"embeddable":true,"href":"https:\/\/munkacs-diocese.org\/hu\/wp-json\/wp\/v2\/users\/1"}],"replies":[{"embeddable":true,"href":"https:\/\/munkacs-diocese.org\/hu\/wp-json\/wp\/v2\/comments?post=15405"}],"version-history":[{"count":2,"href":"https:\/\/munkacs-diocese.org\/hu\/wp-json\/wp\/v2\/posts\/15405\/revisions"}],"predecessor-version":[{"id":15409,"href":"https:\/\/munkacs-diocese.org\/hu\/wp-json\/wp\/v2\/posts\/15405\/revisions\/15409"}],"wp:featuredmedia":[{"embeddable":true,"href":"https:\/\/munkacs-diocese.org\/hu\/wp-json\/wp\/v2\/media\/15410"}],"wp:attachment":[{"href":"https:\/\/munkacs-diocese.org\/hu\/wp-json\/wp\/v2\/media?parent=15405"}],"wp:term":[{"taxonomy":"category","embeddable":true,"href":"https:\/\/munkacs-diocese.org\/hu\/wp-json\/wp\/v2\/categories?post=15405"},{"taxonomy":"post_tag","embeddable":true,"href":"https:\/\/munkacs-diocese.org\/hu\/wp-json\/wp\/v2\/tags?post=15405"}],"curies":[{"name":"wp","href":"https:\/\/api.w.org\/{rel}","templated":true}]}}