{"id":15365,"date":"2026-04-29T15:33:41","date_gmt":"2026-04-29T13:33:41","guid":{"rendered":"https:\/\/munkacs-diocese.org\/hu\/?p=15365"},"modified":"2026-04-30T07:07:55","modified_gmt":"2026-04-30T05:07:55","slug":"munkacsi-diakok-latogatasa-pannonhalman","status":"publish","type":"post","link":"https:\/\/munkacs-diocese.org\/hu\/2026\/04\/29\/munkacsi-diakok-latogatasa-pannonhalman\/","title":{"rendered":"Munk\u00e1csi di\u00e1kok l\u00e1togat\u00e1sa Pannonhalm\u00e1n"},"content":{"rendered":"<div id=\"fb-root\"><\/div>\n<p>A Munk\u00e1csi Szent Istv\u00e1n L\u00edceum a nemr\u00e9g l\u00e9trej\u00f6tt testv\u00e9riskolai kapcsolat keret\u00e9ben \u00e1prilis 23-25 k\u00f6z\u00f6tt felejthetetlen l\u00e1togat\u00e1st tett a Pannonhalmi Benc\u00e9s Gimn\u00e1ziumban \u00e9s a Pannonhalmi F\u0151ap\u00e1ts\u00e1gban. A 40 f\u0151s csapat \u2013 di\u00e1kok, k\u00eds\u00e9r\u0151tan\u00e1rok, valamint Hortob\u00e1gyi Arnold OSB iskolalelk\u00e9sz\u2013cs\u00fct\u00f6rt\u00f6k kora reggel indult \u00fatnak Munk\u00e1csr\u00f3l.<\/p>\n<p>A di\u00e1kok \u00e9s tan\u00e1raik d\u00e9lt\u00e1jban \u00e9rkezetek Budapestre, ahol s\u00e9t\u00e1t tettek a H\u0151s\u00f6k ter\u00e9n. Arnold atya a helysz\u00ednen elmondta, hogy a t\u00e9r nemcsak turisztikai l\u00e1tv\u00e1nyoss\u00e1g, hanem a nemzeti eml\u00e9kezet helye is. A magyar t\u00f6rt\u00e9nelem folytonoss\u00e1g\u00e1t, identit\u00e1s\u00e1t \u00e9s \u00e1ldozatait jelen\u00edti meg, valamint \u00fcnneps\u00e9gek \u00e9s megeml\u00e9kez\u00e9sek k\u00f6zponti helysz\u00edne.<\/p>\n<p><a href=\"https:\/\/munkacs-diocese.org\/hu\/wp-content\/uploads\/2026\/04\/pannonhalma-02.jpg\"><img loading=\"lazy\" decoding=\"async\" class=\"aligncenter size-full wp-image-15367\" src=\"https:\/\/munkacs-diocese.org\/hu\/wp-content\/uploads\/2026\/04\/pannonhalma-02.jpg\" alt=\"\" width=\"1280\" height=\"960\" srcset=\"https:\/\/munkacs-diocese.org\/hu\/wp-content\/uploads\/2026\/04\/pannonhalma-02.jpg 1280w, https:\/\/munkacs-diocese.org\/hu\/wp-content\/uploads\/2026\/04\/pannonhalma-02-300x225.jpg 300w, https:\/\/munkacs-diocese.org\/hu\/wp-content\/uploads\/2026\/04\/pannonhalma-02-1024x768.jpg 1024w, https:\/\/munkacs-diocese.org\/hu\/wp-content\/uploads\/2026\/04\/pannonhalma-02-768x576.jpg 768w, https:\/\/munkacs-diocese.org\/hu\/wp-content\/uploads\/2026\/04\/pannonhalma-02-1080x810.jpg 1080w\" sizes=\"(max-width: 1280px) 100vw, 1280px\" \/><\/a><\/p>\n\n\t\t<style type=\"text\/css\">\n\t\t\t#gallery-1 {\n\t\t\t\tmargin: auto;\n\t\t\t}\n\t\t\t#gallery-1 .gallery-item {\n\t\t\t\tfloat: left;\n\t\t\t\tmargin-top: 10px;\n\t\t\t\ttext-align: center;\n\t\t\t\twidth: 50%;\n\t\t\t}\n\t\t\t#gallery-1 img {\n\t\t\t\tborder: 2px solid #cfcfcf;\n\t\t\t}\n\t\t\t#gallery-1 .gallery-caption {\n\t\t\t\tmargin-left: 0;\n\t\t\t}\n\t\t\t\/* see gallery_shortcode() in wp-includes\/media.php *\/\n\t\t<\/style>\n\t\t<div id='gallery-1' class='gallery galleryid-15365 gallery-columns-2 gallery-size-full'><dl class='gallery-item'>\n\t\t\t<dt class='gallery-icon landscape'>\n\t\t\t\t<a href='https:\/\/munkacs-diocese.org\/hu\/wp-content\/uploads\/2026\/04\/pannonhalma-03.jpg'><img loading=\"lazy\" decoding=\"async\" width=\"1280\" height=\"721\" src=\"https:\/\/munkacs-diocese.org\/hu\/wp-content\/uploads\/2026\/04\/pannonhalma-03.jpg\" class=\"attachment-full size-full\" alt=\"\" srcset=\"https:\/\/munkacs-diocese.org\/hu\/wp-content\/uploads\/2026\/04\/pannonhalma-03.jpg 1280w, https:\/\/munkacs-diocese.org\/hu\/wp-content\/uploads\/2026\/04\/pannonhalma-03-300x169.jpg 300w, https:\/\/munkacs-diocese.org\/hu\/wp-content\/uploads\/2026\/04\/pannonhalma-03-1024x577.jpg 1024w, https:\/\/munkacs-diocese.org\/hu\/wp-content\/uploads\/2026\/04\/pannonhalma-03-768x433.jpg 768w, https:\/\/munkacs-diocese.org\/hu\/wp-content\/uploads\/2026\/04\/pannonhalma-03-1080x608.jpg 1080w\" sizes=\"(max-width: 1280px) 100vw, 1280px\" \/><\/a>\n\t\t\t<\/dt><\/dl><dl class='gallery-item'>\n\t\t\t<dt class='gallery-icon landscape'>\n\t\t\t\t<a href='https:\/\/munkacs-diocese.org\/hu\/wp-content\/uploads\/2026\/04\/pannonhalma-04.jpg'><img loading=\"lazy\" decoding=\"async\" width=\"1280\" height=\"721\" src=\"https:\/\/munkacs-diocese.org\/hu\/wp-content\/uploads\/2026\/04\/pannonhalma-04.jpg\" class=\"attachment-full size-full\" alt=\"\" srcset=\"https:\/\/munkacs-diocese.org\/hu\/wp-content\/uploads\/2026\/04\/pannonhalma-04.jpg 1280w, https:\/\/munkacs-diocese.org\/hu\/wp-content\/uploads\/2026\/04\/pannonhalma-04-300x169.jpg 300w, https:\/\/munkacs-diocese.org\/hu\/wp-content\/uploads\/2026\/04\/pannonhalma-04-1024x577.jpg 1024w, https:\/\/munkacs-diocese.org\/hu\/wp-content\/uploads\/2026\/04\/pannonhalma-04-768x433.jpg 768w, https:\/\/munkacs-diocese.org\/hu\/wp-content\/uploads\/2026\/04\/pannonhalma-04-1080x608.jpg 1080w\" sizes=\"(max-width: 1280px) 100vw, 1280px\" \/><\/a>\n\t\t\t<\/dt><\/dl><br style=\"clear: both\" \/>\n\t\t<\/div>\n\n<p>A csoport est\u00e9re \u00e9rkezett meg a pannonhalmi monostorba, melynek, mik\u00e9nt a munk\u00e1csi sz\u00e9kesegyh\u00e1znak, Szent M\u00e1rton a v\u00e9d\u0151szentje.\u00a0 A t\u00f6bb mint 1000 \u00e9ves benc\u00e9s monostor az UNESCO Vil\u00e1g\u00f6r\u00f6ks\u00e9g r\u00e9sze. A k\u00f6zelben tal\u00e1lhat\u00f3 a barokk Boldogasszony-k\u00e1polna, amely a benc\u00e9s szerzetesek temetkez\u00e9si helye, valamint a Millenniumi eml\u00e9kk\u00e1polna, amelyet a honfoglal\u00e1s 1000 \u00e9ves \u00e9vfordul\u00f3j\u00e1ra emeltek 1896-ban. A gy\u00f6ny\u00f6r\u0171 ter\u00fclet kil\u00e1t\u00f3val, arbor\u00e9tummal, gy\u00f3gyn\u00f6v\u00e9nykerttel \u00e9s levendulamez\u0151vel rendelkezik.<\/p>\n<p>M\u00e1snap reggeli ut\u00e1n a l\u00edceum tanul\u00f3i bepillant\u00e1st nyertek a benc\u00e9s gimnazist\u00e1k mindennapjaiba: megtekintett\u00e9k az iskol\u00e1t \u00e9s a koll\u00e9giumot, majd kisebb csoportokban r\u00e9szt vettek a tan\u00edt\u00e1si \u00f3r\u00e1kon. \u00cdgy nemcsak a modern oktat\u00e1si m\u00f3dszerekkel ismerkedhettek meg, hanem lehet\u0151s\u00e9g\u00fck ny\u00edlt arra is, hogy szem\u00e9lyes kapcsolatokat alak\u00edtsanak ki kort\u00e1rsaikkal.<\/p>\n<p>Juh\u00e1sz-Laczik Albin OSB atya, a Pannonhalmi Benc\u00e9s Gimn\u00e1zium igazgat\u00f3ja \u00fcdv\u00f6z\u00f6lte a di\u00e1kokat \u00e9s a tan\u00e1rokat. Besz\u00e9d\u00e9ben kiemelte, mennyire \u00f6r\u00fcl a tal\u00e1lkoz\u00e1snak, \u00e9s rem\u00e9ny\u00e9t fejezte ki, hogy a j\u00f6v\u0151ben tov\u00e1bb er\u0151s\u00f6dik a k\u00e9t iskola k\u00f6z\u00f6tti testv\u00e9ri kapcsolat.<\/p>\n\n\t\t<style type=\"text\/css\">\n\t\t\t#gallery-2 {\n\t\t\t\tmargin: auto;\n\t\t\t}\n\t\t\t#gallery-2 .gallery-item {\n\t\t\t\tfloat: left;\n\t\t\t\tmargin-top: 10px;\n\t\t\t\ttext-align: center;\n\t\t\t\twidth: 33%;\n\t\t\t}\n\t\t\t#gallery-2 img {\n\t\t\t\tborder: 2px solid #cfcfcf;\n\t\t\t}\n\t\t\t#gallery-2 .gallery-caption {\n\t\t\t\tmargin-left: 0;\n\t\t\t}\n\t\t\t\/* see gallery_shortcode() in wp-includes\/media.php *\/\n\t\t<\/style>\n\t\t<div id='gallery-2' class='gallery galleryid-15365 gallery-columns-3 gallery-size-full'><dl class='gallery-item'>\n\t\t\t<dt class='gallery-icon landscape'>\n\t\t\t\t<a href='https:\/\/munkacs-diocese.org\/hu\/wp-content\/uploads\/2026\/04\/pannonhalma-05.jpg'><img loading=\"lazy\" decoding=\"async\" width=\"1280\" height=\"721\" src=\"https:\/\/munkacs-diocese.org\/hu\/wp-content\/uploads\/2026\/04\/pannonhalma-05.jpg\" class=\"attachment-full size-full\" alt=\"\" srcset=\"https:\/\/munkacs-diocese.org\/hu\/wp-content\/uploads\/2026\/04\/pannonhalma-05.jpg 1280w, https:\/\/munkacs-diocese.org\/hu\/wp-content\/uploads\/2026\/04\/pannonhalma-05-300x169.jpg 300w, https:\/\/munkacs-diocese.org\/hu\/wp-content\/uploads\/2026\/04\/pannonhalma-05-1024x577.jpg 1024w, https:\/\/munkacs-diocese.org\/hu\/wp-content\/uploads\/2026\/04\/pannonhalma-05-768x433.jpg 768w, https:\/\/munkacs-diocese.org\/hu\/wp-content\/uploads\/2026\/04\/pannonhalma-05-1080x608.jpg 1080w\" sizes=\"(max-width: 1280px) 100vw, 1280px\" \/><\/a>\n\t\t\t<\/dt><\/dl><dl class='gallery-item'>\n\t\t\t<dt class='gallery-icon landscape'>\n\t\t\t\t<a href='https:\/\/munkacs-diocese.org\/hu\/wp-content\/uploads\/2026\/04\/pannonhalma-06.jpg'><img loading=\"lazy\" decoding=\"async\" width=\"1280\" height=\"720\" src=\"https:\/\/munkacs-diocese.org\/hu\/wp-content\/uploads\/2026\/04\/pannonhalma-06.jpg\" class=\"attachment-full size-full\" alt=\"\" srcset=\"https:\/\/munkacs-diocese.org\/hu\/wp-content\/uploads\/2026\/04\/pannonhalma-06.jpg 1280w, https:\/\/munkacs-diocese.org\/hu\/wp-content\/uploads\/2026\/04\/pannonhalma-06-300x169.jpg 300w, https:\/\/munkacs-diocese.org\/hu\/wp-content\/uploads\/2026\/04\/pannonhalma-06-1024x576.jpg 1024w, https:\/\/munkacs-diocese.org\/hu\/wp-content\/uploads\/2026\/04\/pannonhalma-06-768x432.jpg 768w, https:\/\/munkacs-diocese.org\/hu\/wp-content\/uploads\/2026\/04\/pannonhalma-06-1080x608.jpg 1080w\" sizes=\"(max-width: 1280px) 100vw, 1280px\" \/><\/a>\n\t\t\t<\/dt><\/dl><dl class='gallery-item'>\n\t\t\t<dt class='gallery-icon landscape'>\n\t\t\t\t<a href='https:\/\/munkacs-diocese.org\/hu\/wp-content\/uploads\/2026\/04\/pannonhalma-07.jpg'><img loading=\"lazy\" decoding=\"async\" width=\"1280\" height=\"721\" src=\"https:\/\/munkacs-diocese.org\/hu\/wp-content\/uploads\/2026\/04\/pannonhalma-07.jpg\" class=\"attachment-full size-full\" alt=\"\" srcset=\"https:\/\/munkacs-diocese.org\/hu\/wp-content\/uploads\/2026\/04\/pannonhalma-07.jpg 1280w, https:\/\/munkacs-diocese.org\/hu\/wp-content\/uploads\/2026\/04\/pannonhalma-07-300x169.jpg 300w, https:\/\/munkacs-diocese.org\/hu\/wp-content\/uploads\/2026\/04\/pannonhalma-07-1024x577.jpg 1024w, https:\/\/munkacs-diocese.org\/hu\/wp-content\/uploads\/2026\/04\/pannonhalma-07-768x433.jpg 768w, https:\/\/munkacs-diocese.org\/hu\/wp-content\/uploads\/2026\/04\/pannonhalma-07-1080x608.jpg 1080w\" sizes=\"(max-width: 1280px) 100vw, 1280px\" \/><\/a>\n\t\t\t<\/dt><\/dl><br style=\"clear: both\" \/>\n\t\t<\/div>\n\n<p>Ezt k\u00f6vet\u0151en a di\u00e1kok napk\u00f6zi ima\u00f3r\u00e1n vettek r\u00e9szt a benc\u00e9s k\u00f6z\u00f6ss\u00e9ggel az id\u00e9n 800 \u00e9ves szerzetesi templom \u0151si falai k\u00f6z\u00f6tt, amely egy kora g\u00f3t st\u00edlusban \u00e9p\u00fclt h\u00e1romhaj\u00f3s bazilika. A d\u00e9lel\u0151tti programot egy k\u00f6z\u00f6sen elfogyasztott eb\u00e9d z\u00e1rta a di\u00e1keb\u00e9dl\u0151ben.<\/p>\n<p>D\u00e9lut\u00e1n a csoport ell\u00e1togatott a Pannonhalmi F\u0151ap\u00e1ts\u00e1gi Lev\u00e9lt\u00e1rba, amely rendk\u00edv\u00fcl \u00e9rdekesnek bizonyult. A di\u00e1kok megtekintett\u00e9k a benc\u00e9s rend \u00e9s a r\u00e9gi\u00f3 k\u00f6z\u00e9pkori t\u00f6rt\u00e9net\u00e9hez kapcsol\u00f3d\u00f3 felbecs\u00fclhetetlen \u00e9rt\u00e9k\u0171 oklev\u00e9lgy\u0171jtem\u00e9nyt: t\u00f6bbek k\u00f6zt az itt \u0151rz\u00f6tt pannonhalmi kiv\u00e1lts\u00e1glevelet, a Liber ruber-t, amely sz\u00e1mos k\u00f6z\u00e9pkori oklevelet tartalmaz, valamint a Tihanyi Benc\u00e9s Ap\u00e1ts\u00e1g alap\u00edt\u00f3 level\u00e9t, amely a legr\u00e9gibb magyar \u00edr\u00e1sos nyelveml\u00e9k 1054-b\u0151l.<\/p>\n<p><a href=\"https:\/\/munkacs-diocese.org\/hu\/wp-content\/uploads\/2026\/04\/pannonhalma-08.jpg\"><img loading=\"lazy\" decoding=\"async\" class=\"aligncenter size-full wp-image-15373\" src=\"https:\/\/munkacs-diocese.org\/hu\/wp-content\/uploads\/2026\/04\/pannonhalma-08.jpg\" alt=\"\" width=\"1280\" height=\"960\" srcset=\"https:\/\/munkacs-diocese.org\/hu\/wp-content\/uploads\/2026\/04\/pannonhalma-08.jpg 1280w, https:\/\/munkacs-diocese.org\/hu\/wp-content\/uploads\/2026\/04\/pannonhalma-08-300x225.jpg 300w, https:\/\/munkacs-diocese.org\/hu\/wp-content\/uploads\/2026\/04\/pannonhalma-08-1024x768.jpg 1024w, https:\/\/munkacs-diocese.org\/hu\/wp-content\/uploads\/2026\/04\/pannonhalma-08-768x576.jpg 768w, https:\/\/munkacs-diocese.org\/hu\/wp-content\/uploads\/2026\/04\/pannonhalma-08-1080x810.jpg 1080w\" sizes=\"(max-width: 1280px) 100vw, 1280px\" \/><\/a><\/p>\n<p><a href=\"https:\/\/munkacs-diocese.org\/hu\/wp-content\/uploads\/2026\/04\/pannonhalma-09.jpg\"><img loading=\"lazy\" decoding=\"async\" class=\"aligncenter wp-image-15374\" src=\"https:\/\/munkacs-diocese.org\/hu\/wp-content\/uploads\/2026\/04\/pannonhalma-09.jpg\" alt=\"\" width=\"446\" height=\"793\" srcset=\"https:\/\/munkacs-diocese.org\/hu\/wp-content\/uploads\/2026\/04\/pannonhalma-09.jpg 1280w, https:\/\/munkacs-diocese.org\/hu\/wp-content\/uploads\/2026\/04\/pannonhalma-09-169x300.jpg 169w, https:\/\/munkacs-diocese.org\/hu\/wp-content\/uploads\/2026\/04\/pannonhalma-09-576x1024.jpg 576w, https:\/\/munkacs-diocese.org\/hu\/wp-content\/uploads\/2026\/04\/pannonhalma-09-768x1365.jpg 768w, https:\/\/munkacs-diocese.org\/hu\/wp-content\/uploads\/2026\/04\/pannonhalma-09-864x1536.jpg 864w, https:\/\/munkacs-diocese.org\/hu\/wp-content\/uploads\/2026\/04\/pannonhalma-09-1152x2048.jpg 1152w, https:\/\/munkacs-diocese.org\/hu\/wp-content\/uploads\/2026\/04\/pannonhalma-09-1080x1920.jpg 1080w\" sizes=\"(max-width: 446px) 100vw, 446px\" \/><\/a><\/p>\n<p>Ezut\u00e1n a v\u00e1rva v\u00e1rt focimeccs k\u00f6vetkezett: a munk\u00e1csi \u00e9s a pannonhalmi di\u00e1kok a p\u00e1ly\u00e1n m\u00e9rt\u00e9k \u00f6ssze \u00fcgyess\u00e9g\u00fcket. B\u00e1r a hazai csapat f\u00f6l\u00e9nyesen nyert, a munk\u00e1csiakat k\u00e1rp\u00f3tolta a k\u00f6z\u00f6s j\u00e1t\u00e9k \u00f6r\u00f6me \u00e9s a p\u00e1lya sz\u00e9l\u00e9r\u0151l \u00e9rkez\u0151 lelkes szurkol\u00e1s.<\/p>\n<p>A bar\u00e1ts\u00e1gos m\u00e9rk\u0151z\u00e9s ut\u00e1n folytat\u00f3dott a monostorl\u00e1togat\u00e1s, amelynek k\u00fcl\u00f6nlegess\u00e9g\u00e9t a rendhagy\u00f3 megk\u00f6zel\u00edt\u00e9s adta. A bemutat\u00e1s sor\u00e1n ugyanis a pannonhalmi di\u00e1kok v\u00e1ltak idegenvezet\u0151kk\u00e9, akik nagyon \u00e9rdekesen \u00e9s lelkesed\u00e9ssel mes\u00e9lt\u00e9k el a monostor t\u00f6rt\u00e9net\u00e9t. A csoport megtekintette az altemplomot, ahol a hagyom\u00e1ny szerint Szent Istv\u00e1n pannonhalmi sz\u00e9k\u00e9t \u0151rzik. A benc\u00e9s di\u00e1kok bemutatt\u00e1k a XIX. sz\u00e1zadi k\u00f6nyvt\u00e1rat is,\u00a0 ahol\u00a0 t\u00f6bb mint 400 000 k\u00f6tet tal\u00e1lhat\u00f3.<\/p>\n\n\t\t<style type=\"text\/css\">\n\t\t\t#gallery-3 {\n\t\t\t\tmargin: auto;\n\t\t\t}\n\t\t\t#gallery-3 .gallery-item {\n\t\t\t\tfloat: left;\n\t\t\t\tmargin-top: 10px;\n\t\t\t\ttext-align: center;\n\t\t\t\twidth: 50%;\n\t\t\t}\n\t\t\t#gallery-3 img {\n\t\t\t\tborder: 2px solid #cfcfcf;\n\t\t\t}\n\t\t\t#gallery-3 .gallery-caption {\n\t\t\t\tmargin-left: 0;\n\t\t\t}\n\t\t\t\/* see gallery_shortcode() in wp-includes\/media.php *\/\n\t\t<\/style>\n\t\t<div id='gallery-3' class='gallery galleryid-15365 gallery-columns-2 gallery-size-full'><dl class='gallery-item'>\n\t\t\t<dt class='gallery-icon landscape'>\n\t\t\t\t<a href='https:\/\/munkacs-diocese.org\/hu\/wp-content\/uploads\/2026\/04\/pannonhalma-10.jpg'><img loading=\"lazy\" decoding=\"async\" width=\"1280\" height=\"960\" src=\"https:\/\/munkacs-diocese.org\/hu\/wp-content\/uploads\/2026\/04\/pannonhalma-10.jpg\" class=\"attachment-full size-full\" alt=\"\" srcset=\"https:\/\/munkacs-diocese.org\/hu\/wp-content\/uploads\/2026\/04\/pannonhalma-10.jpg 1280w, https:\/\/munkacs-diocese.org\/hu\/wp-content\/uploads\/2026\/04\/pannonhalma-10-300x225.jpg 300w, https:\/\/munkacs-diocese.org\/hu\/wp-content\/uploads\/2026\/04\/pannonhalma-10-1024x768.jpg 1024w, https:\/\/munkacs-diocese.org\/hu\/wp-content\/uploads\/2026\/04\/pannonhalma-10-768x576.jpg 768w, https:\/\/munkacs-diocese.org\/hu\/wp-content\/uploads\/2026\/04\/pannonhalma-10-1080x810.jpg 1080w\" sizes=\"(max-width: 1280px) 100vw, 1280px\" \/><\/a>\n\t\t\t<\/dt><\/dl><dl class='gallery-item'>\n\t\t\t<dt class='gallery-icon landscape'>\n\t\t\t\t<a href='https:\/\/munkacs-diocese.org\/hu\/wp-content\/uploads\/2026\/04\/pannonhalma-12.jpg'><img loading=\"lazy\" decoding=\"async\" width=\"1280\" height=\"960\" src=\"https:\/\/munkacs-diocese.org\/hu\/wp-content\/uploads\/2026\/04\/pannonhalma-12.jpg\" class=\"attachment-full size-full\" alt=\"\" srcset=\"https:\/\/munkacs-diocese.org\/hu\/wp-content\/uploads\/2026\/04\/pannonhalma-12.jpg 1280w, https:\/\/munkacs-diocese.org\/hu\/wp-content\/uploads\/2026\/04\/pannonhalma-12-300x225.jpg 300w, https:\/\/munkacs-diocese.org\/hu\/wp-content\/uploads\/2026\/04\/pannonhalma-12-1024x768.jpg 1024w, https:\/\/munkacs-diocese.org\/hu\/wp-content\/uploads\/2026\/04\/pannonhalma-12-768x576.jpg 768w, https:\/\/munkacs-diocese.org\/hu\/wp-content\/uploads\/2026\/04\/pannonhalma-12-1080x810.jpg 1080w\" sizes=\"(max-width: 1280px) 100vw, 1280px\" \/><\/a>\n\t\t\t<\/dt><\/dl><br style=\"clear: both\" \/>\n\t\t<\/div>\n\n\n\t\t<style type=\"text\/css\">\n\t\t\t#gallery-4 {\n\t\t\t\tmargin: auto;\n\t\t\t}\n\t\t\t#gallery-4 .gallery-item {\n\t\t\t\tfloat: left;\n\t\t\t\tmargin-top: 10px;\n\t\t\t\ttext-align: center;\n\t\t\t\twidth: 50%;\n\t\t\t}\n\t\t\t#gallery-4 img {\n\t\t\t\tborder: 2px solid #cfcfcf;\n\t\t\t}\n\t\t\t#gallery-4 .gallery-caption {\n\t\t\t\tmargin-left: 0;\n\t\t\t}\n\t\t\t\/* see gallery_shortcode() in wp-includes\/media.php *\/\n\t\t<\/style>\n\t\t<div id='gallery-4' class='gallery galleryid-15365 gallery-columns-2 gallery-size-full'><dl class='gallery-item'>\n\t\t\t<dt class='gallery-icon landscape'>\n\t\t\t\t<a href='https:\/\/munkacs-diocese.org\/hu\/wp-content\/uploads\/2026\/04\/pannonhalma-13.jpg'><img loading=\"lazy\" decoding=\"async\" width=\"1280\" height=\"720\" src=\"https:\/\/munkacs-diocese.org\/hu\/wp-content\/uploads\/2026\/04\/pannonhalma-13.jpg\" class=\"attachment-full size-full\" alt=\"\" srcset=\"https:\/\/munkacs-diocese.org\/hu\/wp-content\/uploads\/2026\/04\/pannonhalma-13.jpg 1280w, https:\/\/munkacs-diocese.org\/hu\/wp-content\/uploads\/2026\/04\/pannonhalma-13-300x169.jpg 300w, https:\/\/munkacs-diocese.org\/hu\/wp-content\/uploads\/2026\/04\/pannonhalma-13-1024x576.jpg 1024w, https:\/\/munkacs-diocese.org\/hu\/wp-content\/uploads\/2026\/04\/pannonhalma-13-768x432.jpg 768w, https:\/\/munkacs-diocese.org\/hu\/wp-content\/uploads\/2026\/04\/pannonhalma-13-1080x608.jpg 1080w\" sizes=\"(max-width: 1280px) 100vw, 1280px\" \/><\/a>\n\t\t\t<\/dt><\/dl><dl class='gallery-item'>\n\t\t\t<dt class='gallery-icon landscape'>\n\t\t\t\t<a href='https:\/\/munkacs-diocese.org\/hu\/wp-content\/uploads\/2026\/04\/pannonhalma-14.jpg'><img loading=\"lazy\" decoding=\"async\" width=\"1280\" height=\"720\" src=\"https:\/\/munkacs-diocese.org\/hu\/wp-content\/uploads\/2026\/04\/pannonhalma-14.jpg\" class=\"attachment-full size-full\" alt=\"\" srcset=\"https:\/\/munkacs-diocese.org\/hu\/wp-content\/uploads\/2026\/04\/pannonhalma-14.jpg 1280w, https:\/\/munkacs-diocese.org\/hu\/wp-content\/uploads\/2026\/04\/pannonhalma-14-300x169.jpg 300w, https:\/\/munkacs-diocese.org\/hu\/wp-content\/uploads\/2026\/04\/pannonhalma-14-1024x576.jpg 1024w, https:\/\/munkacs-diocese.org\/hu\/wp-content\/uploads\/2026\/04\/pannonhalma-14-768x432.jpg 768w, https:\/\/munkacs-diocese.org\/hu\/wp-content\/uploads\/2026\/04\/pannonhalma-14-1080x608.jpg 1080w\" sizes=\"(max-width: 1280px) 100vw, 1280px\" \/><\/a>\n\t\t\t<\/dt><\/dl><br style=\"clear: both\" \/>\n\t\t<\/div>\n\n<p>A csoport ell\u00e1togatott az Illatm\u00fazeumba is. Itt a di\u00e1kok idegenvezet\u0151 seg\u00edts\u00e9g\u00e9vel megismerkedhettek a monostori gy\u00f3gy\u00e1szattal, a gy\u00f3gyn\u00f6v\u00e9nyek vil\u00e1g\u00e1val \u00e9s a parf\u00fcm\u00e9ria alapjaival.<\/p>\n<p><a href=\"https:\/\/munkacs-diocese.org\/hu\/wp-content\/uploads\/2026\/04\/pannonhalma-16.jpg\"><img loading=\"lazy\" decoding=\"async\" class=\"aligncenter wp-image-15381\" src=\"https:\/\/munkacs-diocese.org\/hu\/wp-content\/uploads\/2026\/04\/pannonhalma-16.jpg\" alt=\"\" width=\"357\" height=\"476\" srcset=\"https:\/\/munkacs-diocese.org\/hu\/wp-content\/uploads\/2026\/04\/pannonhalma-16.jpg 1280w, https:\/\/munkacs-diocese.org\/hu\/wp-content\/uploads\/2026\/04\/pannonhalma-16-225x300.jpg 225w, https:\/\/munkacs-diocese.org\/hu\/wp-content\/uploads\/2026\/04\/pannonhalma-16-768x1024.jpg 768w, https:\/\/munkacs-diocese.org\/hu\/wp-content\/uploads\/2026\/04\/pannonhalma-16-1152x1536.jpg 1152w, https:\/\/munkacs-diocese.org\/hu\/wp-content\/uploads\/2026\/04\/pannonhalma-16-1080x1440.jpg 1080w\" sizes=\"(max-width: 357px) 100vw, 357px\" \/><\/a><\/p>\n<p>Az \u00e9lm\u00e9nnyekkel teli napot szentmise z\u00e1rta a Szent M\u00e1rton-Bazilik\u00e1ban. A szentmise elej\u00e9n Hardy Titusz atya k\u00f6sz\u00f6nt\u00f6tte a Munk\u00e1csr\u00f3l \u00e9rkez\u0151ket. Az \u0151si falak k\u00f6z\u00f6tt a csoport h\u00e1l\u00e1t adott az \u00darnak az egy\u00fctt t\u00f6lt\u00f6tt id\u0151\u00e9rt \u00e9s a kialakul\u00f3 bar\u00e1ts\u00e1gok\u00e9rt. A nap v\u00e9g\u00e9n a vacsora mellett volt lehet\u0151s\u00e9g a nap esem\u00e9nyeinek megbesz\u00e9l\u00e9s\u00e9re.<\/p>\n\n\t\t<style type=\"text\/css\">\n\t\t\t#gallery-5 {\n\t\t\t\tmargin: auto;\n\t\t\t}\n\t\t\t#gallery-5 .gallery-item {\n\t\t\t\tfloat: left;\n\t\t\t\tmargin-top: 10px;\n\t\t\t\ttext-align: center;\n\t\t\t\twidth: 50%;\n\t\t\t}\n\t\t\t#gallery-5 img {\n\t\t\t\tborder: 2px solid #cfcfcf;\n\t\t\t}\n\t\t\t#gallery-5 .gallery-caption {\n\t\t\t\tmargin-left: 0;\n\t\t\t}\n\t\t\t\/* see gallery_shortcode() in wp-includes\/media.php *\/\n\t\t<\/style>\n\t\t<div id='gallery-5' class='gallery galleryid-15365 gallery-columns-2 gallery-size-full'><dl class='gallery-item'>\n\t\t\t<dt class='gallery-icon landscape'>\n\t\t\t\t<a href='https:\/\/munkacs-diocese.org\/hu\/wp-content\/uploads\/2026\/04\/pannonhalma-17.jpg'><img loading=\"lazy\" decoding=\"async\" width=\"1280\" height=\"960\" src=\"https:\/\/munkacs-diocese.org\/hu\/wp-content\/uploads\/2026\/04\/pannonhalma-17.jpg\" class=\"attachment-full size-full\" alt=\"\" srcset=\"https:\/\/munkacs-diocese.org\/hu\/wp-content\/uploads\/2026\/04\/pannonhalma-17.jpg 1280w, https:\/\/munkacs-diocese.org\/hu\/wp-content\/uploads\/2026\/04\/pannonhalma-17-300x225.jpg 300w, https:\/\/munkacs-diocese.org\/hu\/wp-content\/uploads\/2026\/04\/pannonhalma-17-1024x768.jpg 1024w, https:\/\/munkacs-diocese.org\/hu\/wp-content\/uploads\/2026\/04\/pannonhalma-17-768x576.jpg 768w, https:\/\/munkacs-diocese.org\/hu\/wp-content\/uploads\/2026\/04\/pannonhalma-17-1080x810.jpg 1080w\" sizes=\"(max-width: 1280px) 100vw, 1280px\" \/><\/a>\n\t\t\t<\/dt><\/dl><dl class='gallery-item'>\n\t\t\t<dt class='gallery-icon landscape'>\n\t\t\t\t<a href='https:\/\/munkacs-diocese.org\/hu\/wp-content\/uploads\/2026\/04\/pannonhalma-18.jpg'><img loading=\"lazy\" decoding=\"async\" width=\"1280\" height=\"960\" src=\"https:\/\/munkacs-diocese.org\/hu\/wp-content\/uploads\/2026\/04\/pannonhalma-18.jpg\" class=\"attachment-full size-full\" alt=\"\" srcset=\"https:\/\/munkacs-diocese.org\/hu\/wp-content\/uploads\/2026\/04\/pannonhalma-18.jpg 1280w, https:\/\/munkacs-diocese.org\/hu\/wp-content\/uploads\/2026\/04\/pannonhalma-18-300x225.jpg 300w, https:\/\/munkacs-diocese.org\/hu\/wp-content\/uploads\/2026\/04\/pannonhalma-18-1024x768.jpg 1024w, https:\/\/munkacs-diocese.org\/hu\/wp-content\/uploads\/2026\/04\/pannonhalma-18-768x576.jpg 768w, https:\/\/munkacs-diocese.org\/hu\/wp-content\/uploads\/2026\/04\/pannonhalma-18-1080x810.jpg 1080w\" sizes=\"(max-width: 1280px) 100vw, 1280px\" \/><\/a>\n\t\t\t<\/dt><\/dl><br style=\"clear: both\" \/>\n\t\t<\/div>\n\n<p>Szombaton reggel a csoport a Tihanyi Benc\u00e9s Ap\u00e1ts\u00e1gba l\u00e1togatott. Itt Mih\u00e1lyi Jeromos perjel atya fogadta \u0151ket, aki r\u00f6viden ismertette a tihanyi benc\u00e9s monostor t\u00f6rt\u00e9net\u00e9t \u00e9s jelent\u0151s\u00e9g\u00e9t.<\/p>\n<p>Ezt k\u00f6vet\u0151en a r\u00e9sztvev\u0151k megcsod\u00e1lt\u00e1k a templomot, amelynek v\u00e9d\u0151szentje Szent \u00c1nyos p\u00fcsp\u00f6k. A templom k\u00fcl\u00f6nleges hangulat\u00e1t a barokk- \u00e9s a k\u00f6z\u00e9pkori elemek egy\u00fcttes jelenl\u00e9te hat\u00e1rozza meg. A l\u00e1togat\u00e1s sor\u00e1n az altemplomba is lementek, ahol megtekintett\u00e9k a h\u00edres kir\u00e1lyi s\u00edrhelyet, I. Andr\u00e1s kir\u00e1ly nyughely\u00e9t, amely a magyar \u00e1llamalap\u00edt\u00e1s kor\u00e1nak egyik kiemelt t\u00f6rt\u00e9nelmi eml\u00e9ke. A jelenl\u00e9v\u0151k \u00e9rdekl\u0151d\u00e9ssel hallgatt\u00e1k Jeromos aty\u00e1t, \u00e9s sok \u00faj ismerettel gazdagodtak a benc\u00e9s szerzetesek \u00e9let\u00e9r\u0151l, valamint a Tihanyi Ap\u00e1ts\u00e1g \u00e9vsz\u00e1zados m\u00faltj\u00e1r\u00f3l.<\/p>\n\n\t\t<style type=\"text\/css\">\n\t\t\t#gallery-6 {\n\t\t\t\tmargin: auto;\n\t\t\t}\n\t\t\t#gallery-6 .gallery-item {\n\t\t\t\tfloat: left;\n\t\t\t\tmargin-top: 10px;\n\t\t\t\ttext-align: center;\n\t\t\t\twidth: 50%;\n\t\t\t}\n\t\t\t#gallery-6 img {\n\t\t\t\tborder: 2px solid #cfcfcf;\n\t\t\t}\n\t\t\t#gallery-6 .gallery-caption {\n\t\t\t\tmargin-left: 0;\n\t\t\t}\n\t\t\t\/* see gallery_shortcode() in wp-includes\/media.php *\/\n\t\t<\/style>\n\t\t<div id='gallery-6' class='gallery galleryid-15365 gallery-columns-2 gallery-size-full'><dl class='gallery-item'>\n\t\t\t<dt class='gallery-icon portrait'>\n\t\t\t\t<a href='https:\/\/munkacs-diocese.org\/hu\/wp-content\/uploads\/2026\/04\/pannonhalma-20.jpg'><img loading=\"lazy\" decoding=\"async\" width=\"1280\" height=\"2275\" src=\"https:\/\/munkacs-diocese.org\/hu\/wp-content\/uploads\/2026\/04\/pannonhalma-20.jpg\" class=\"attachment-full size-full\" alt=\"\" srcset=\"https:\/\/munkacs-diocese.org\/hu\/wp-content\/uploads\/2026\/04\/pannonhalma-20.jpg 1280w, https:\/\/munkacs-diocese.org\/hu\/wp-content\/uploads\/2026\/04\/pannonhalma-20-169x300.jpg 169w, https:\/\/munkacs-diocese.org\/hu\/wp-content\/uploads\/2026\/04\/pannonhalma-20-576x1024.jpg 576w, https:\/\/munkacs-diocese.org\/hu\/wp-content\/uploads\/2026\/04\/pannonhalma-20-768x1365.jpg 768w, https:\/\/munkacs-diocese.org\/hu\/wp-content\/uploads\/2026\/04\/pannonhalma-20-864x1536.jpg 864w, https:\/\/munkacs-diocese.org\/hu\/wp-content\/uploads\/2026\/04\/pannonhalma-20-1152x2048.jpg 1152w, https:\/\/munkacs-diocese.org\/hu\/wp-content\/uploads\/2026\/04\/pannonhalma-20-1080x1920.jpg 1080w\" sizes=\"(max-width: 1280px) 100vw, 1280px\" \/><\/a>\n\t\t\t<\/dt><\/dl><dl class='gallery-item'>\n\t\t\t<dt class='gallery-icon portrait'>\n\t\t\t\t<a href='https:\/\/munkacs-diocese.org\/hu\/wp-content\/uploads\/2026\/04\/pannonhalma-21.jpg'><img loading=\"lazy\" decoding=\"async\" width=\"1280\" height=\"2275\" src=\"https:\/\/munkacs-diocese.org\/hu\/wp-content\/uploads\/2026\/04\/pannonhalma-21.jpg\" class=\"attachment-full size-full\" alt=\"\" srcset=\"https:\/\/munkacs-diocese.org\/hu\/wp-content\/uploads\/2026\/04\/pannonhalma-21.jpg 1280w, https:\/\/munkacs-diocese.org\/hu\/wp-content\/uploads\/2026\/04\/pannonhalma-21-169x300.jpg 169w, https:\/\/munkacs-diocese.org\/hu\/wp-content\/uploads\/2026\/04\/pannonhalma-21-576x1024.jpg 576w, https:\/\/munkacs-diocese.org\/hu\/wp-content\/uploads\/2026\/04\/pannonhalma-21-768x1365.jpg 768w, https:\/\/munkacs-diocese.org\/hu\/wp-content\/uploads\/2026\/04\/pannonhalma-21-864x1536.jpg 864w, https:\/\/munkacs-diocese.org\/hu\/wp-content\/uploads\/2026\/04\/pannonhalma-21-1152x2048.jpg 1152w, https:\/\/munkacs-diocese.org\/hu\/wp-content\/uploads\/2026\/04\/pannonhalma-21-1080x1920.jpg 1080w\" sizes=\"(max-width: 1280px) 100vw, 1280px\" \/><\/a>\n\t\t\t<\/dt><\/dl><br style=\"clear: both\" \/>\n\t\t<\/div>\n\n<p>A benc\u00e9sek vend\u00e9gszeretet\u00e9nek \u00e9s karizm\u00e1j\u00e1nak megtapasztal\u00e1sa ut\u00e1n a csoport hazafel\u00e9 vette az ir\u00e1nyt. Az ott t\u00f6lt\u00f6tt id\u0151 sor\u00e1n szerzett \u00e9lm\u00e9nyek m\u00e9ly nyomot hagytak benn\u00fck: lelk\u00fck \u00e9s sz\u00edv\u00fck megtelt \u00f6r\u00f6mmel, b\u00e9k\u00e9vel \u00e9s h\u00e1l\u00e1val az\u00e9rt, hogy egy ennyire befogad\u00f3, nyitott \u00e9s szeretetteljes k\u00f6z\u00f6ss\u00e9gben t\u00f6lthettek n\u00e9h\u00e1ny napot. A l\u00e1togat\u00e1s seg\u00edtett meg\u00e9rteni, hogy mindenkinek van helye a k\u00f6z\u00f6ss\u00e9gben \u00e9s a vil\u00e1gban, hogy az emberi \u00e9let egyik legfontosabb tapasztalata az elfogad\u00e1s \u00e9s az egym\u00e1sra figyel\u00e9s. Arnold atya a haza\u00faton hangs\u00falyozta, hogy a karizma Istent\u0151l kapott aj\u00e1nd\u00e9k, amely lelki k\u00e9pess\u00e9get is jelent: \u00e1ltala egym\u00e1st tudjuk szolg\u00e1lni, \u00e9s ezzel a szolg\u00e1lattal Isten orsz\u00e1g\u00e1t is \u00e9p\u00edtj\u00fck.<\/p>\n","protected":false},"excerpt":{"rendered":"<p>A Munk\u00e1csi Szent Istv\u00e1n L\u00edceum a nemr\u00e9g l\u00e9trej\u00f6tt testv\u00e9riskolai kapcsolat keret\u00e9ben \u00e1prilis 23-25 k\u00f6z\u00f6tt felejthetetlen l\u00e1togat\u00e1st tett a Pannonhalmi Benc\u00e9s Gimn\u00e1ziumban \u00e9s a Pannonhalmi F\u0151ap\u00e1ts\u00e1gban. A 40 f\u0151s csapat \u2013 di\u00e1kok, k\u00eds\u00e9r\u0151tan\u00e1rok, valamint Hortob\u00e1gyi Arnold OSB iskolalelk\u00e9sz\u2013cs\u00fct\u00f6rt\u00f6k kora reggel indult \u00fatnak Munk\u00e1csr\u00f3l. A di\u00e1kok \u00e9s tan\u00e1raik d\u00e9lt\u00e1jban \u00e9rkezetek Budapestre, ahol s\u00e9t\u00e1t tettek a H\u0151s\u00f6k ter\u00e9n. [&hellip;]<\/p>\n","protected":false},"author":1,"featured_media":15366,"comment_status":"open","ping_status":"open","sticky":false,"template":"","format":"standard","meta":{"_acf_changed":false,"_et_pb_use_builder":"","_et_pb_old_content":"","_et_gb_content_width":"","footnotes":""},"categories":[59],"tags":[],"class_list":["post-15365","post","type-post","status-publish","format-standard","has-post-thumbnail","hentry","category-egyhazmegyenk-hirei","et-has-post-format-content","et_post_format-et-post-format-standard"],"acf":[],"_links":{"self":[{"href":"https:\/\/munkacs-diocese.org\/hu\/wp-json\/wp\/v2\/posts\/15365"}],"collection":[{"href":"https:\/\/munkacs-diocese.org\/hu\/wp-json\/wp\/v2\/posts"}],"about":[{"href":"https:\/\/munkacs-diocese.org\/hu\/wp-json\/wp\/v2\/types\/post"}],"author":[{"embeddable":true,"href":"https:\/\/munkacs-diocese.org\/hu\/wp-json\/wp\/v2\/users\/1"}],"replies":[{"embeddable":true,"href":"https:\/\/munkacs-diocese.org\/hu\/wp-json\/wp\/v2\/comments?post=15365"}],"version-history":[{"count":13,"href":"https:\/\/munkacs-diocese.org\/hu\/wp-json\/wp\/v2\/posts\/15365\/revisions"}],"predecessor-version":[{"id":15401,"href":"https:\/\/munkacs-diocese.org\/hu\/wp-json\/wp\/v2\/posts\/15365\/revisions\/15401"}],"wp:featuredmedia":[{"embeddable":true,"href":"https:\/\/munkacs-diocese.org\/hu\/wp-json\/wp\/v2\/media\/15366"}],"wp:attachment":[{"href":"https:\/\/munkacs-diocese.org\/hu\/wp-json\/wp\/v2\/media?parent=15365"}],"wp:term":[{"taxonomy":"category","embeddable":true,"href":"https:\/\/munkacs-diocese.org\/hu\/wp-json\/wp\/v2\/categories?post=15365"},{"taxonomy":"post_tag","embeddable":true,"href":"https:\/\/munkacs-diocese.org\/hu\/wp-json\/wp\/v2\/tags?post=15365"}],"curies":[{"name":"wp","href":"https:\/\/api.w.org\/{rel}","templated":true}]}}