{"id":15360,"date":"2026-04-29T13:25:05","date_gmt":"2026-04-29T11:25:05","guid":{"rendered":"https:\/\/munkacs-diocese.org\/hu\/?p=15360"},"modified":"2026-04-29T17:18:00","modified_gmt":"2026-04-29T15:18:00","slug":"ungvaron-avattak-emlektablat-esterhazy-janos-tiszteletere","status":"publish","type":"post","link":"https:\/\/munkacs-diocese.org\/hu\/2026\/04\/29\/ungvaron-avattak-emlektablat-esterhazy-janos-tiszteletere\/","title":{"rendered":"Ungv\u00e1ron avattak eml\u00e9kt\u00e1bl\u00e1t Esterh\u00e1zy J\u00e1nos tisztelet\u00e9re"},"content":{"rendered":"<div id=\"fb-root\"><\/div>\n<p>Dr. Moln\u00e1r Imre t\u00f6rt\u00e9n\u00e9sz el\u0151ad\u00e1s\u00e1val \u00e9s eml\u00e9kt\u00e1bla-avat\u00e1ssal tisztelegtek Ungv\u00e1ron gr\u00f3f Esterh\u00e1zy J\u00e1nos, a felvid\u00e9ki magyars\u00e1g m\u00e1rt\u00edr politikusa el\u0151tt sz\u00fclet\u00e9s\u00e9nek 125. \u00e9vfordul\u00f3ja alkalm\u00e1b\u00f3l. Az esem\u00e9nyre az ungv\u00e1ri Szent Gy\u00f6rgy R\u00f3mai Katolikus Templomban, majd annak udvar\u00e1n ker\u00fclt sor.<\/p>\n<p>A megeml\u00e9kez\u00e9s im\u00e1ds\u00e1ggal kezd\u0151d\u00f6tt, majd\u00a0Petenko Miron\u00a0ungv\u00e1ri pl\u00e9b\u00e1nos k\u00f6sz\u00f6nt\u00f6tte a jelenl\u00e9v\u0151ket. Az esem\u00e9nyen egyh\u00e1zi \u00e9s vil\u00e1gi m\u00e9lt\u00f3s\u00e1gok, a helyi magyar k\u00f6z\u00f6ss\u00e9g tagjai, valamint a m\u00e1rt\u00edr politikus \u00e9letm\u0171v\u00e9t tisztel\u0151 \u00e9rdekl\u0151d\u0151k vettek r\u00e9szt.<\/p>\n<p>Bacskai J\u00f3zsef\u00a0ungv\u00e1ri f\u0151konzul k\u00f6sz\u00f6nt\u0151j\u00e9ben hangs\u00falyozta: Esterh\u00e1zy J\u00e1nos eml\u00e9ke nem csup\u00e1n a felvid\u00e9ki magyars\u00e1g, hanem az eg\u00e9sz k\u00f6z\u00e9p-eur\u00f3pai kereszt\u00e9ny \u00e9s magyar k\u00f6z\u00f6ss\u00e9g sz\u00e1m\u00e1ra p\u00e9ldaad\u00f3.<\/p>\n<p>Mint fogalmazott, Esterh\u00e1zy \u00e9let\u00e9t a magyars\u00e1g, az emberi m\u00e9lt\u00f3s\u00e1g \u00e9s az Istenbe vetett hit szolg\u00e1lat\u00e1nak rendelte al\u00e1. \u0150 volt a k\u00e9t vil\u00e1gh\u00e1bor\u00fa k\u00f6z\u00f6tt a k\u00e1rp\u00e1taljai magyars\u00e1g t\u00e1mogat\u00f3ja \u00e9s k\u00e9pvisel\u0151je a pr\u00e1gai parlamentben. A f\u0151konzul felid\u00e9zte, hogy a politikus k\u00f6vetkezetesen ki\u00e1llt a kisebbs\u00e9gi jogok mellett, seg\u00edtette az \u00fcld\u00f6z\u00f6tteket.<\/p>\n<p>Ezt k\u00f6vet\u0151en\u00a0Dr. Moln\u00e1r Imre\u00a0t\u00f6rt\u00e9n\u00e9sz, volt diplomata, Esterh\u00e1zy-kutat\u00f3 tartott el\u0151ad\u00e1st Gr\u00f3f Esterh\u00e1zy J\u00e1nos, a kereszt\u00e9ny szeretet v\u00e9rtan\u00faja \u2013 tragikus \u00e9lete, ungv\u00e1ri vonatkoz\u00e1sok c\u00edmmel.<\/p>\n<p>Moln\u00e1r Imre el\u0151ad\u00e1s\u00e1nak egyik k\u00f6zponti gondolata az volt, hogy a hit a legs\u00falyosabb t\u00f6rt\u00e9nelmi helyzetekben is megtart\u00f3 er\u0151 lehet, a m\u00e1sok\u00e9rt v\u00e1llalt szenved\u00e9s pedig nem puszt\u00e1n trag\u00e9dia, hanem erk\u00f6lcsi \u00fatmutat\u00e1s is lehet a k\u00f6z\u00f6ss\u00e9g sz\u00e1m\u00e1ra.<\/p>\n<p><a href=\"https:\/\/munkacs-diocese.org\/hu\/wp-content\/uploads\/2026\/04\/2emlektabla_esterhazy_janos-2-768x1024-1.jpeg\"><img loading=\"lazy\" decoding=\"async\" class=\"aligncenter  wp-image-15362\" src=\"https:\/\/munkacs-diocese.org\/hu\/wp-content\/uploads\/2026\/04\/2emlektabla_esterhazy_janos-2-768x1024-1.jpeg\" alt=\"\" width=\"450\" height=\"600\" srcset=\"https:\/\/munkacs-diocese.org\/hu\/wp-content\/uploads\/2026\/04\/2emlektabla_esterhazy_janos-2-768x1024-1.jpeg 768w, https:\/\/munkacs-diocese.org\/hu\/wp-content\/uploads\/2026\/04\/2emlektabla_esterhazy_janos-2-768x1024-1-225x300.jpeg 225w\" sizes=\"(max-width: 450px) 100vw, 450px\" \/><\/a><\/p>\n<p>Az eml\u00e9kt\u00e1bla alkot\u00f3ja,\u00a0Matl P\u00e9ter\u00a0szobr\u00e1szm\u0171v\u00e9sz a m\u0171 szimbolik\u00e1j\u00e1r\u00f3l besz\u00e9lve elmondta: az alkot\u00e1sban a t\u00f6rt\u00e9nelmi f\u00e1jdalom, a hit \u00e9s a szents\u00e9g gondolat\u00e1t k\u00edv\u00e1nta megjelen\u00edteni.<\/p>\n<p>Az el\u0151ad\u00e1st k\u00f6vet\u0151en a jelenl\u00e9v\u0151k a templom udvar\u00e1ra vonultak, ahol leleplezt\u00e9k az eml\u00e9kt\u00e1bl\u00e1t. Az avat\u00e1son\u00a0Majnek Antal\u00a0OFM, a Munk\u00e1csi R\u00f3mai Katolikus Egyh\u00e1zmegye nyugalmazott p\u00fcsp\u00f6ke felszentelte a t\u00e1bl\u00e1t, majd im\u00e1t mondott Esterh\u00e1zy J\u00e1nos lelki \u00fcdv\u00e9\u00e9rt.<\/p>\n<p style=\"text-align: right;\"><em>Forr\u00e1s: <a href=\"https:\/\/kiszo.net\/2026\/04\/27\/ungvaron-avattak-emlektablat-esterhazy-janos-tiszteletere\/\" target=\"_blank\" rel=\"noopener\">A K\u00e1rp\u00e1ti Igaz Sz\u00f3 cikke alapj\u00e1n<\/a><\/em><\/p>\n<p style=\"text-align: right;\"><em>Fot\u00f3k: Simon Rita<\/em><\/p>\n","protected":false},"excerpt":{"rendered":"<p>Dr. Moln\u00e1r Imre t\u00f6rt\u00e9n\u00e9sz el\u0151ad\u00e1s\u00e1val \u00e9s eml\u00e9kt\u00e1bla-avat\u00e1ssal tisztelegtek Ungv\u00e1ron gr\u00f3f Esterh\u00e1zy J\u00e1nos, a felvid\u00e9ki magyars\u00e1g m\u00e1rt\u00edr politikusa el\u0151tt sz\u00fclet\u00e9s\u00e9nek 125. \u00e9vfordul\u00f3ja alkalm\u00e1b\u00f3l. Az esem\u00e9nyre az ungv\u00e1ri Szent Gy\u00f6rgy R\u00f3mai Katolikus Templomban, majd annak udvar\u00e1n ker\u00fclt sor. A megeml\u00e9kez\u00e9s im\u00e1ds\u00e1ggal kezd\u0151d\u00f6tt, majd\u00a0Petenko Miron\u00a0ungv\u00e1ri pl\u00e9b\u00e1nos k\u00f6sz\u00f6nt\u00f6tte a jelenl\u00e9v\u0151ket. Az esem\u00e9nyen egyh\u00e1zi \u00e9s vil\u00e1gi m\u00e9lt\u00f3s\u00e1gok, a helyi magyar [&hellip;]<\/p>\n","protected":false},"author":1,"featured_media":15361,"comment_status":"open","ping_status":"open","sticky":false,"template":"","format":"standard","meta":{"_acf_changed":false,"_et_pb_use_builder":"","_et_pb_old_content":"","_et_gb_content_width":"","footnotes":""},"categories":[59],"tags":[],"class_list":["post-15360","post","type-post","status-publish","format-standard","has-post-thumbnail","hentry","category-egyhazmegyenk-hirei","et-has-post-format-content","et_post_format-et-post-format-standard"],"acf":[],"_links":{"self":[{"href":"https:\/\/munkacs-diocese.org\/hu\/wp-json\/wp\/v2\/posts\/15360"}],"collection":[{"href":"https:\/\/munkacs-diocese.org\/hu\/wp-json\/wp\/v2\/posts"}],"about":[{"href":"https:\/\/munkacs-diocese.org\/hu\/wp-json\/wp\/v2\/types\/post"}],"author":[{"embeddable":true,"href":"https:\/\/munkacs-diocese.org\/hu\/wp-json\/wp\/v2\/users\/1"}],"replies":[{"embeddable":true,"href":"https:\/\/munkacs-diocese.org\/hu\/wp-json\/wp\/v2\/comments?post=15360"}],"version-history":[{"count":1,"href":"https:\/\/munkacs-diocese.org\/hu\/wp-json\/wp\/v2\/posts\/15360\/revisions"}],"predecessor-version":[{"id":15363,"href":"https:\/\/munkacs-diocese.org\/hu\/wp-json\/wp\/v2\/posts\/15360\/revisions\/15363"}],"wp:featuredmedia":[{"embeddable":true,"href":"https:\/\/munkacs-diocese.org\/hu\/wp-json\/wp\/v2\/media\/15361"}],"wp:attachment":[{"href":"https:\/\/munkacs-diocese.org\/hu\/wp-json\/wp\/v2\/media?parent=15360"}],"wp:term":[{"taxonomy":"category","embeddable":true,"href":"https:\/\/munkacs-diocese.org\/hu\/wp-json\/wp\/v2\/categories?post=15360"},{"taxonomy":"post_tag","embeddable":true,"href":"https:\/\/munkacs-diocese.org\/hu\/wp-json\/wp\/v2\/tags?post=15360"}],"curies":[{"name":"wp","href":"https:\/\/api.w.org\/{rel}","templated":true}]}}