{"id":1536,"date":"2016-11-10T11:54:57","date_gmt":"2016-11-10T09:54:57","guid":{"rendered":"http:\/\/munkacs-diocese.org\/hu\/2016\/11\/10\/hirdetes-2\/"},"modified":"2016-11-10T11:54:57","modified_gmt":"2016-11-10T09:54:57","slug":"hirdetes-2","status":"publish","type":"post","link":"https:\/\/munkacs-diocese.org\/hu\/2016\/11\/10\/hirdetes-2\/","title":{"rendered":"Hirdet\u00e9s"},"content":{"rendered":"<div id=\"fb-root\"><\/div>\n<p>&nbsp;<\/p>\n<p style=\"text-align: center;\"><strong>November 11-\u00e9n,&nbsp; a&nbsp; munk\u00e1csi Tours-i Szent M\u00e1rton sz\u00e9kesegyh\u00e1z b\u00facs\u00fa\u00fcnneps\u00e9ge \u00e9s az \u00fcnnepi szentmise \u00e9l\u0151ben k\u00f6vethet\u0151 az al\u00e1bbi linken.<\/strong><\/p>\n<p style=\"text-align: center;\"><strong><a href=\"https:\/\/www.youtube.com\/channel\/UCvI8xzrP8UtYG_FJHBh3oGw\/live\" target=\"_blank\">https:\/\/www.youtube.com\/channel\/UCvI8xzrP8UtYG_FJHBh3oGw\/live<\/a><\/strong><\/p>\n<p style=\"text-align: center;\">Kezd\u00e9si id\u0151pont: 10.30 (k.e.i.)<\/p>\n<p><strong><img loading=\"lazy\" decoding=\"async\" class=\" size-full wp-image-1535\" src=\"https:\/\/munkacs-diocese.org\/hu\/wp-content\/uploads\/2016\/11\/online.jpg\" alt=\"online\" style=\"display: block; margin-left: auto; margin-right: auto;\" width=\"449\" height=\"336\" srcset=\"https:\/\/munkacs-diocese.org\/hu\/wp-content\/uploads\/2016\/11\/online.jpg 800w, https:\/\/munkacs-diocese.org\/hu\/wp-content\/uploads\/2016\/11\/online-300x225.jpg 300w, https:\/\/munkacs-diocese.org\/hu\/wp-content\/uploads\/2016\/11\/online-768x576.jpg 768w, https:\/\/munkacs-diocese.org\/hu\/wp-content\/uploads\/2016\/11\/online-510x382.jpg 510w\" sizes=\"(max-width: 449px) 100vw, 449px\" \/><\/strong><\/p>\n","protected":false},"excerpt":{"rendered":"<p>&nbsp; November 11-\u00e9n,&nbsp; a&nbsp; munk\u00e1csi Tours-i Szent M\u00e1rton sz\u00e9kesegyh\u00e1z b\u00facs\u00fa\u00fcnneps\u00e9ge \u00e9s az \u00fcnnepi szentmise \u00e9l\u0151ben k\u00f6vethet\u0151 az al\u00e1bbi linken. https:\/\/www.youtube.com\/channel\/UCvI8xzrP8UtYG_FJHBh3oGw\/live Kezd\u00e9si id\u0151pont: 10.30 (k.e.i.)<\/p>\n","protected":false},"author":1,"featured_media":1535,"comment_status":"open","ping_status":"open","sticky":false,"template":"","format":"standard","meta":{"_acf_changed":false,"_et_pb_use_builder":"","_et_pb_old_content":"","_et_gb_content_width":"","footnotes":""},"categories":[10],"tags":[],"class_list":["post-1536","post","type-post","status-publish","format-standard","has-post-thumbnail","hentry","category-aktualis-hirek","et-has-post-format-content","et_post_format-et-post-format-standard"],"acf":[],"_links":{"self":[{"href":"https:\/\/munkacs-diocese.org\/hu\/wp-json\/wp\/v2\/posts\/1536"}],"collection":[{"href":"https:\/\/munkacs-diocese.org\/hu\/wp-json\/wp\/v2\/posts"}],"about":[{"href":"https:\/\/munkacs-diocese.org\/hu\/wp-json\/wp\/v2\/types\/post"}],"author":[{"embeddable":true,"href":"https:\/\/munkacs-diocese.org\/hu\/wp-json\/wp\/v2\/users\/1"}],"replies":[{"embeddable":true,"href":"https:\/\/munkacs-diocese.org\/hu\/wp-json\/wp\/v2\/comments?post=1536"}],"version-history":[{"count":0,"href":"https:\/\/munkacs-diocese.org\/hu\/wp-json\/wp\/v2\/posts\/1536\/revisions"}],"wp:featuredmedia":[{"embeddable":true,"href":"https:\/\/munkacs-diocese.org\/hu\/wp-json\/wp\/v2\/media\/1535"}],"wp:attachment":[{"href":"https:\/\/munkacs-diocese.org\/hu\/wp-json\/wp\/v2\/media?parent=1536"}],"wp:term":[{"taxonomy":"category","embeddable":true,"href":"https:\/\/munkacs-diocese.org\/hu\/wp-json\/wp\/v2\/categories?post=1536"},{"taxonomy":"post_tag","embeddable":true,"href":"https:\/\/munkacs-diocese.org\/hu\/wp-json\/wp\/v2\/tags?post=1536"}],"curies":[{"name":"wp","href":"https:\/\/api.w.org\/{rel}","templated":true}]}}