{"id":15341,"date":"2026-04-27T13:37:15","date_gmt":"2026-04-27T11:37:15","guid":{"rendered":"https:\/\/munkacs-diocese.org\/hu\/?p=15341"},"modified":"2026-04-27T18:48:18","modified_gmt":"2026-04-27T16:48:18","slug":"az-ungvari-unio-380-evforduloja","status":"publish","type":"post","link":"https:\/\/munkacs-diocese.org\/hu\/2026\/04\/27\/az-ungvari-unio-380-evforduloja\/","title":{"rendered":"Az ungv\u00e1ri uni\u00f3 380. \u00e9vfordul\u00f3ja"},"content":{"rendered":"<div id=\"fb-root\"><\/div>\n<p>2026. \u00e1prilis 24-\u00e9n rendezt\u00e9k meg Ungv\u00e1ron \u201e Az ungv\u00e1ri uni\u00f3 380 \u00e9ves: t\u00f6rt\u00e9nelmi jelent\u0151s\u00e9g \u00e9s kultur\u00e1lis \u00f6r\u00f6ks\u00e9g\u201d c\u00edm\u0171 nemzetk\u00f6zi tudom\u00e1nyos-gyakorlati konferenci\u00e1t.<\/p>\n<p>\u200bAz ungv\u00e1ri v\u00e1r egykori szemin\u00e1riumi k\u00e1poln\u00e1j\u00e1ban tartott esem\u00e9nyen r\u00e9szt vett Teodor Macapula IVE, a Munk\u00e1csi G\u00f6r\u00f6gkatolikus Egyh\u00e1zmegye f\u0151p\u00e1sztora, valamint Nil Luscsak OFM seg\u00e9dp\u00fcsp\u00f6k. A konferencia keret\u00e9ben tematikus szekci\u00f3\u00fcl\u00e9seket tartottak, \u00e9s a K\u00e1rp\u00e1taljai Megyei Tan\u00e1cs k\u00f6zrem\u0171k\u00f6d\u00e9s\u00e9vel \u00fcnnep\u00e9lyesen felavatt\u00e1k \u201eAz Ungv\u00e1ri Uni\u00f3 forr\u00e1sain\u00e1l\u201d c\u00edm\u0171 szoborkompoz\u00edci\u00f3t. Az esem\u00e9nyen jelen voltak Ukrajna \u00e9s Szlov\u00e1kia \u00e1llami tiszts\u00e9gvisel\u0151i, a tudom\u00e1nyos \u00e9let k\u00e9pvisel\u0151i, valamint Magyarorsz\u00e1g diplom\u00e1ciai test\u00fclete.<\/p>\n<p>\u200bA javasolt szekci\u00f3t\u00e9m\u00e1k \u00e9rintett\u00e9k a vall\u00e1si, kultur\u00e1lis, t\u00f6rt\u00e9nelmi \u00e9s politikai szempontokat, kit\u00e9rve a szovjet rezsim represszi\u00f3ira is: \u201eVall\u00e1si \u00e9s kultur\u00e1lis fejl\u0151d\u00e9s a t\u00e1rgyi \u00e9s szellemi \u00f6r\u00f6ks\u00e9g t\u00fckr\u00e9ben\u201d \u00e9s \u201eEgyh\u00e1zi \u00e9let a XX. sz\u00e1zadban: vall\u00e1si-kultur\u00e1lis \u00e9s politikai-ideol\u00f3giai hat\u00e1sok\u201d.<\/p>\n<p>A szoboravat\u00e1si \u00fcnneps\u00e9g a nemzetk\u00f6zi konferencia z\u00e1r\u00f3akkordja volt. A Lehoczky Tivadar K\u00e1rp\u00e1taljai Megyei Honismereti M\u00fazeum igazgat\u00f3ja, Olga Sumovszka k\u00f6sz\u00f6netet mondott a projekt t\u00e1mogat\u00e1s\u00e1\u00e9rt Magyarorsz\u00e1g Ungv\u00e1ri F\u0151konzul\u00e1tus\u00e1nak, szem\u00e9ly szerint Bacskai J\u00f3zsef f\u0151konzulnak.<\/p>\n<p>Az elk\u00e9sz\u00fclt szoborkompoz\u00edci\u00f3 az egykori Szent Gy\u00f6rgy-v\u00e1rtemplomot \u00e1br\u00e1zolja. Ez az els\u0151 olyan miniszobor Ungv\u00e1ron, amely nem szem\u00e9lyt, t\u00e1rgyat vagy legend\u00e1s mot\u00edvumot jelen\u00edt meg, hanem \u00e9p\u00edt\u00e9szeti eml\u00e9ket. A kompoz\u00edci\u00f3 Roman Murnik \u00e9s Rom\u00e1n J\u00e1nos P\u00e1l szobr\u00e1szm\u0171v\u00e9szek alkot\u00e1sa.<\/p>\n<p>\u200bA Munk\u00e1csi R\u00f3mai Katolikus Egyh\u00e1zmegye ordin\u00e1rius\u00e1t, Lucsok Mikl\u00f3s OP p\u00fcsp\u00f6k\u00f6t Gerzanics Szerhij atya, p\u00fcsp\u00f6ki irodaigazgat\u00f3 k\u00e9pviselte. A Katolikus Egyh\u00e1z keleti \u00e9s nyugati r\u00edtus\u00fa egyh\u00e1zai mindm\u00e1ig b\u00e9k\u00e9s egyet\u00e9rt\u00e9sben, \u00f6sszhangban m\u0171k\u00f6dnek egy\u00fctt K\u00e1rp\u00e1talj\u00e1n.<\/p>\n\n\t\t<style type=\"text\/css\">\n\t\t\t#gallery-1 {\n\t\t\t\tmargin: auto;\n\t\t\t}\n\t\t\t#gallery-1 .gallery-item {\n\t\t\t\tfloat: left;\n\t\t\t\tmargin-top: 10px;\n\t\t\t\ttext-align: center;\n\t\t\t\twidth: 33%;\n\t\t\t}\n\t\t\t#gallery-1 img {\n\t\t\t\tborder: 2px solid #cfcfcf;\n\t\t\t}\n\t\t\t#gallery-1 .gallery-caption {\n\t\t\t\tmargin-left: 0;\n\t\t\t}\n\t\t\t\/* see gallery_shortcode() in wp-includes\/media.php *\/\n\t\t<\/style>\n\t\t<div id='gallery-1' class='gallery galleryid-15341 gallery-columns-3 gallery-size-full'><dl class='gallery-item'>\n\t\t\t<dt class='gallery-icon landscape'>\n\t\t\t\t<a href='https:\/\/munkacs-diocese.org\/hu\/wp-content\/uploads\/2026\/04\/380-r-uzhgorodskij-uniyi-002.jpg'><img loading=\"lazy\" decoding=\"async\" width=\"2048\" height=\"1536\" src=\"https:\/\/munkacs-diocese.org\/hu\/wp-content\/uploads\/2026\/04\/380-r-uzhgorodskij-uniyi-002.jpg\" class=\"attachment-full size-full\" alt=\"\" srcset=\"https:\/\/munkacs-diocese.org\/hu\/wp-content\/uploads\/2026\/04\/380-r-uzhgorodskij-uniyi-002.jpg 2048w, https:\/\/munkacs-diocese.org\/hu\/wp-content\/uploads\/2026\/04\/380-r-uzhgorodskij-uniyi-002-300x225.jpg 300w, https:\/\/munkacs-diocese.org\/hu\/wp-content\/uploads\/2026\/04\/380-r-uzhgorodskij-uniyi-002-1024x768.jpg 1024w, https:\/\/munkacs-diocese.org\/hu\/wp-content\/uploads\/2026\/04\/380-r-uzhgorodskij-uniyi-002-768x576.jpg 768w, https:\/\/munkacs-diocese.org\/hu\/wp-content\/uploads\/2026\/04\/380-r-uzhgorodskij-uniyi-002-1536x1152.jpg 1536w, https:\/\/munkacs-diocese.org\/hu\/wp-content\/uploads\/2026\/04\/380-r-uzhgorodskij-uniyi-002-1080x810.jpg 1080w\" sizes=\"(max-width: 2048px) 100vw, 2048px\" \/><\/a>\n\t\t\t<\/dt><\/dl><dl class='gallery-item'>\n\t\t\t<dt class='gallery-icon landscape'>\n\t\t\t\t<a href='https:\/\/munkacs-diocese.org\/hu\/wp-content\/uploads\/2026\/04\/380-r-uzhgorodskij-uniyi-003.jpg'><img loading=\"lazy\" decoding=\"async\" width=\"2048\" height=\"1536\" src=\"https:\/\/munkacs-diocese.org\/hu\/wp-content\/uploads\/2026\/04\/380-r-uzhgorodskij-uniyi-003.jpg\" class=\"attachment-full size-full\" alt=\"\" srcset=\"https:\/\/munkacs-diocese.org\/hu\/wp-content\/uploads\/2026\/04\/380-r-uzhgorodskij-uniyi-003.jpg 2048w, https:\/\/munkacs-diocese.org\/hu\/wp-content\/uploads\/2026\/04\/380-r-uzhgorodskij-uniyi-003-300x225.jpg 300w, https:\/\/munkacs-diocese.org\/hu\/wp-content\/uploads\/2026\/04\/380-r-uzhgorodskij-uniyi-003-1024x768.jpg 1024w, https:\/\/munkacs-diocese.org\/hu\/wp-content\/uploads\/2026\/04\/380-r-uzhgorodskij-uniyi-003-768x576.jpg 768w, https:\/\/munkacs-diocese.org\/hu\/wp-content\/uploads\/2026\/04\/380-r-uzhgorodskij-uniyi-003-1536x1152.jpg 1536w, https:\/\/munkacs-diocese.org\/hu\/wp-content\/uploads\/2026\/04\/380-r-uzhgorodskij-uniyi-003-1080x810.jpg 1080w\" sizes=\"(max-width: 2048px) 100vw, 2048px\" \/><\/a>\n\t\t\t<\/dt><\/dl><dl class='gallery-item'>\n\t\t\t<dt class='gallery-icon landscape'>\n\t\t\t\t<a href='https:\/\/munkacs-diocese.org\/hu\/wp-content\/uploads\/2026\/04\/380-r-uzhgorodskij-uniyi-004.jpg'><img loading=\"lazy\" decoding=\"async\" width=\"2048\" height=\"1536\" src=\"https:\/\/munkacs-diocese.org\/hu\/wp-content\/uploads\/2026\/04\/380-r-uzhgorodskij-uniyi-004.jpg\" class=\"attachment-full size-full\" alt=\"\" srcset=\"https:\/\/munkacs-diocese.org\/hu\/wp-content\/uploads\/2026\/04\/380-r-uzhgorodskij-uniyi-004.jpg 2048w, https:\/\/munkacs-diocese.org\/hu\/wp-content\/uploads\/2026\/04\/380-r-uzhgorodskij-uniyi-004-300x225.jpg 300w, https:\/\/munkacs-diocese.org\/hu\/wp-content\/uploads\/2026\/04\/380-r-uzhgorodskij-uniyi-004-1024x768.jpg 1024w, https:\/\/munkacs-diocese.org\/hu\/wp-content\/uploads\/2026\/04\/380-r-uzhgorodskij-uniyi-004-768x576.jpg 768w, https:\/\/munkacs-diocese.org\/hu\/wp-content\/uploads\/2026\/04\/380-r-uzhgorodskij-uniyi-004-1536x1152.jpg 1536w, https:\/\/munkacs-diocese.org\/hu\/wp-content\/uploads\/2026\/04\/380-r-uzhgorodskij-uniyi-004-1080x810.jpg 1080w\" sizes=\"(max-width: 2048px) 100vw, 2048px\" \/><\/a>\n\t\t\t<\/dt><\/dl><br style=\"clear: both\" \/>\n\t\t<\/div>\n\n<p>Az ungv\u00e1ri uni\u00f3t 1646. \u00e1prilis 24-\u00e9n k\u00f6t\u00f6tt\u00e9k meg az ungv\u00e1ri v\u00e1rban. \u00a063 ortodox vall\u00e1s\u00fa k\u00e1rp\u00e1taljai pap \u2013 Vaszil Taraszovics vezet\u00e9s\u00e9vel \u2013 al\u00e1\u00edrta az egyes\u00fcl\u00e9sr\u0151l sz\u00f3l\u00f3 okiratot a R\u00f3mai Katolikus Egyh\u00e1zzal, amelyet Jakusics Gy\u00f6rgy egri p\u00fcsp\u00f6k k\u00e9pviselt. Az uni\u00f3 biztos\u00edtotta a keleti r\u00edtus, az egyh\u00e1zi szl\u00e1v nyelv \u00e9s a saj\u00e1t p\u00fcsp\u00f6kv\u00e1laszt\u00e1s jog\u00e1nak megtart\u00e1s\u00e1t, valamint az egyh\u00e1zi \u00fcgyekben val\u00f3 auton\u00f3mi\u00e1t a r\u00f3mai p\u00e1pa fennhat\u00f3s\u00e1g\u00e1nak elismer\u00e9se mellett.<\/p>\n<p>A Katolikus Egyh\u00e1zhoz \u00f6sszesen 23 sui iuris (<em>saj\u00e1tjog\u00fa<\/em>)\u00a0<em>keleti<\/em>\u00a0egyh\u00e1z tartozik.<\/p>\n<p style=\"text-align: right;\"><em>Fot\u00f3: <a href=\"https:\/\/www.facebook.com\/mgce.uz.ua\/posts\/pfbid026p1jKQwY7PGXbKje5oZitcGDC93VqqJx3G1tyANLhqEYQUdNUTnQWtdyKiFwcVN2l\" target=\"_blank\" rel=\"noopener\">a Munk\u00e1csi G\u00f6r\u00f6gkatolikus Egyh\u00e1zmegye\u00a0Facebook oldala<\/a><\/em><\/p>\n","protected":false},"excerpt":{"rendered":"<p>2026. \u00e1prilis 24-\u00e9n rendezt\u00e9k meg Ungv\u00e1ron \u201e Az ungv\u00e1ri uni\u00f3 380 \u00e9ves: t\u00f6rt\u00e9nelmi jelent\u0151s\u00e9g \u00e9s kultur\u00e1lis \u00f6r\u00f6ks\u00e9g\u201d c\u00edm\u0171 nemzetk\u00f6zi tudom\u00e1nyos-gyakorlati konferenci\u00e1t. \u200bAz ungv\u00e1ri v\u00e1r egykori szemin\u00e1riumi k\u00e1poln\u00e1j\u00e1ban tartott esem\u00e9nyen r\u00e9szt vett Teodor Macapula IVE, a Munk\u00e1csi G\u00f6r\u00f6gkatolikus Egyh\u00e1zmegye f\u0151p\u00e1sztora, valamint Nil Luscsak OFM seg\u00e9dp\u00fcsp\u00f6k. A konferencia keret\u00e9ben tematikus szekci\u00f3\u00fcl\u00e9seket tartottak, \u00e9s a K\u00e1rp\u00e1taljai Megyei Tan\u00e1cs [&hellip;]<\/p>\n","protected":false},"author":1,"featured_media":15342,"comment_status":"open","ping_status":"open","sticky":false,"template":"","format":"standard","meta":{"_acf_changed":false,"_et_pb_use_builder":"","_et_pb_old_content":"","_et_gb_content_width":"","footnotes":""},"categories":[59],"tags":[],"class_list":["post-15341","post","type-post","status-publish","format-standard","has-post-thumbnail","hentry","category-egyhazmegyenk-hirei","et-has-post-format-content","et_post_format-et-post-format-standard"],"acf":[],"_links":{"self":[{"href":"https:\/\/munkacs-diocese.org\/hu\/wp-json\/wp\/v2\/posts\/15341"}],"collection":[{"href":"https:\/\/munkacs-diocese.org\/hu\/wp-json\/wp\/v2\/posts"}],"about":[{"href":"https:\/\/munkacs-diocese.org\/hu\/wp-json\/wp\/v2\/types\/post"}],"author":[{"embeddable":true,"href":"https:\/\/munkacs-diocese.org\/hu\/wp-json\/wp\/v2\/users\/1"}],"replies":[{"embeddable":true,"href":"https:\/\/munkacs-diocese.org\/hu\/wp-json\/wp\/v2\/comments?post=15341"}],"version-history":[{"count":5,"href":"https:\/\/munkacs-diocese.org\/hu\/wp-json\/wp\/v2\/posts\/15341\/revisions"}],"predecessor-version":[{"id":15354,"href":"https:\/\/munkacs-diocese.org\/hu\/wp-json\/wp\/v2\/posts\/15341\/revisions\/15354"}],"wp:featuredmedia":[{"embeddable":true,"href":"https:\/\/munkacs-diocese.org\/hu\/wp-json\/wp\/v2\/media\/15342"}],"wp:attachment":[{"href":"https:\/\/munkacs-diocese.org\/hu\/wp-json\/wp\/v2\/media?parent=15341"}],"wp:term":[{"taxonomy":"category","embeddable":true,"href":"https:\/\/munkacs-diocese.org\/hu\/wp-json\/wp\/v2\/categories?post=15341"},{"taxonomy":"post_tag","embeddable":true,"href":"https:\/\/munkacs-diocese.org\/hu\/wp-json\/wp\/v2\/tags?post=15341"}],"curies":[{"name":"wp","href":"https:\/\/api.w.org\/{rel}","templated":true}]}}