{"id":15338,"date":"2026-04-27T13:33:37","date_gmt":"2026-04-27T11:33:37","guid":{"rendered":"https:\/\/munkacs-diocese.org\/hu\/?p=15338"},"modified":"2026-04-27T13:33:37","modified_gmt":"2026-04-27T11:33:37","slug":"az-atomenergia-felhasznalasa-szolgalja-mindig-az-eletet-es-a-beket-leo-papa-felhivasa","status":"publish","type":"post","link":"https:\/\/munkacs-diocese.org\/hu\/2026\/04\/27\/az-atomenergia-felhasznalasa-szolgalja-mindig-az-eletet-es-a-beket-leo-papa-felhivasa\/","title":{"rendered":"Az atomenergia felhaszn\u00e1l\u00e1sa szolg\u00e1lja mindig az \u00e9letet \u00e9s a b\u00e9k\u00e9t \u2013 Le\u00f3 p\u00e1pa felh\u00edv\u00e1sa"},"content":{"rendered":"<div id=\"fb-root\"><\/div>\n<p>A Regina Coeli elim\u00e1dkoz\u00e1s\u00e1t k\u00f6vet\u0151en a p\u00e1pa eml\u00e9keztetett r\u00e1, hogy \u00e1prilis 26-\u00e1n van a csernobili katasztr\u00f3fa 40. \u00e9vfordul\u00f3ja, amely maradand\u00f3 nyomot hagyott az emberis\u00e9g lelkiismeret\u00e9ben.<\/p>\n<p>Ez a tragikus baleset tov\u00e1bbra is figyelmeztet azokra a kock\u00e1zatokra, amelyeket az egyre nagyobb hat\u00e1s\u00fa technol\u00f3gi\u00e1k haszn\u00e1lata jelent \u2013 mondta a Szentatya, majd Isten irgalm\u00e1ra b\u00edzta az \u00e1ldozatokat \u00e9s mindazokat, akik tov\u00e1bbra is szenvednek a szerencs\u00e9tlens\u00e9g k\u00f6vetkezm\u00e9nyeit\u0151l. Annak a rem\u00e9ny\u00e9nek adott hangot, hogy a d\u00f6nt\u00e9shozatalok minden szintj\u00e9n mindig a helyes megk\u00fcl\u00f6nb\u00f6ztet\u00e9s \u00e9s a felel\u0151ss\u00e9g fog \u00e9rv\u00e9nyes\u00fclni, hogy az atomenergia minden felhaszn\u00e1l\u00e1sa az \u00e9letet \u00e9s a b\u00e9k\u00e9t szolg\u00e1lja.<\/p>\n<p><strong>K\u00eds\u00e9rj\u00fck im\u00e1inkkal az \u00fajonnan felszentelt fiatal papokat<\/strong><\/p>\n<p>A p\u00e1pa ezut\u00e1n k\u00f6sz\u00f6nt\u00f6tte a r\u00f3mai h\u00edveket \u00e9s a k\u00fcl\u00f6nb\u00f6z\u0151 orsz\u00e1gokb\u00f3l \u00e9rkezett zar\u00e1ndokokat, k\u00f6z\u00f6tt\u00fck a Habsburg-Lotaringiai-h\u00e1z Eur\u00f3pai Rendj\u00e9nek lovagjait \u00e9s d\u00e1m\u00e1it, ukrajnai gyermekek egy t\u00e1nccsoportj\u00e1t, a nagyszombati f\u0151egyh\u00e1zmegye\u00a0<em>Cantica Sacra<\/em>\u00a0k\u00f3rus\u00e1t, b\u00e9csi, madridi \u00e9s a Kan\u00e1ri-szigetekr\u0151l \u00e9rkezett h\u00edveket, valamint a lisszaboni Szent Tam\u00e1s iskola igazgat\u00f3it \u00e9s tan\u00e1rait. Az it\u00e1liai csoportok k\u00f6z\u00f6tt Le\u00f3 p\u00e1pa \u00fcdv\u00f6z\u00f6lte az Isteni Irgalmass\u00e1g apostolai t\u00e1rsulata \u00e1ltal szervezett \u00f6sszej\u00f6vetel r\u00e9sztvev\u0151it.<\/p>\n<p>V\u00e9g\u00fcl Le\u00f3 p\u00e1pa a Szent P\u00e9ter bazilik\u00e1ban vas\u00e1rnap d\u00e9lel\u0151tt a R\u00f3mai Egyh\u00e1zmegye \u00e1ltala felszentelt papjainak csal\u00e1dtagjait \u00e9s bar\u00e1tait k\u00f6sz\u00f6nt\u00f6tte, arra k\u00e9rve \u0151ket, hogy k\u00eds\u00e9rj\u00e9k mindig im\u00e1ikkal az evang\u00e9liumnak ezeket a fiatal szolg\u00e1it.<\/p>\n<p style=\"text-align: right;\"><em>Forr\u00e1s &#8211; <a href=\"https:\/\/www.vaticannews.va\/hu\/papa\/news\/2026-04\/papa-regina-coeli-felhivas-csernobil-atomenergia-bekes-cel-elet.html\" target=\"_blank\" rel=\"noopener\">www.vaticannews.va<\/a><\/em><\/p>\n","protected":false},"excerpt":{"rendered":"<p>A Regina Coeli elim\u00e1dkoz\u00e1s\u00e1t k\u00f6vet\u0151en a p\u00e1pa eml\u00e9keztetett r\u00e1, hogy \u00e1prilis 26-\u00e1n van a csernobili katasztr\u00f3fa 40. \u00e9vfordul\u00f3ja, amely maradand\u00f3 nyomot hagyott az emberis\u00e9g lelkiismeret\u00e9ben. Ez a tragikus baleset tov\u00e1bbra is figyelmeztet azokra a kock\u00e1zatokra, amelyeket az egyre nagyobb hat\u00e1s\u00fa technol\u00f3gi\u00e1k haszn\u00e1lata jelent \u2013 mondta a Szentatya, majd Isten irgalm\u00e1ra b\u00edzta az \u00e1ldozatokat \u00e9s mindazokat, [&hellip;]<\/p>\n","protected":false},"author":1,"featured_media":15339,"comment_status":"open","ping_status":"open","sticky":false,"template":"","format":"standard","meta":{"_acf_changed":false,"_et_pb_use_builder":"","_et_pb_old_content":"","_et_gb_content_width":"","footnotes":""},"categories":[60],"tags":[],"class_list":["post-15338","post","type-post","status-publish","format-standard","has-post-thumbnail","hentry","category-egyeb-egyhazi-hirek","et-has-post-format-content","et_post_format-et-post-format-standard"],"acf":[],"_links":{"self":[{"href":"https:\/\/munkacs-diocese.org\/hu\/wp-json\/wp\/v2\/posts\/15338"}],"collection":[{"href":"https:\/\/munkacs-diocese.org\/hu\/wp-json\/wp\/v2\/posts"}],"about":[{"href":"https:\/\/munkacs-diocese.org\/hu\/wp-json\/wp\/v2\/types\/post"}],"author":[{"embeddable":true,"href":"https:\/\/munkacs-diocese.org\/hu\/wp-json\/wp\/v2\/users\/1"}],"replies":[{"embeddable":true,"href":"https:\/\/munkacs-diocese.org\/hu\/wp-json\/wp\/v2\/comments?post=15338"}],"version-history":[{"count":1,"href":"https:\/\/munkacs-diocese.org\/hu\/wp-json\/wp\/v2\/posts\/15338\/revisions"}],"predecessor-version":[{"id":15340,"href":"https:\/\/munkacs-diocese.org\/hu\/wp-json\/wp\/v2\/posts\/15338\/revisions\/15340"}],"wp:featuredmedia":[{"embeddable":true,"href":"https:\/\/munkacs-diocese.org\/hu\/wp-json\/wp\/v2\/media\/15339"}],"wp:attachment":[{"href":"https:\/\/munkacs-diocese.org\/hu\/wp-json\/wp\/v2\/media?parent=15338"}],"wp:term":[{"taxonomy":"category","embeddable":true,"href":"https:\/\/munkacs-diocese.org\/hu\/wp-json\/wp\/v2\/categories?post=15338"},{"taxonomy":"post_tag","embeddable":true,"href":"https:\/\/munkacs-diocese.org\/hu\/wp-json\/wp\/v2\/tags?post=15338"}],"curies":[{"name":"wp","href":"https:\/\/api.w.org\/{rel}","templated":true}]}}