{"id":15335,"date":"2026-04-27T13:32:26","date_gmt":"2026-04-27T11:32:26","guid":{"rendered":"https:\/\/munkacs-diocese.org\/hu\/?p=15335"},"modified":"2026-04-27T13:32:26","modified_gmt":"2026-04-27T11:32:26","slug":"jezus-azert-jott-el-hogy-eletunk-legyen-es-bosegben-legyen-leo-papa-regina-coeli-imaja","status":"publish","type":"post","link":"https:\/\/munkacs-diocese.org\/hu\/2026\/04\/27\/jezus-azert-jott-el-hogy-eletunk-legyen-es-bosegben-legyen-leo-papa-regina-coeli-imaja\/","title":{"rendered":"J\u00e9zus az\u00e9rt j\u00f6tt el, hogy \u00e9let\u00fcnk legyen \u00e9s b\u0151s\u00e9gben legyen \u2013 Le\u00f3 p\u00e1pa Regina Coeli im\u00e1ja"},"content":{"rendered":"<div id=\"fb-root\"><\/div>\n<p>J\u00f3 P\u00e1sztor vas\u00e1rnapj\u00e1n d\u00e9lben XIV. Le\u00f3 p\u00e1pa a vatik\u00e1ni Apostoli Palot\u00e1ban l\u00e9v\u0151 dolgoz\u00f3szob\u00e1ja ablak\u00e1b\u00f3l k\u00f6sz\u00f6nt\u00f6tte a Szent P\u00e9ter teret megt\u00f6lt\u0151 h\u00edveket \u00e9s im\u00e1dkozta el a Regina Coeli M\u00e1ria im\u00e1t. J\u00e9zus elvezet benn\u00fcnket a helyes \u00fatra, bek\u00f6t\u00f6zi sebeinket \u00e9s b\u00f6lcsess\u00e9ge f\u00e9ny\u00e9vel megvil\u00e1gos\u00edtja lelkiismeret\u00fcnket \u2013 tan\u00edtotta katek\u00e9zis\u00e9ben a Szentatya H\u00fasv\u00e9t negyedik vas\u00e1rnapj\u00e1n, amikor az egyh\u00e1z a papi \u00e9s szerzetesi hivat\u00e1sok\u00e9rt im\u00e1dkozik.<\/p>\n<p>Kedves testv\u00e9rek, sz\u00e9p napot \u00e9s sz\u00e9p vas\u00e1rnapot k\u00edv\u00e1nok! Mik\u00f6zben folytatjuk utunkat a h\u00fasv\u00e9ti id\u0151szakban, a vas\u00e1rnapi evang\u00e9liumi szakaszban J\u00e9zus egy p\u00e1sztorhoz, majd a juhakol ajtaj\u00e1hoz hasonl\u00edtja mag\u00e1t (v\u00f6.\u00a0<em>Jn<\/em>\u00a010,1-10) \u2013 kezdte besz\u00e9d\u00e9t Le\u00f3 p\u00e1pa, r\u00e1mutatva, hogy J\u00e9zus szembe \u00e1ll\u00edtja egym\u00e1ssal a p\u00e1sztort \u00e9s a tolvajt: \u201eAki nem a kapun megy be a juhok akl\u00e1ba, hanem m\u00e1shol, az tolvaj \u00e9s rabl\u00f3\u201d. K\u00e9s\u0151bb pedig m\u00e9g vil\u00e1gosabban fogalmaz: \u201eA tolvaj csak az\u00e9rt j\u00f6n, hogy lopjon, \u00f6lj\u00f6n \u00e9s puszt\u00edtson; \u00e9n az\u00e9rt j\u00f6ttem, hogy \u00e9let\u00fck legyen, \u00e9s b\u0151s\u00e9gben legyen\u201d. A k\u00fcl\u00f6nbs\u00e9g egy\u00e9rtelm\u0171: a p\u00e1sztornak k\u00fcl\u00f6nleges kapcsolata van a juhaival, ez\u00e9rt bemehet a juhakol ajtaj\u00e1n; ha viszont valakinek \u00e1t kell m\u00e1sznia a ker\u00edt\u00e9sen, akkor az biztosan egy tolvaj, aki el akarja lopni a juhokat.<\/p>\n<p><strong>J\u00e9zus a helyes \u00fatra vezet el benn\u00fcnket<\/strong><\/p>\n<p>J\u00e9zus azt mondja nek\u00fcnk, hogy bar\u00e1ti kapcsolat f\u0171zi hozz\u00e1nk: ismer minket, nev\u00fcnk\u00f6n sz\u00f3l\u00edt, vezet benn\u00fcnket, \u00e9s ahogy a p\u00e1sztor teszi a juhokkal, megkeres minket, amikor elt\u00e9ved\u00fcnk, \u00e9s bek\u00f6t\u00f6zi a sebeinket amikor betegek vagyunk (v\u00f6.\u00a0<em>Ez<\/em>\u00a034,16). J\u00e9zus nem \u00fagy j\u00f6n, mint egy tolvaj, hogy ellopja az \u00e9let\u00fcnket \u00e9s a szabads\u00e1gunkat, hanem hogy a helyes \u00fatra vezessen benn\u00fcnket. Nem az\u00e9rt j\u00f6n, hogy elrabolja vagy megt\u00e9vessze a lelkiismeret\u00fcnket, hanem hogy megvil\u00e1g\u00edtsa azt b\u00f6lcsess\u00e9g\u00e9nek f\u00e9ny\u00e9vel. Nem az\u00e9rt j\u00f6n, hogy megkeser\u00edtse f\u00f6ldi \u00f6r\u00f6meinket, hanem hogy megnyissa azokat egy teljesebb \u00e9s tart\u00f3sabb boldogs\u00e1g fel\u00e9. Aki \u0150r\u00e1 b\u00edzza mag\u00e1t, annak nincs mit\u0151l f\u00e9lnie: \u0150 nem sebzi meg \u00e9let\u00fcnket, hanem az\u00e9rt j\u00f6n, hogy b\u0151s\u00e9gesen megaj\u00e1nd\u00e9kozzon vele.<\/p>\n<p><strong>Azok is \u201etolvajok\u201d, akik v\u00e9res h\u00e1bor\u00fakkal elrabolj\u00e1k a b\u00e9k\u00e9s j\u00f6v\u0151t<\/strong><\/p>\n<p>A p\u00e1pa arra k\u00e9rt, hogy gondolkodjunk el ezen \u00e9s mindenekel\u0151tt \u0151rizz\u00fck meg sz\u00edv\u00fcnk \u00e9s \u00e9let\u00fcnk ker\u00edt\u00e9s\u00e9t, mert aki bel\u00e9p oda, megsokszorozhatja \u00f6r\u00f6m\u00fcnket, vagy, ak\u00e1r mint egy tolvaj, el is lophatja azt. \u00a0A Szentatya ezut\u00e1n felsorolta a \u201etolvajok\u201d sokf\u00e9le arc\u00e1t: k\u00f6z\u00e9j\u00fck tartoznak azok, akik a l\u00e1tszat ellen\u00e9re elfojtj\u00e1k szabads\u00e1gunkat, vagy nem tisztelik m\u00e9lt\u00f3s\u00e1gunkat; azok a meggy\u0151z\u0151d\u00e9sek \u00e9s el\u0151\u00edt\u00e9letek, amelyek megakad\u00e1lyozz\u00e1k, hogy der\u0171s szemmel n\u00e9zz\u00fcnk m\u00e1sokra \u00e9s az \u00e9letre, azok a t\u00e9ves elk\u00e9pzel\u00e9sek, amelyek rossz d\u00f6nt\u00e9sekhez vezethetnek; olyan felsz\u00ednes vagy fogyaszt\u00f3i \u00e9letm\u00f3dok, amelyek bels\u0151leg ki\u00fcres\u00edtenek benn\u00fcnket, \u00e9s arra k\u00e9sztetnek, hogy mindig \u00f6nmagunkon k\u00edv\u00fcl \u00e9lj\u00fcnk. Le\u00f3 p\u00e1pa sz\u00f3lt azokr\u00f3l a \u201etolvajokr\u00f3l\u201d is, akik kifosztj\u00e1k a f\u00f6ld er\u0151forr\u00e1sait, akik v\u00e9res h\u00e1bor\u00fakat v\u00edvnak, vagy b\u00e1rmilyen form\u00e1ban a gonoszt t\u00e1pl\u00e1lva nem tesznek m\u00e1st, mint hogy mindannyiunkt\u00f3l elrabolj\u00e1k a b\u00e9k\u00e9s \u00e9s nyugodt j\u00f6v\u0151 lehet\u0151s\u00e9g\u00e9t.<\/p>\n<p><strong>J\u00e9zus, a J\u00f3 P\u00e1sztor b\u0151s\u00e9ges \u00e9letet k\u00edn\u00e1l fel nek\u00fcnk<\/strong><\/p>\n<p>XIV. Le\u00f3 p\u00e1pa arra buzd\u00edtott, hogy tegy\u00fck fel magunknak a k\u00e9rd\u00e9seket: kit v\u00e1lasztunk, hogy ir\u00e1ny\u00edtsa az \u00e9let\u00fcnket? Kik azok a \u201etolvajok\u201d, akik megpr\u00f3b\u00e1ltak behatolni hozz\u00e1nk a ker\u00edt\u00e9s\u00fcnk\u00f6n \u00e1t? Siker\u00fclt nekik, vagy k\u00e9pesek voltunk el\u0171zni \u0151ket?<\/p>\n<p>A mai evang\u00e9lium arra h\u00edv minket, hogy b\u00edzzunk az \u00darban: \u0150 nem az\u00e9rt j\u00f6n, hogy elvegyen t\u0151l\u00fcnk valamit, hanem \u00e9ppen ellenkez\u0151leg, \u0150 a J\u00f3 P\u00e1sztor, aki megsokszorozza az \u00e9letet, \u00e9s azt b\u0151s\u00e9gesen felk\u00edn\u00e1lja nek\u00fcnk \u2013 mondta besz\u00e9de v\u00e9g\u00e9n Le\u00f3 p\u00e1pa, az\u00e9rt foh\u00e1szkodva Sz\u0171z M\u00e1ri\u00e1hoz, hogy k\u00eds\u00e9rjen minket mindig utunkon, \u00e9s j\u00e1rjon k\u00f6zben \u00e9rt\u00fcnk \u00e9s az eg\u00e9sz vil\u00e1g\u00e9rt.<\/p>\n<p style=\"text-align: right;\"><em>Forr\u00e1s &#8211; <a href=\"https:\/\/www.vaticannews.va\/hu\/papa\/news\/2026-04\/papa-regina-coeli-jo-pasztor-vasarnap-elet-boseg-nyitott-kapu.html\" target=\"_blank\" rel=\"noopener\">www.vaticannews.va<\/a><\/em><\/p>\n","protected":false},"excerpt":{"rendered":"<p>J\u00f3 P\u00e1sztor vas\u00e1rnapj\u00e1n d\u00e9lben XIV. Le\u00f3 p\u00e1pa a vatik\u00e1ni Apostoli Palot\u00e1ban l\u00e9v\u0151 dolgoz\u00f3szob\u00e1ja ablak\u00e1b\u00f3l k\u00f6sz\u00f6nt\u00f6tte a Szent P\u00e9ter teret megt\u00f6lt\u0151 h\u00edveket \u00e9s im\u00e1dkozta el a Regina Coeli M\u00e1ria im\u00e1t. J\u00e9zus elvezet benn\u00fcnket a helyes \u00fatra, bek\u00f6t\u00f6zi sebeinket \u00e9s b\u00f6lcsess\u00e9ge f\u00e9ny\u00e9vel megvil\u00e1gos\u00edtja lelkiismeret\u00fcnket \u2013 tan\u00edtotta katek\u00e9zis\u00e9ben a Szentatya H\u00fasv\u00e9t negyedik vas\u00e1rnapj\u00e1n, amikor az egyh\u00e1z a papi [&hellip;]<\/p>\n","protected":false},"author":1,"featured_media":15336,"comment_status":"open","ping_status":"open","sticky":false,"template":"","format":"standard","meta":{"_acf_changed":false,"_et_pb_use_builder":"","_et_pb_old_content":"","_et_gb_content_width":"","footnotes":""},"categories":[60],"tags":[],"class_list":["post-15335","post","type-post","status-publish","format-standard","has-post-thumbnail","hentry","category-egyeb-egyhazi-hirek","et-has-post-format-content","et_post_format-et-post-format-standard"],"acf":[],"_links":{"self":[{"href":"https:\/\/munkacs-diocese.org\/hu\/wp-json\/wp\/v2\/posts\/15335"}],"collection":[{"href":"https:\/\/munkacs-diocese.org\/hu\/wp-json\/wp\/v2\/posts"}],"about":[{"href":"https:\/\/munkacs-diocese.org\/hu\/wp-json\/wp\/v2\/types\/post"}],"author":[{"embeddable":true,"href":"https:\/\/munkacs-diocese.org\/hu\/wp-json\/wp\/v2\/users\/1"}],"replies":[{"embeddable":true,"href":"https:\/\/munkacs-diocese.org\/hu\/wp-json\/wp\/v2\/comments?post=15335"}],"version-history":[{"count":1,"href":"https:\/\/munkacs-diocese.org\/hu\/wp-json\/wp\/v2\/posts\/15335\/revisions"}],"predecessor-version":[{"id":15337,"href":"https:\/\/munkacs-diocese.org\/hu\/wp-json\/wp\/v2\/posts\/15335\/revisions\/15337"}],"wp:featuredmedia":[{"embeddable":true,"href":"https:\/\/munkacs-diocese.org\/hu\/wp-json\/wp\/v2\/media\/15336"}],"wp:attachment":[{"href":"https:\/\/munkacs-diocese.org\/hu\/wp-json\/wp\/v2\/media?parent=15335"}],"wp:term":[{"taxonomy":"category","embeddable":true,"href":"https:\/\/munkacs-diocese.org\/hu\/wp-json\/wp\/v2\/categories?post=15335"},{"taxonomy":"post_tag","embeddable":true,"href":"https:\/\/munkacs-diocese.org\/hu\/wp-json\/wp\/v2\/tags?post=15335"}],"curies":[{"name":"wp","href":"https:\/\/api.w.org\/{rel}","templated":true}]}}