{"id":15331,"date":"2026-04-26T08:00:48","date_gmt":"2026-04-26T06:00:48","guid":{"rendered":"https:\/\/munkacs-diocese.org\/hu\/?p=15331"},"modified":"2026-04-25T22:20:53","modified_gmt":"2026-04-25T20:20:53","slug":"xiv-leo-papa-uzenete-a-hivatasok-63-vilagnapjara-isten-ajandekanak-belso-felfedezese","status":"publish","type":"post","link":"https:\/\/munkacs-diocese.org\/hu\/2026\/04\/26\/xiv-leo-papa-uzenete-a-hivatasok-63-vilagnapjara-isten-ajandekanak-belso-felfedezese\/","title":{"rendered":"XIV. Le\u00f3 p\u00e1pa \u00fczenete a hivat\u00e1sok 63. vil\u00e1gnapj\u00e1ra: Isten aj\u00e1nd\u00e9k\u00e1nak bels\u0151 felfedez\u00e9se"},"content":{"rendered":"<div id=\"fb-root\"><\/div>\n<p>A hivat\u00e1sok vil\u00e1gnapj\u00e1t, amikor papi \u00e9s szerzetesi hivat\u00e1sok\u00e9rt im\u00e1dkozik Anyaszentegyh\u00e1z, Szent VI. P\u00e1l p\u00e1pa alap\u00edtotta 1964-ben, a II. Vatik\u00e1ni Zsinat idej\u00e9n. Az\u00f3ta a p\u00e1p\u00e1k minden \u00e9vben \u00fczenettel fordulnak Isten eg\u00e9sz n\u00e9p\u00e9hez, \u00e9s a hivat\u00e1s egy-egy jelent\u0151s titk\u00e1t megvil\u00e1g\u00edtva elm\u00e9lkednek az isteni megh\u00edv\u00e1s fontoss\u00e1g\u00e1r\u00f3l \u00e9s jelent\u0151s\u00e9g\u00e9r\u0151l. XIV. Le\u00f3 p\u00e1pa ez\u00e9vi \u00fczenet\u00e9t a hivat\u00e1sok 63. vil\u00e1gnapj\u00e1ra \u201eIsten aj\u00e1nd\u00e9k\u00e1nak bels\u0151 felfedez\u00e9se\u201d c\u00edmmel \u00edrta.<\/p>\n<p>Kedves testv\u00e9reim, kedves fiatalok! A felt\u00e1madt J\u00e9zus vezet\u00e9s\u00e9vel \u00e9s oltalma alatt h\u00fasv\u00e9t negyedik vas\u00e1rnapj\u00e1n, \u201ea J\u00f3 P\u00e1sztor vas\u00e1rnapj\u00e1n\u201d tartjuk a hivat\u00e1sok 63. vil\u00e1gnapj\u00e1t. Ez kegyelmi alkalom arra, hogy megosszak n\u00e9h\u00e1ny gondolatot a hivat\u00e1s bels\u0151 dimenzi\u00f3j\u00e1r\u00f3l, melyet \u00fagy \u00e9rt\u00fcnk, mint Isten azon ingyenes aj\u00e1nd\u00e9k\u00e1nak felfedez\u00e9s\u00e9t, amely sz\u00edv\u00fcnk m\u00e9ly\u00e9n sarjad \u00e9s bontakozik ki. J\u00e1rjuk v\u00e9gig h\u00e1t egy\u00fctt egy igaz\u00e1n sz\u00e9p \u00e9letnek az \u00fatj\u00e1t, amelyet a P\u00e1sztor mutat nek\u00fcnk!<\/p>\n<p><strong>A sz\u00e9ps\u00e9g \u00fatja<\/strong><\/p>\n<p>J\u00e1nos evang\u00e9lium\u00e1ban J\u00e9zus sz\u00f3 szerint \u00edgy hat\u00e1rozza meg mag\u00e1t: \u201ea sz\u00e9p p\u00e1sztor\u201d (\u1f41 \u03c0\u03bf\u03b9\u03bc\u1f74\u03bd \u1f41 \u03ba\u03b1\u03bb\u03cc\u03c2) (Jn 10,11). Ez a kifejez\u00e9s egy t\u00f6k\u00e9letes, hiteles, p\u00e9ldamutat\u00f3 p\u00e1sztorra utal, aki k\u00e9sz \u00e9let\u00e9t adni juhai\u00e9rt, s ezzel kinyilv\u00e1n\u00edtja Isten szeretet\u00e9t. \u0150 olyan p\u00e1sztor, aki mag\u00e1val ragad: aki r\u00e1tekint, felismeri, hogy az \u00e9let val\u00f3ban sz\u00e9p, ha \u0151t k\u00f6vetj\u00fck. Ennek a sz\u00e9ps\u00e9gnek a megismer\u00e9s\u00e9hez azonban nem elegend\u0151k a testi szemek vagy az eszt\u00e9tikai szempontok: szeml\u00e9l\u0151d\u00e9sre \u00e9s bels\u0151 elm\u00e9ly\u00fcl\u00e9sre van sz\u00fcks\u00e9g. Csak az mondhatja bizalommal: \u201eB\u00edzom benne, vele az \u00e9let val\u00f3ban sz\u00e9p lehet, ezt az utat akarom j\u00e1rni\u201d, aki meg\u00e1ll, figyelve hallgat, im\u00e1dkozik, \u00e9s befogadja az \u0151 tekintet\u00e9t. A legcsod\u00e1latosabb pedig az, hogy amikor tan\u00edtv\u00e1nyainak szeg\u0151d\u00fcnk, mi magunk is \u201esz\u00e9pp\u00e9\u201d v\u00e1lunk: sz\u00e9ps\u00e9ge \u00e1talak\u00edt benn\u00fcnket. Ahogyan Pavel Florenszkij teol\u00f3gus \u00edrja, az aszk\u00e9zis nem \u201ej\u00f3\u201d embert, hanem \u201esz\u00e9p\u201d embert hoz l\u00e9tre. A szentek ismertet\u0151jegye ugyanis \u2013 a j\u00f3s\u00e1g mellett \u2013 a Krisztusban \u00e9l\u0151 emberb\u0151l sug\u00e1rz\u00f3 ragyog\u00f3 lelki sz\u00e9ps\u00e9g. \u00cdgy t\u00e1rul fel teljes m\u00e9lys\u00e9g\u00e9ben a kereszt\u00e9ny hivat\u00e1s: r\u00e9szesed\u00e9s az \u0151 \u00e9let\u00e9ben, osztoz\u00e1s az \u0151 k\u00fcldet\u00e9s\u00e9ben \u00e9s ragyog\u00e1s az \u0151 sz\u00e9ps\u00e9g\u00e9ben.<\/p>\n<p>Ez a bels\u0151 \u00e9let-, hit- \u00e9s \u00e9rtelem\u00f6sszek\u00f6ttet\u00e9s volt Szent \u00c1goston tapasztalata is, aki a Vallom\u00e1sok harmadik k\u00f6nyv\u00e9ben \u2013 mik\u00f6zben megvallja ifj\u00fakori b\u0171neit \u00e9s hib\u00e1it \u2013 \u00edgy ismeri fel Istent: \u201eBens\u0151bb volt\u00e1l legbens\u0151bb val\u00f3mn\u00e1l.\u201d \u00d6nmag\u00e1n t\u00fal felfedezi az isteni vil\u00e1goss\u00e1g sz\u00e9ps\u00e9g\u00e9t, mely vezeti \u0151t a s\u00f6t\u00e9ts\u00e9gben. Isten jelenl\u00e9t\u00e9t lelke legm\u00e9ly\u00e9n fedezi fel, s ebb\u0151l meg\u00e9rti, mennyire fontos a bels\u0151 \u00e9let gondoz\u00e1sa, mint a Krisztussal val\u00f3 kapcsolat tere, \u00e9s mint az az \u00fat, amelyen megtapasztalhatjuk Isten sz\u00e9ps\u00e9g\u00e9t \u00e9s j\u00f3s\u00e1g\u00e1t \u00e9let\u00fcnkben.<\/p>\n<p>Ez a kapcsolat im\u00e1ds\u00e1gban \u00e9s csendben \u00e9p\u00fcl, \u00e9s ha \u00e1poljuk, megnyit benn\u00fcnket a hivat\u00e1s aj\u00e1nd\u00e9k\u00e1nak befogad\u00e1s\u00e1ra \u00e9s meg\u00e9l\u00e9s\u00e9re. A hivat\u00e1s sohasem k\u00e9nyszer vagy el\u0151re meghat\u00e1rozott s\u00e9ma, melyhez egyszer\u0171en alkalmazkodni kell, hanem egy szeretet- \u00e9s boldogs\u00e1gterv. A bels\u0151 \u00e9let gondoz\u00e1sa: innen kell s\u00fcrg\u0151sen \u00fajrakezdeni a hivat\u00e1sgondoz\u00e1st \u00e9s az evangeliz\u00e1l\u00e1s mindig \u00faj munk\u00e1j\u00e1t.<\/p>\n<p>Ebben a szellemben arra h\u00edvok mindenkit \u2013 csal\u00e1dokat, pl\u00e9b\u00e1ni\u00e1kat, szerzetesi k\u00f6z\u00f6ss\u00e9geket, p\u00fcsp\u00f6k\u00f6ket, papokat, diak\u00f3nusokat, hitoktat\u00f3kat, nevel\u0151ket \u00e9s vil\u00e1gi h\u00edv\u0151ket \u2013, hogy egyre jobban t\u00f6rekedjenek olyan k\u00f6rnyezet kialak\u00edt\u00e1s\u00e1ra, ahol ez az aj\u00e1nd\u00e9k befogadhat\u00f3, t\u00e1pl\u00e1lhat\u00f3, meg\u0151rizhet\u0151 \u00e9s k\u00eds\u00e9rhet\u0151, hogy b\u0151s\u00e9ges gy\u00fcm\u00f6lcs\u00f6t teremjen. Csak akkor bontakozhat ki \u00e9s \u00e9rhet be Isten h\u00edv\u00e1sa, ha k\u00f6rnyezeteink \u00e9l\u0151 hitben ragyognak, kitart\u00f3 im\u00e1ds\u00e1g t\u00e1pl\u00e1lja \u0151ket, \u00e9s testv\u00e9ri k\u00eds\u00e9r\u00e9s jellemzi \u0151ket; s \u00edgy v\u00e1lhat a hivat\u00e1s a boldogs\u00e1g \u00e9s az \u00fcdv\u00f6ss\u00e9g \u00fatj\u00e1v\u00e1 az egy\u00e9n \u00e9s az eg\u00e9sz vil\u00e1g sz\u00e1m\u00e1ra. Elindulva teh\u00e1t azon az \u00faton, amelyet J\u00e9zus, a sz\u00e9p P\u00e1sztor mutat, ismerj\u00fck meg jobban \u00f6nmagunkat \u00e9s ismerj\u00fck meg k\u00f6zelebbr\u0151l Istent, aki megh\u00edvott benn\u00fcnket.<\/p>\n<p><strong>K\u00f6lcs\u00f6n\u00f6s megismer\u00e9s<\/strong><\/p>\n<p>\u201eAz \u00e9let Ura ismer benn\u00fcnket, \u00e9s szeret\u0151 tekintet\u00e9vel megvil\u00e1gos\u00edtja sz\u00edv\u00fcnket.\u201d Minden hivat\u00e1s ugyanis annak tudatos\u00edt\u00e1s\u00e1val \u00e9s megtapasztal\u00e1s\u00e1val kezd\u0151dik, hogy Isten szeretet (v\u00f6. 1Jn 4,16): \u0151 m\u00e9lyen ismer benn\u00fcnket, sz\u00e1mon tartja hajsz\u00e1lainkat (v\u00f6. Mt 10,30), \u00e9s mindegyik\u00fcnk sz\u00e1m\u00e1ra az \u00e9letszents\u00e9g \u00e9s a szolg\u00e1lat egyed\u00fcl\u00e1ll\u00f3 \u00fatj\u00e1t gondolta ki. Ennek a megismer\u00e9snek azonban k\u00f6lcs\u00f6n\u00f6snek kell lennie: arra kaptunk megh\u00edv\u00e1st, hogy megismerj\u00fck Istent az im\u00e1ds\u00e1gban, az ige hallgat\u00e1s\u00e1ban, a szents\u00e9gekben, az Egyh\u00e1z \u00e9let\u00e9ben \u00e9s a testv\u00e9reinknek val\u00f3 \u00f6n\u00e1tad\u00e1sban. Ahogyan a fiatal S\u00e1muel, aki \u00e9jjel \u2013 v\u00e9lhet\u0151en v\u00e1ratlanul \u2013 meghallotta az \u00dar hangj\u00e1t, \u00e9s \u00c9li seg\u00edts\u00e9g\u00e9vel megtanulta felismerni (v\u00f6. 1S\u00e1m 3,1-10), \u00fagy nek\u00fcnk is meg kell teremten\u00fcnk a bels\u0151 csend tereit, hogy megsejts\u00fck, mit hordoz az \u00dar sz\u00edv\u00e9ben a mi boldogs\u00e1gunkra. Nem elvont \u00e9rtelmi tud\u00e1sr\u00f3l vagy tanult ismeretr\u0151l van sz\u00f3, hanem \u00e9let\u00fcnket \u00e1talak\u00edt\u00f3 szem\u00e9lyes tal\u00e1lkoz\u00e1sr\u00f3l. Isten a sz\u00edv\u00fcnkben lakik: a hivat\u00e1s meghitt p\u00e1rbesz\u00e9d vele, aki h\u00edv \u2013 a vil\u00e1g sokszor f\u00fcls\u00fcket\u00edt\u0151 zaja ellen\u00e9re is \u2013, \u00e9s arra k\u00e9r, hogy val\u00f3di \u00f6r\u00f6mmel \u00e9s nagylelk\u0171en v\u00e1laszoljunk.<\/p>\n<p>\u201eNoli foras ire, in te ipsum redi, in interiore homine habitat veritas \u2013 Ne menj ki, t\u00e9rj vissza \u00f6nmagadba: az igazs\u00e1g a bels\u0151 emberben lakik.\u201d Ism\u00e9t Szent \u00c1goston az, aki eml\u00e9keztet, milyen fontos, hogy megtanuljunk meg\u00e1llni, bels\u0151 csendet teremteni, hogy meghallhassuk J\u00e9zus Krisztus hangj\u00e1t. Kedves fiatalok, hallgassatok erre a hangra! Hallgassatok az \u00dar hangj\u00e1ra, aki arra h\u00edv benneteket, hogy teljes \u00e9letet \u00e9ljetek, hogy megval\u00f3s\u00edts\u00e1tok \u00e9leteteket, hogy talentumaitokat kamatoztass\u00e1tok (v\u00f6. Mt 25,14-30), korl\u00e1taitokat \u00e9s gyenges\u00e9geiteket pedig Krisztus dics\u0151s\u00e9ges keresztj\u00e9hez kapcsolj\u00e1tok! Sz\u00e1njatok id\u0151t a szents\u00e9gim\u00e1d\u00e1sra, \u00e1llhatatosan elm\u00e9lkedjetek Isten ig\u00e9j\u00e9n, hogy azt mindennap meg\u00e9lj\u00e9tek, \u00e9s vegyetek r\u00e9szt tev\u00e9kenyen \u00e9s teljes m\u00e9rt\u00e9kben az Egyh\u00e1z szents\u00e9gi \u00e9s k\u00f6z\u00f6ss\u00e9gi \u00e9let\u00e9ben. \u00cdgy megismeritek az Urat, \u00e9s a vele val\u00f3 meghitt bar\u00e1ts\u00e1gban felfedezitek, hogyan aj\u00e1nd\u00e9kozz\u00e1tok oda magatokat: a h\u00e1zass\u00e1gban, a paps\u00e1gban, az \u00e1lland\u00f3 diakon\u00e1tusban vagy a megszentelt \u00e9letben \u2013 szerzetesi k\u00f6z\u00f6ss\u00e9gben vagy a vil\u00e1gban \u00e9lve: minden hivat\u00e1s m\u00e9rhetetlen aj\u00e1nd\u00e9k az Egyh\u00e1z sz\u00e1m\u00e1ra, \u00e9s annak, aki \u00f6r\u00f6mmel fogadja. Az \u00dar megismer\u00e9se mindenekel\u0151tt azt jelenti, hogy megtanulunk b\u00edzni benne \u00e9s gondvisel\u00e9s\u00e9ben, mely minden hivat\u00e1sban t\u00fal\u00e1rad\u00f3an megnyilv\u00e1nul.<\/p>\n<p><strong>Bizalom<\/strong><\/p>\n<p>A megismer\u00e9sb\u0151l bizalom sz\u00fcletik, mely a hit gyermeke, \u00e9s n\u00e9lk\u00fcl\u00f6zhetetlen magatart\u00e1sforma mind a hivat\u00e1s elfogad\u00e1s\u00e1hoz, mind a benne val\u00f3 kitart\u00e1shoz. Az \u00e9let ugyanis folyamatos bizalom az \u00darban, \u00e1lland\u00f3 r\u00e1hagyatkoz\u00e1s az \u00darra, akkor is, amikor tervei fel\u00fcl\u00edrj\u00e1k a mieinket.<\/p>\n<p>Gondoljunk Szent J\u00f3zsefre, aki a Sz\u0171zanya v\u00e1rand\u00f3ss\u00e1g\u00e1nak v\u00e1ratlan titka ellen\u00e9re is a mennyei \u00e1lomra hagyatkozik, \u00e9s engedelmes sz\u00edvvel fogadja el M\u00e1ri\u00e1t \u00e9s a Gyermeket (v\u00f6. Mt 1,18-25; 2,13-15). N\u00e1z\u00e1reti J\u00f3zsef az Isten terv\u00e9ben val\u00f3 teljes bizalom k\u00e9pe: akkor is b\u00edzik, amikor k\u00f6r\u00fcl\u00f6tte minden s\u00f6t\u00e9ts\u00e9gbe borul \u00e9s kedvez\u0151tlennek t\u0171nik, amikor a dolgok l\u00e1tsz\u00f3lag a v\u00e1rttal ellenkez\u0151 ir\u00e1nyban haladnak. \u0150 b\u00edzik az \u00darban, \u00e9s r\u00e1hagyatkozik az \u00darra, mert biztos az \u0151 j\u00f3s\u00e1g\u00e1ban \u00e9s h\u0171s\u00e9g\u00e9ben. \u201eEg\u00e9sz \u00e9let\u00e9ben, minden k\u00f6r\u00fclm\u00e9nyek k\u00f6z\u00f6tt J\u00f3zsef ki tudta mondani \u00bbfiat\u00ab-j\u00e1t, mint M\u00e1ria az angyali \u00fcdv\u00f6zletkor \u00e9s J\u00e9zus a Getszem\u00e1ni-kertben.\u201d<\/p>\n<p>A rem\u00e9ny jubileuma arra tan\u00edtott, hogy szil\u00e1rdan b\u00edzzunk Isten \u00edg\u00e9reteiben, ne engedj\u00fcnk a k\u00e9ts\u00e9gbees\u00e9snek, gy\u0151zz\u00fck le f\u00e9lelmeinket \u00e9s bizonytalans\u00e1gainkat, abban a bizonyoss\u00e1gban, hogy a felt\u00e1madt J\u00e9zus \u00dar a vil\u00e1g t\u00f6rt\u00e9nelme \u00e9s a mi szem\u00e9lyes \u00e9lett\u00f6rt\u00e9net\u00fcnk felett: nem hagy magunkra legkomorabb \u00f3r\u00e1inkban, hanem vil\u00e1goss\u00e1g\u00e1val eloszlatja minden s\u00f6t\u00e9ts\u00e9g\u00fcnket. \u00c9s \u00e9ppen az \u0151 Lelk\u00e9t\u0151l kapott vil\u00e1goss\u00e1gnak \u00e9s er\u0151nek k\u00f6sz\u00f6nhet\u0151en \u2013 a megpr\u00f3b\u00e1ltat\u00e1sok \u00e9s v\u00e1ls\u00e1gok k\u00f6zepette is \u2013 azt l\u00e1thatjuk, hogy hivat\u00e1sunk egyre \u00e9rettebb\u00e9 v\u00e1lik, egyre jobban visszat\u00fckr\u00f6zi annak sz\u00e9ps\u00e9g\u00e9t, aki megh\u00edvott benn\u00fcnket: a h\u0171s\u00e9g \u00e9s a bizalom sz\u00e9ps\u00e9g\u00e9t, a sebek \u00e9s buk\u00e1sok ellen\u00e9re is.<\/p>\n<p><strong>\u00c9r\u00e9s<\/strong><\/p>\n<p>A hivat\u00e1s ugyanis nem statikus c\u00e9l, hanem dinamikus \u00e9rlel\u0151d\u00e9si folyamat, melyet az \u00darral val\u00f3 meghitt kapcsolat t\u00e1pl\u00e1l: J\u00e9zussal maradni, engedni a Szentl\u00e9lek m\u0171k\u00f6d\u00e9s\u00e9t a sz\u00edvben \u00e9s az \u00e9let helyzeteiben, \u00e9s mindent a kapott aj\u00e1nd\u00e9k f\u00e9ny\u00e9ben \u00fajraolvasni \u2013 ez a hivat\u00e1sban val\u00f3 n\u00f6veked\u00e9s \u00fatja.<\/p>\n<p>A sz\u0151l\u0151t\u0151h\u00f6z \u00e9s a sz\u0151l\u0151vessz\u0151kh\u00f6z hasonl\u00f3an (v\u00f6. Jn 15,1-8) eg\u00e9sz \u00e9let\u00fcnknek szoros \u00e9s \u00e9l\u0151 kapcsolatban kell \u00e1llnia az \u00darral, hogy a megpr\u00f3b\u00e1ltat\u00e1sok \u00e9s a sz\u00fcks\u00e9ges metsz\u00e9sek \u00e1ltal egyre teljesebb v\u00e1laszt adhassunk h\u00edv\u00e1s\u00e1ra. Azok a \u201ehelyek\u201d, ahol Isten akarata legink\u00e1bb megmutatkozik, \u00e9s ahol megtapasztaljuk az \u0151 v\u00e9gtelen szeretet\u00e9t, gyakran azok a hiteles, testv\u00e9ri kapcsolatok, amelyeket \u00e9let\u00fcnk sor\u00e1n k\u00e9pesek vagyunk kialak\u00edtani. Milyen nagy aj\u00e1nd\u00e9k egy j\u00f3 lelkivezet\u0151, aki seg\u00edti hivat\u00e1sunk felismer\u00e9s\u00e9t \u00e9s kibontakoz\u00e1s\u00e1t! Milyen fontos a hivat\u00e1s tiszt\u00e1z\u00e1sa \u00e9s elb\u00edr\u00e1l\u00e1sa a Szentl\u00e9lek f\u00e9ny\u00e9ben, hogy a hivat\u00e1s teljes sz\u00e9ps\u00e9g\u00e9ben megval\u00f3sulhasson!<\/p>\n<p>A hivat\u00e1s teh\u00e1t nem olyasmi, amit azonnal birtokba vesz\u00fcnk, nem egy egyszer s mindenkorra \u201emegkapott\u201d dolog, hanem \u00fat, amely az emberi \u00e9lethez hasonl\u00f3an bontakozik ki: az aj\u00e1nd\u00e9kot nemcsak \u0151rizni kell, hanem naponta t\u00e1pl\u00e1lni az Istennel val\u00f3 mindennapi kapcsolatban, hogy n\u00f6vekedhessen \u00e9s gy\u00fcm\u00f6lcs\u00f6t teremjen. \u201eEnnek igen nagy \u00e9rt\u00e9ke van, mert eg\u00e9sz \u00e9let\u00fcnket Isten el\u00e9 helyezik, aki szeret benn\u00fcnket, \u00e9s engedi meg\u00e9rten\u00fcnk, hogy semmi sem egy vak k\u00e1osz gy\u00fcm\u00f6lcse, hanem \u00e9pp ellenkez\u0151leg, minden belesz\u0151het\u0151 az \u00darnak adott v\u00e1laszba, akinek csod\u00e1latos terve van sz\u00e1munkra.\u201d<\/p>\n<p>Kedves testv\u00e9reim, kedves fiatalok, arra b\u00e1tor\u00edtalak benneteket, hogy a mindennapi im\u00e1ds\u00e1g \u00e9s az Isten ig\u00e9j\u00e9n val\u00f3 elm\u00e9lked\u00e9s \u00e1ltal \u00e1polj\u00e1tok szem\u00e9lyes kapcsolatotokat Istennel. \u00c1lljatok meg, figyelve hallgassatok, b\u00edzz\u00e1tok r\u00e1 magatokat: \u00edgy hivat\u00e1sotok aj\u00e1nd\u00e9ka meg\u00e9rik, boldogg\u00e1 tesz benneteket, \u00e9s b\u0151s\u00e9ges gy\u00fcm\u00f6lcs\u00f6t hoz az Egyh\u00e1z \u00e9s a vil\u00e1g sz\u00e1m\u00e1ra.<\/p>\n<p>A Boldogs\u00e1gos Sz\u0171z M\u00e1ria, az isteni aj\u00e1nd\u00e9k bels\u0151 befogad\u00e1s\u00e1nak mintak\u00e9pe \u00e9s az im\u00e1ds\u00e1gos hallgat\u00e1s tan\u00edt\u00f3mestere k\u00eds\u00e9rjen benneteket ezen az \u00faton!<\/p>\n<p>Kelt a Vatik\u00e1nban, 2026. m\u00e1rcius 16-\u00e1n. XIV. Le\u00f3 p\u00e1pa<\/p>\n<p style=\"text-align: right;\"><em>Forr\u00e1s &#8211; <a href=\"https:\/\/www.vaticannews.va\/hu\/papa\/news\/2026-04\/papa-hivatasok-vilagnapja-uzenet-isten-ajandeka-belso-felfedezes.html\" target=\"_blank\" rel=\"noopener\">www.vaticannews.va<\/a><\/em><\/p>\n","protected":false},"excerpt":{"rendered":"<p>A hivat\u00e1sok vil\u00e1gnapj\u00e1t, amikor papi \u00e9s szerzetesi hivat\u00e1sok\u00e9rt im\u00e1dkozik Anyaszentegyh\u00e1z, Szent VI. P\u00e1l p\u00e1pa alap\u00edtotta 1964-ben, a II. Vatik\u00e1ni Zsinat idej\u00e9n. Az\u00f3ta a p\u00e1p\u00e1k minden \u00e9vben \u00fczenettel fordulnak Isten eg\u00e9sz n\u00e9p\u00e9hez, \u00e9s a hivat\u00e1s egy-egy jelent\u0151s titk\u00e1t megvil\u00e1g\u00edtva elm\u00e9lkednek az isteni megh\u00edv\u00e1s fontoss\u00e1g\u00e1r\u00f3l \u00e9s jelent\u0151s\u00e9g\u00e9r\u0151l. XIV. Le\u00f3 p\u00e1pa ez\u00e9vi \u00fczenet\u00e9t a hivat\u00e1sok 63. vil\u00e1gnapj\u00e1ra \u201eIsten [&hellip;]<\/p>\n","protected":false},"author":1,"featured_media":15332,"comment_status":"open","ping_status":"open","sticky":false,"template":"","format":"standard","meta":{"_acf_changed":false,"_et_pb_use_builder":"","_et_pb_old_content":"","_et_gb_content_width":"","footnotes":""},"categories":[60],"tags":[],"class_list":["post-15331","post","type-post","status-publish","format-standard","has-post-thumbnail","hentry","category-egyeb-egyhazi-hirek","et-has-post-format-content","et_post_format-et-post-format-standard"],"acf":[],"_links":{"self":[{"href":"https:\/\/munkacs-diocese.org\/hu\/wp-json\/wp\/v2\/posts\/15331"}],"collection":[{"href":"https:\/\/munkacs-diocese.org\/hu\/wp-json\/wp\/v2\/posts"}],"about":[{"href":"https:\/\/munkacs-diocese.org\/hu\/wp-json\/wp\/v2\/types\/post"}],"author":[{"embeddable":true,"href":"https:\/\/munkacs-diocese.org\/hu\/wp-json\/wp\/v2\/users\/1"}],"replies":[{"embeddable":true,"href":"https:\/\/munkacs-diocese.org\/hu\/wp-json\/wp\/v2\/comments?post=15331"}],"version-history":[{"count":1,"href":"https:\/\/munkacs-diocese.org\/hu\/wp-json\/wp\/v2\/posts\/15331\/revisions"}],"predecessor-version":[{"id":15333,"href":"https:\/\/munkacs-diocese.org\/hu\/wp-json\/wp\/v2\/posts\/15331\/revisions\/15333"}],"wp:featuredmedia":[{"embeddable":true,"href":"https:\/\/munkacs-diocese.org\/hu\/wp-json\/wp\/v2\/media\/15332"}],"wp:attachment":[{"href":"https:\/\/munkacs-diocese.org\/hu\/wp-json\/wp\/v2\/media?parent=15331"}],"wp:term":[{"taxonomy":"category","embeddable":true,"href":"https:\/\/munkacs-diocese.org\/hu\/wp-json\/wp\/v2\/categories?post=15331"},{"taxonomy":"post_tag","embeddable":true,"href":"https:\/\/munkacs-diocese.org\/hu\/wp-json\/wp\/v2\/tags?post=15331"}],"curies":[{"name":"wp","href":"https:\/\/api.w.org\/{rel}","templated":true}]}}