{"id":1530,"date":"2016-11-08T16:21:41","date_gmt":"2016-11-08T14:21:41","guid":{"rendered":"http:\/\/munkacs-diocese.org\/hu\/2016\/11\/08\/betoelt-engem-szined-latasa-gulacsy-lajos-reformatus-puespoek-halalara\/"},"modified":"2016-11-08T16:21:41","modified_gmt":"2016-11-08T14:21:41","slug":"betoelt-engem-szined-latasa-gulacsy-lajos-reformatus-puespoek-halalara","status":"publish","type":"post","link":"https:\/\/munkacs-diocese.org\/hu\/2016\/11\/08\/betoelt-engem-szined-latasa-gulacsy-lajos-reformatus-puespoek-halalara\/","title":{"rendered":"\u201eBet\u00f6lt engem sz\u00edned l\u00e1t\u00e1sa\u201d &#8211; Gul\u00e1csy Lajos reform\u00e1tus p\u00fcsp\u00f6k hal\u00e1l\u00e1ra"},"content":{"rendered":"<div id=\"fb-root\"><\/div>\n<p style=\"text-align: center;\"><span style=\"font-size: 12pt;\"><strong>\u201eBet\u00f6lt engem sz\u00edned l\u00e1t\u00e1sa&#8221;<\/strong><\/span><br \/><span style=\"font-size: 12pt;\"><strong>Gul\u00e1csy Lajos reform\u00e1tus p\u00fcsp\u00f6k hal\u00e1l\u00e1ra<\/strong><\/span><\/p>\n<p><img loading=\"lazy\" decoding=\"async\" class=\" alignleft size-full wp-image-1529\" src=\"https:\/\/munkacs-diocese.org\/hu\/wp-content\/uploads\/2016\/11\/lajosbacsi.jpg\" alt=\"lajosbacsi\" style=\"float: left;\" width=\"220\" height=\"213\" srcset=\"https:\/\/munkacs-diocese.org\/hu\/wp-content\/uploads\/2016\/11\/lajosbacsi.jpg 800w, https:\/\/munkacs-diocese.org\/hu\/wp-content\/uploads\/2016\/11\/lajosbacsi-300x291.jpg 300w, https:\/\/munkacs-diocese.org\/hu\/wp-content\/uploads\/2016\/11\/lajosbacsi-768x745.jpg 768w\" sizes=\"(max-width: 220px) 100vw, 220px\" \/>Vas\u00e1rnap reggel, az \u00dar napj\u00e1n elhunyt a reform\u00e1tus egyh\u00e1z nyugalmazott p\u00fcsp\u00f6ke, Gul\u00e1csy Lajos. \u0150 volt az utols\u00f3 k\u00e1rp\u00e1taljai lelkip\u00e1sztor, aki a l\u00e1gereket is megj\u00e1rta. Elb\u00facs\u00faztak t\u0151le az \u0151 reform\u00e1tus egyh\u00e1z\u00e1nak h\u00edvei. Mi is, r\u00f3mai katolikusok, munk\u00e1csiak, akik r\u00e9g\u00f3ta ismert\u00fck \u00e9s szerett\u00fck \u0151t. Az \u00daristen v\u00e1lasztotta \u0151t ki, ezt bizony\u00edtja m\u00e1r az \u0151 szerencs\u00e9s megsz\u00fclet\u00e9se is, s az is, hogy sok pr\u00f3b\u00e1lkoz\u00e1s \u00e9s keres\u00e9s ut\u00e1n saj\u00e1t maga sz\u00edvesen v\u00e1llalta az evang\u00e9lium J\u00e9zus\u00e1nak szolg\u00e1lat\u00e1t. Az \u00daristen embere volt; ezt bizony\u00edtja, hogy az \u00dar kit\u00fcntette \u0151t azzal a neh\u00e9z feladattal, hogy a l\u00e1gerekben szenved\u0151 magyarok lelkip\u00e1sztora legyen, hogy ott is vigasztalja \u00e9s b\u00e1tor\u00edtsa a szomorkod\u00f3kat. Isten tudja, h\u00e1nyan k\u00f6sz\u00f6nhetik megmarad\u00e1sukat az \u0151 ottani szolg\u00e1lat\u00e1nak. Az elm\u00falt 21 \u00e9v alatt sokat tal\u00e1lkoztunk, besz\u00e9lgett\u00fcnk. Hetente t\u00f6bbsz\u00f6r is tal\u00e1lkoztunk a v\u00e1rosban, templomainkba j\u00f6vet-menet. De elj\u00f6tt hozz\u00e1m is, kor\u00e1bban s\u0171r\u0171bben is, valamilyen \u00fcr\u00fcggyel, \u00fajs\u00e1got vagy \u00fczenetet, levelet hozva. \u00c9n hasonl\u00f3k\u00e9ppen \u0151hozz\u00e1.<\/p>\n<p>  <!--more-->  <\/p>\n<p>Minden janu\u00e1rban, a sz\u00fclet\u00e9snapj\u00e1n k\u00f6sz\u00f6nt\u00f6tt\u00fck \u00e9s \u00f6r\u00f6mmel hallgattuk \u0151t, nemcsak a kazahszt\u00e1ni \u00e9rdekes \u00e9lm\u00e9nybesz\u00e1mol\u00f3it, de, ami k\u00fcl\u00f6n\u00f6sen is nagyon tetszett, hogy a mai id\u0151k neh\u00e9zs\u00e9geit is l\u00e1tta, \u00e9s agg\u00f3d\u00f3an besz\u00e9lt a szellemi, erk\u00f6lcsi bajok n\u00f6veked\u00e9s\u00e9t l\u00e1tva, melyek k\u00fcl\u00f6n\u00f6sen az ifj\u00fas\u00e1got vesz\u00e9lyeztetik nagyon. M\u00e9g az utols\u00f3 id\u0151kben is felt\u0171nt, hogy gyakran k\u00e9rt meg: tegy\u00fcnk t\u00f6bbet az ifj\u00fas\u00e1g itt marad\u00e1s\u00e1\u00e9rt, illetve hitben val\u00f3 megmarad\u00e1s\u00e1\u00e9rt. Ezt egy 90 fel\u00e9 j\u00e1r\u00f3 ember mondogatta a fiatal lelkip\u00e1sztoroknak is. B\u00e1r testileg gy\u00f6ng\u00fclt, szellemileg friss maradt, lelkileg pedig \u00e1lland\u00f3an sz\u00e9p\u00fclt az \u0151 szem\u00e9lyis\u00e9ge: eljutott a J\u00e9zus \u00e1ltal \u00f3hajtott gyermeki egyszer\u0171s\u00e9gre, egyre k\u00f6zelebb J\u00e9zus sz\u00edv\u00e9hez, szeretet\u00e9hez. Olyan j\u00f3 volt l\u00e1tni, milyen t\u00fcrelemmel adott mindig kenyeret \u00e9s m\u00e1s seg\u00edts\u00e9get az ablak\u00e1n kopogtat\u00f3 szeg\u00e9nyeknek. S\u0151t, nem egyszer l\u00e1ttam az ablaka alatt rengeteg galambot \u00e9s verebeket, ett\u00e9k a morzs\u00e1kat, finoms\u00e1gokat, \u0151r\u00e1juk is gondja volt, \u0151ket is szerette.<\/p>\n<p>Besz\u00e9dei k\u00f6z\u00fcl legjobban az a parlamentben elmondott besz\u00e9de tetszett, melyet a Gulag-\u00e9lm\u00e9nyeir\u0151l tartott: nemcsak megbocs\u00e1t\u00f3, irgalmas szeretet volt benne, hanem h\u00e1l\u00e1j\u00e1t, k\u00f6sz\u00f6net\u00e9t is meg tudta fogalmazni Istennek. Ut\u00f3lag \u00fcdv\u00f6snek l\u00e1tta ezt a h\u00e9t \u00e9vet saj\u00e1t maga, honfit\u00e1rsai \u00e9s az eg\u00e9sz nemzet sz\u00e1m\u00e1ra. Mindig Isten akarat\u00e1t kereste, s b\u00e1tran \u00e9s szeretettel igyekezett \u00fczenet\u00e9t tov\u00e1bbadni mindenkinek. Ilyen \u00e9let ut\u00e1n nem v\u00e9letlen, hogy a hal\u00e1la is hasonl\u00f3an sz\u00e9p volt: istentiszteletre k\u00e9sz\u00fclt, ek\u00f6zben im\u00e1ds\u00e1ggal hunyt el. K\u00edv\u00e1nhatunk-e enn\u00e9l szebbet magunknak is, \u00e9s k\u00fcl\u00f6n\u00f6sen J\u00e9zus p\u00e1sztorainak?<\/p>\n<p>Lehet, hogy \u00e9ppen a 17. (16.) zsolt\u00e1rt im\u00e1dkozta, amit aznap mi is im\u00e1dkoztunk templomainkban:<\/p>\n<p>\u201ehallgasd meg, Uram, k\u00f6ny\u00f6rg\u00e9semet&#8230;<br \/>&#8230;\u00e9n azonban igazs\u00e1gban l\u00e1tom meg arcodat, mid\u0151n fel\u00e9bredek, bet\u00f6lt engem sz\u00edned l\u00e1t\u00e1sa&#8221;.<br \/>\u00dagy legyen! \u00c1men!<\/p>\n<p style=\"text-align: right;\">+Majnek Antal<br \/>munk\u00e1csi r\u00f3mai katolikus p\u00fcsp\u00f6k<\/p>\n","protected":false},"excerpt":{"rendered":"<p>\u201eBet\u00f6lt engem sz\u00edned l\u00e1t\u00e1sa&#8221;Gul\u00e1csy Lajos reform\u00e1tus p\u00fcsp\u00f6k hal\u00e1l\u00e1ra Vas\u00e1rnap reggel, az \u00dar napj\u00e1n elhunyt a reform\u00e1tus egyh\u00e1z nyugalmazott p\u00fcsp\u00f6ke, Gul\u00e1csy Lajos. \u0150 volt az utols\u00f3 k\u00e1rp\u00e1taljai lelkip\u00e1sztor, aki a l\u00e1gereket is megj\u00e1rta. Elb\u00facs\u00faztak t\u0151le az \u0151 reform\u00e1tus egyh\u00e1z\u00e1nak h\u00edvei. Mi is, r\u00f3mai katolikusok, munk\u00e1csiak, akik r\u00e9g\u00f3ta ismert\u00fck \u00e9s szerett\u00fck \u0151t. Az \u00daristen v\u00e1lasztotta \u0151t ki, [&hellip;]<\/p>\n","protected":false},"author":1,"featured_media":1529,"comment_status":"open","ping_status":"open","sticky":false,"template":"","format":"standard","meta":{"_acf_changed":false,"_et_pb_use_builder":"","_et_pb_old_content":"","_et_gb_content_width":"","footnotes":""},"categories":[10],"tags":[],"class_list":["post-1530","post","type-post","status-publish","format-standard","has-post-thumbnail","hentry","category-aktualis-hirek","et-has-post-format-content","et_post_format-et-post-format-standard"],"acf":[],"_links":{"self":[{"href":"https:\/\/munkacs-diocese.org\/hu\/wp-json\/wp\/v2\/posts\/1530"}],"collection":[{"href":"https:\/\/munkacs-diocese.org\/hu\/wp-json\/wp\/v2\/posts"}],"about":[{"href":"https:\/\/munkacs-diocese.org\/hu\/wp-json\/wp\/v2\/types\/post"}],"author":[{"embeddable":true,"href":"https:\/\/munkacs-diocese.org\/hu\/wp-json\/wp\/v2\/users\/1"}],"replies":[{"embeddable":true,"href":"https:\/\/munkacs-diocese.org\/hu\/wp-json\/wp\/v2\/comments?post=1530"}],"version-history":[{"count":0,"href":"https:\/\/munkacs-diocese.org\/hu\/wp-json\/wp\/v2\/posts\/1530\/revisions"}],"wp:featuredmedia":[{"embeddable":true,"href":"https:\/\/munkacs-diocese.org\/hu\/wp-json\/wp\/v2\/media\/1529"}],"wp:attachment":[{"href":"https:\/\/munkacs-diocese.org\/hu\/wp-json\/wp\/v2\/media?parent=1530"}],"wp:term":[{"taxonomy":"category","embeddable":true,"href":"https:\/\/munkacs-diocese.org\/hu\/wp-json\/wp\/v2\/categories?post=1530"},{"taxonomy":"post_tag","embeddable":true,"href":"https:\/\/munkacs-diocese.org\/hu\/wp-json\/wp\/v2\/tags?post=1530"}],"curies":[{"name":"wp","href":"https:\/\/api.w.org\/{rel}","templated":true}]}}