{"id":15173,"date":"2026-04-04T16:00:22","date_gmt":"2026-04-04T14:00:22","guid":{"rendered":"https:\/\/munkacs-diocese.org\/hu\/?p=15173"},"modified":"2026-04-04T16:35:37","modified_gmt":"2026-04-04T14:35:37","slug":"lucsok-peter-miklos-op-megyespuspok-husveti-uzenete-2026","status":"publish","type":"post","link":"https:\/\/munkacs-diocese.org\/hu\/2026\/04\/04\/lucsok-peter-miklos-op-megyespuspok-husveti-uzenete-2026\/","title":{"rendered":"Lucsok P\u00e9ter Mikl\u00f3s OP megy\u00e9sp\u00fcsp\u00f6k h\u00fasv\u00e9ti \u00fczenete"},"content":{"rendered":"<div id=\"fb-root\"><\/div>\n<p><strong>Krisztus felt\u00e1madt!<\/strong><\/p>\n<p>De hol van most?<br \/>\n\u00c9s hogyan ny\u00edlhatunk meg a Felt\u00e1madt J\u00e9zussal val\u00f3 tal\u00e1lkoz\u00e1sra?<\/p>\n<p>Keresn\u00fcnk kell \u0150t. De val\u00f3j\u00e1ban a Felt\u00e1madt J\u00e9zus az els\u0151, aki keresi az emberrel val\u00f3 tal\u00e1lkoz\u00e1st. M\u00e9g miel\u0151tt az ember sz\u00edve Hozz\u00e1 fordulna, \u0150 m\u00e1r ott van \u00e9s v\u00e1r.<br \/>\n\u201e\u00cdme, az ajt\u00f3 el\u0151tt \u00e1llok \u00e9s z\u00f6rgetek: ha valaki meghallja a hangomat \u00e9s kinyitja az ajt\u00f3t, bemegyek hozz\u00e1\u201d (v\u00f6. Jel 3,20).<\/p>\n<p>\u00c9n minden reggel \u00fagy kezdem a napomat, hogy megnyitom a sz\u00edvemet a Felt\u00e1madt Krisztus el\u0151tt, keresem \u0150t. Amikor elj\u00f6n, ezt a vil\u00e1goss\u00e1gon, az er\u0151n \u00e9s a b\u00e9k\u00e9n kereszt\u00fcl tapasztalom meg, amely bet\u00f6lti a sz\u00edvemet, a lelkemet \u00e9s a gondolataimat. Ez\u00e9rt kell elindulnunk a Felt\u00e1madt fel\u00e9, keresn\u00fcnk \u0150t. Mert \u0150 jelen van, csak mi nem mindig l\u00e1tjuk egy\u00e9rtelm\u0171en.<\/p>\n<p>Tal\u00e1lkozhatunk Vele a k\u00f6z\u00f6ss\u00e9gben is.<br \/>\n\u201eAhol ketten vagy h\u00e1rman \u00f6sszegy\u0171lnek az \u00e9n nevemben, ott vagyok k\u00f6z\u00f6tt\u00fck\u201d \u2013 \u00edg\u00e9rte J\u00e9zus a tan\u00edtv\u00e1nyainak.<\/p>\n<p>Amikor befogadom a Felt\u00e1madtat az \u00e9letembe, m\u00e1r nem egyed\u00fcl j\u00e1rom az utamat. Krisztus bennem \u00e9l, \u00e9s \u00e9n \u0150benne. Amikor pedig olyan emberekkel tal\u00e1lkozom, akik szint\u00e9n nyitottak r\u00e1, megtapasztaljuk, hogy besz\u00e9lget\u00e9s\u00fcnkben \u00e9s egym\u00e1s megoszt\u00e1s\u00e1ban t\u00f6bb van jelen, mint csup\u00e1n mi ketten. \u00c9rezz\u00fck, hogy a Felt\u00e1madt Krisztus van k\u00f6z\u00f6tt\u00fcnk, mert tal\u00e1lkoz\u00e1sunk tele van j\u00f3s\u00e1ggal, b\u00e9k\u00e9vel \u00e9s \u00f6r\u00f6mmel \u2013 olyan dolgokkal, amelyeket neh\u00e9z lenne megmagyar\u00e1zni az \u0150 jelenl\u00e9te n\u00e9lk\u00fcl.<\/p>\n<p>Gyakran meg tudom k\u00fcl\u00f6nb\u00f6ztetni, hogy egy tal\u00e1lkoz\u00e1sban val\u00f3ban nyitottak voltunk-e J\u00e9zusra vagy sem. Mert van tapasztalatom arr\u00f3l, mennyi \u00f6r\u00f6m \u00e9s vil\u00e1goss\u00e1g sz\u00fcletik akkor, amikor az emberek Istenben tal\u00e1lkoznak \u00e9s besz\u00e9lgetnek egym\u00e1ssal \u00e9s a f\u00e1jdalom \u00e9s s\u00f6t\u00e9ts\u00e9g amikor Krisztusra z\u00e1rtak vagyunk.<\/p>\n<p>\u00cdgy tapasztalhatjuk meg a Felt\u00e1madt jelenl\u00e9t\u00e9t a csal\u00e1dokban, a k\u00f6z\u00f6ss\u00e9gekben \u00e9s a szentmis\u00e9n, ahol J\u00e9zus nev\u00e9ben gy\u0171l\u00fcnk \u00f6ssze \u2013 az Atya, a Fi\u00fa \u00e9s a Szentl\u00e9lek nev\u00e9ben. K\u00fcl\u00f6n\u00f6sen a vas\u00e1rnapi szentmis\u00e9n, amelynek k\u00f6z\u00e9ppontj\u00e1ban a Felt\u00e1madt Krisztus \u00e1ll: az \u0150 m\u0171k\u00f6d\u00e9se az \u00f6sszegy\u0171lt k\u00f6z\u00f6ss\u00e9gben, \u00e9s az \u0150 aj\u00e1nd\u00e9ka \u2013 saj\u00e1t maga \u2013 sz\u00e1munkra.<\/p>\n<p>N\u00e9ha az embernek \u00fagy t\u0171nik, hogy Isten messze van, hogy nincs ideje r\u00e1, vagy hogy nem m\u00e9lt\u00f3 az \u0150 jelenl\u00e9t\u00e9re. De ez nem \u00edgy van. A Felt\u00e1madottal nem is olyan neh\u00e9z tal\u00e1lkozni \u2013 csak igaz\u00e1n akarni kell, \u00e9s ezt a v\u00e1gyat tettekre kell v\u00e1ltani.<\/p>\n<p>Nincs nagyobb \u00f6r\u00f6m ann\u00e1l, mint Krisztussal egys\u00e9gben \u00e9lni. Amikor az ember ezt megtapasztalja, mindent megtesz az\u00e9rt, hogy ebben az egys\u00e9gben megmaradjon.<\/p>\n<p>Legyen ez a h\u00fasv\u00e9ti id\u0151 mindannyiunk sz\u00e1m\u00e1ra alkalom arra, hogy m\u00e9lyebben felfedezz\u00fck a Felt\u00e1madt J\u00e9zus jelenl\u00e9t\u00e9nek titk\u00e1t k\u00f6z\u00f6tt\u00fcnk. Legyenek tal\u00e1lkoz\u00e1saink, k\u00f6z\u00f6ss\u00e9geink \u00e9s liturgi\u00e1nk olyan helyek, ahol Krisztus cselekszik k\u00f6z\u00f6tt\u00fcnk \u00e9s \u00e1ltalunk.<\/p>\n<p>\u00cdgy azok is, akik m\u00e9g nem tal\u00e1lkoztak a Felt\u00e1madottal, rajtunk kereszt\u00fcl hallhatj\u00e1k meg \u0150t, \u00e9s k\u00f6z\u00f6tt\u00fcnk tapasztalhatj\u00e1k meg jelenl\u00e9t\u00e9t.<\/p>\n<p>A Felt\u00e1madt Krisztus legyen k\u00f6z\u00f6tt\u00fcnk!<\/p>\n<p style=\"text-align: right;\"><strong>Lucsok P\u00e9ter Mikl\u00f3s OP megy\u00e9sp\u00fcsp\u00f6k<\/strong><\/p>\n","protected":false},"excerpt":{"rendered":"<p>Krisztus felt\u00e1madt! De hol van most? \u00c9s hogyan ny\u00edlhatunk meg a Felt\u00e1madt J\u00e9zussal val\u00f3 tal\u00e1lkoz\u00e1sra? Keresn\u00fcnk kell \u0150t. De val\u00f3j\u00e1ban a Felt\u00e1madt J\u00e9zus az els\u0151, aki keresi az emberrel val\u00f3 tal\u00e1lkoz\u00e1st. M\u00e9g miel\u0151tt az ember sz\u00edve Hozz\u00e1 fordulna, \u0150 m\u00e1r ott van \u00e9s v\u00e1r. \u201e\u00cdme, az ajt\u00f3 el\u0151tt \u00e1llok \u00e9s z\u00f6rgetek: ha valaki meghallja a [&hellip;]<\/p>\n","protected":false},"author":1,"featured_media":15176,"comment_status":"open","ping_status":"open","sticky":false,"template":"","format":"standard","meta":{"_acf_changed":false,"_et_pb_use_builder":"","_et_pb_old_content":"","_et_gb_content_width":"","footnotes":""},"categories":[59],"tags":[],"class_list":["post-15173","post","type-post","status-publish","format-standard","has-post-thumbnail","hentry","category-egyhazmegyenk-hirei","et-has-post-format-content","et_post_format-et-post-format-standard"],"acf":[],"_links":{"self":[{"href":"https:\/\/munkacs-diocese.org\/hu\/wp-json\/wp\/v2\/posts\/15173"}],"collection":[{"href":"https:\/\/munkacs-diocese.org\/hu\/wp-json\/wp\/v2\/posts"}],"about":[{"href":"https:\/\/munkacs-diocese.org\/hu\/wp-json\/wp\/v2\/types\/post"}],"author":[{"embeddable":true,"href":"https:\/\/munkacs-diocese.org\/hu\/wp-json\/wp\/v2\/users\/1"}],"replies":[{"embeddable":true,"href":"https:\/\/munkacs-diocese.org\/hu\/wp-json\/wp\/v2\/comments?post=15173"}],"version-history":[{"count":1,"href":"https:\/\/munkacs-diocese.org\/hu\/wp-json\/wp\/v2\/posts\/15173\/revisions"}],"predecessor-version":[{"id":15175,"href":"https:\/\/munkacs-diocese.org\/hu\/wp-json\/wp\/v2\/posts\/15173\/revisions\/15175"}],"wp:featuredmedia":[{"embeddable":true,"href":"https:\/\/munkacs-diocese.org\/hu\/wp-json\/wp\/v2\/media\/15176"}],"wp:attachment":[{"href":"https:\/\/munkacs-diocese.org\/hu\/wp-json\/wp\/v2\/media?parent=15173"}],"wp:term":[{"taxonomy":"category","embeddable":true,"href":"https:\/\/munkacs-diocese.org\/hu\/wp-json\/wp\/v2\/categories?post=15173"},{"taxonomy":"post_tag","embeddable":true,"href":"https:\/\/munkacs-diocese.org\/hu\/wp-json\/wp\/v2\/tags?post=15173"}],"curies":[{"name":"wp","href":"https:\/\/api.w.org\/{rel}","templated":true}]}}