{"id":1483,"date":"2016-09-06T09:38:35","date_gmt":"2016-09-06T06:38:35","guid":{"rendered":"http:\/\/munkacs-diocese.org\/hu\/2016\/09\/06\/a-papa-videoja-2016-szeptember-koezpontban-az-emberi-szemely\/"},"modified":"2016-09-06T09:38:35","modified_gmt":"2016-09-06T06:38:35","slug":"a-papa-videoja-2016-szeptember-koezpontban-az-emberi-szemely","status":"publish","type":"post","link":"https:\/\/munkacs-diocese.org\/hu\/2016\/09\/06\/a-papa-videoja-2016-szeptember-koezpontban-az-emberi-szemely\/","title":{"rendered":"A p\u00e1pa vide\u00f3ja &#8211; 2016. szeptember &#8211; K\u00f6zpontban az emberi szem\u00e9ly"},"content":{"rendered":"<div id=\"fb-root\"><\/div>\n<p style=\"text-align: center;\"><span style=\"font-size: 12pt;\"><strong>A p\u00e1pa vide\u00f3ja &#8211; 2016. szeptember &#8211; K\u00f6zpontban az emberi szem\u00e9ly<\/strong><\/span> <\/p>\n<p><img loading=\"lazy\" decoding=\"async\" class=\" alignleft size-full wp-image-1482\" style=\"float: left;\" src=\"https:\/\/munkacs-diocese.org\/hu\/wp-content\/uploads\/2016\/09\/papa.png\" height=\"97\" width=\"214\" srcset=\"https:\/\/munkacs-diocese.org\/hu\/wp-content\/uploads\/2016\/09\/papa.png 655w, https:\/\/munkacs-diocese.org\/hu\/wp-content\/uploads\/2016\/09\/papa-300x136.png 300w\" sizes=\"(max-width: 214px) 100vw, 214px\" \/>Ferenc p\u00e1pa szeptemberi egyetemes imasz\u00e1nd\u00e9k\u00e1ra vide\u00f3\u00fczenet\u00e9vel is felh\u00edvja a figyelmet\u2026<\/p>\n<p>\u201eHogy mindenki hozz\u00e1j\u00e1ruljon a k\u00f6zj\u00f3hoz \u00e9s egy olyan t\u00e1rsadalom \u00e9p\u00edt\u00e9s\u00e9hez, amelynek k\u00f6z\u00e9ppontj\u00e1ban az emberi szem\u00e9ly \u00e1ll.\u201d<\/p>\n<p>N\u00e9zd meg a p\u00e1pa szeptemberi vide\u00f3j\u00e1t!<\/p>\n<p>  <!--more-->  <center><iframe loading=\"lazy\" width=\"500\" height=\"281\" src=\"https:\/\/www.youtube.com\/embed\/8WtQYwCbmNk?rel=0\" frameborder=\"0\" allowfullscreen><\/iframe><\/center><\/p>\n","protected":false},"excerpt":{"rendered":"<p>A p\u00e1pa vide\u00f3ja &#8211; 2016. szeptember &#8211; K\u00f6zpontban az emberi szem\u00e9ly Ferenc p\u00e1pa szeptemberi egyetemes imasz\u00e1nd\u00e9k\u00e1ra vide\u00f3\u00fczenet\u00e9vel is felh\u00edvja a figyelmet\u2026 \u201eHogy mindenki hozz\u00e1j\u00e1ruljon a k\u00f6zj\u00f3hoz \u00e9s egy olyan t\u00e1rsadalom \u00e9p\u00edt\u00e9s\u00e9hez, amelynek k\u00f6z\u00e9ppontj\u00e1ban az emberi szem\u00e9ly \u00e1ll.\u201d N\u00e9zd meg a p\u00e1pa szeptemberi vide\u00f3j\u00e1t!<\/p>\n","protected":false},"author":1,"featured_media":1481,"comment_status":"open","ping_status":"open","sticky":false,"template":"","format":"standard","meta":{"_acf_changed":false,"_et_pb_use_builder":"","_et_pb_old_content":"","_et_gb_content_width":"","footnotes":""},"categories":[10],"tags":[],"class_list":["post-1483","post","type-post","status-publish","format-standard","has-post-thumbnail","hentry","category-aktualis-hirek","et-has-post-format-content","et_post_format-et-post-format-standard"],"acf":[],"_links":{"self":[{"href":"https:\/\/munkacs-diocese.org\/hu\/wp-json\/wp\/v2\/posts\/1483"}],"collection":[{"href":"https:\/\/munkacs-diocese.org\/hu\/wp-json\/wp\/v2\/posts"}],"about":[{"href":"https:\/\/munkacs-diocese.org\/hu\/wp-json\/wp\/v2\/types\/post"}],"author":[{"embeddable":true,"href":"https:\/\/munkacs-diocese.org\/hu\/wp-json\/wp\/v2\/users\/1"}],"replies":[{"embeddable":true,"href":"https:\/\/munkacs-diocese.org\/hu\/wp-json\/wp\/v2\/comments?post=1483"}],"version-history":[{"count":0,"href":"https:\/\/munkacs-diocese.org\/hu\/wp-json\/wp\/v2\/posts\/1483\/revisions"}],"wp:featuredmedia":[{"embeddable":true,"href":"https:\/\/munkacs-diocese.org\/hu\/wp-json\/wp\/v2\/media\/1481"}],"wp:attachment":[{"href":"https:\/\/munkacs-diocese.org\/hu\/wp-json\/wp\/v2\/media?parent=1483"}],"wp:term":[{"taxonomy":"category","embeddable":true,"href":"https:\/\/munkacs-diocese.org\/hu\/wp-json\/wp\/v2\/categories?post=1483"},{"taxonomy":"post_tag","embeddable":true,"href":"https:\/\/munkacs-diocese.org\/hu\/wp-json\/wp\/v2\/tags?post=1483"}],"curies":[{"name":"wp","href":"https:\/\/api.w.org\/{rel}","templated":true}]}}