{"id":1477,"date":"2016-06-13T13:11:06","date_gmt":"2016-06-13T10:11:06","guid":{"rendered":"http:\/\/munkacs-diocese.org\/hu\/2016\/06\/13\/beregszaszon-tartottak-a-karpataljai-katolikus-csaladok-talalkozojat-a-nemzeti-oesszetartozas-napjan\/"},"modified":"2016-06-13T13:11:06","modified_gmt":"2016-06-13T10:11:06","slug":"beregszaszon-tartottak-a-karpataljai-katolikus-csaladok-talalkozojat-a-nemzeti-oesszetartozas-napjan","status":"publish","type":"post","link":"https:\/\/munkacs-diocese.org\/hu\/2016\/06\/13\/beregszaszon-tartottak-a-karpataljai-katolikus-csaladok-talalkozojat-a-nemzeti-oesszetartozas-napjan\/","title":{"rendered":"Beregsz\u00e1szon tartott\u00e1k a k\u00e1rp\u00e1taljai katolikus csal\u00e1dok tal\u00e1lkoz\u00f3j\u00e1t a nemzeti \u00f6sszetartoz\u00e1s napj\u00e1n"},"content":{"rendered":"<div id=\"fb-root\"><\/div>\n<p style=\"text-align: center;\"><span style=\"font-size: 12pt;\"><strong>Beregsz\u00e1szon tartott\u00e1k a k\u00e1rp\u00e1taljai katolikus csal\u00e1dok tal\u00e1lkoz\u00f3j\u00e1t a nemzeti \u00f6sszetartoz\u00e1s napj\u00e1n<\/strong><\/span><\/p>\n<p><img loading=\"lazy\" decoding=\"async\" class=\" alignleft size-full wp-image-1476\" style=\"float: left;\" alt=\"csaladi-nap\" src=\"https:\/\/munkacs-diocese.org\/hu\/wp-content\/uploads\/2016\/06\/csaladi-nap.jpg\" height=\"117\" width=\"220\" srcset=\"https:\/\/munkacs-diocese.org\/hu\/wp-content\/uploads\/2016\/06\/csaladi-nap.jpg 500w, https:\/\/munkacs-diocese.org\/hu\/wp-content\/uploads\/2016\/06\/csaladi-nap-300x160.jpg 300w\" sizes=\"(max-width: 220px) 100vw, 220px\" \/>A Beregsz\u00e1szi R\u00f3mai Katolikus Egyh\u00e1zk\u00f6zs\u00e9g \u00e9s a Nemzetstrat\u00e9giai Kutat\u00f3int\u00e9zet szervez\u00e9s\u00e9ben rendezt\u00e9k meg a 3. K\u00e1rp\u00e1taljai Magyar Katolikus Csal\u00e1di Napot a helyi r\u00f3mai katolikus templom udvar\u00e1n j\u00fanius 4-\u00e9n, a nemzeti \u00f6sszetartoz\u00e1s napj\u00e1n.<\/p>\n<p>K\u00f6zel \u00f6tsz\u00e1zan gy\u0171ltek \u00f6ssze a templom m\u00f6g\u00f6tti P\u00e1sztor Ferenc K\u00f6z\u00f6ss\u00e9gi H\u00e1z ter\u00fclet\u00e9n. A szervez\u0151k \u00e9vr\u0151l \u00e9vre szeretn\u00e9k felh\u00edvni a figyelmet a csal\u00e1d int\u00e9zm\u00e9ny\u00e9nek fontoss\u00e1g\u00e1ra \u00e9s buzd\u00edtani a h\u00e1zasp\u00e1rokat a gyermekv\u00e1llal\u00e1sra.<\/p>\n<p>  <!--more-->  <\/p>\n<p>Emellett a csal\u00e1di nap lehet\u0151s\u00e9get biztos\u00edtott a K\u00e1rp\u00e1talja k\u00fcl\u00f6nb\u00f6z\u0151 pontjair\u00f3l \u2013 Visk, B\u00f3tr\u00e1gy, Munk\u00e1cs, Mez\u0151kaszony, Tisza\u00fajlak, Oroszi, Bene \u2013 \u00e9rkez\u0151 csal\u00e1doknak a tapasztalatok megoszt\u00e1s\u00e1ra, egym\u00e1s megseg\u00edt\u00e9s\u00e9re, \u00e9p\u00edt\u0151 eszmecser\u00e9re.<\/p>\n<p>A csal\u00e1di napon Kacs\u00f3 Andr\u00e1s, a K\u00e1rp\u00e1taljai Ferences Misszi\u00f3 Alap\u00edtv\u00e1ny eln\u00f6ke a hit megtart\u00f3 erej\u00e9r\u0151l besz\u00e9lt. \u0150t k\u00f6vette Popovicsn\u00e9 Palojtay M\u00e1rta munk\u00e1csi ment\u00e1lhigi\u00e9n\u00e9s szakember, aki a csal\u00e1dban bet\u00f6lt\u00f6tt szerepeket v\u00e1zolta, azt, hogy mit\u0151l \u00e9rzik j\u00f3l magukat a csal\u00e1dtagok.<\/p>\n<p>Az esem\u00e9ny hivatalos megnyit\u00f3j\u00e1n h\u00e1zigazdak\u00e9nt k\u00f6sz\u00f6nt\u0151t mondott Moln\u00e1r J\u00e1nos esperes-pl\u00e9b\u00e1nos \u00e9s Gara Katalin, Magyarorsz\u00e1g beregsz\u00e1szi konzul\u00e1tus\u00e1nak konzulja. Sz\u00e1sz Jen\u0151, a Nemzetstrat\u00e9giai Kutat\u00f3int\u00e9zet eln\u00f6ke \u00fcdv\u00f6zl\u0151 szavait Fejes Norbert tolm\u00e1csolta a r\u00e9sztev\u0151knek. Elmondta, az int\u00e9zet az\u00e9rt v\u00e1llalt r\u00e9szt a csal\u00e1di nap t\u00e1mogat\u00e1s\u00e1ban, mert az egyh\u00e1z \u00e9s a csal\u00e1d \u00f6sszetart\u00f3 ereje k\u00e9t olyan fontos t\u00e9nyez\u0151, sarokpont, amelyek elengedhetetlenek a k\u00e1rp\u00e1taljai magyars\u00e1g megmarad\u00e1s\u00e1hoz. V\u00e9gezet\u00fcl Babj\u00e1k Zolt\u00e1n, Beregsz\u00e1sz polg\u00e1rmestere \u00fczenet\u00e9t Bendik Veronika olvasta fel.<\/p>\n<p>A csal\u00e1di napon a legkisebbeket b\u00e1bsz\u00ednh\u00e1zzal \u00e9s t\u00e1ncos foglalkoz\u00e1ssal v\u00e1rt\u00e1k, a kisiskol\u00e1sok kipr\u00f3b\u00e1lhatt\u00e1k a k\u00f6t\u00e9lp\u00e1ly\u00e1t, az \u00edj\u00e1szkod\u00e1st \u00e9s az \u00fcgyess\u00e9gi n\u00e9pi faj\u00e1t\u00e9kokat, valamint kincset kereshettek. A tinik sportversenyen \u00e9s csoportfoglalkoz\u00e1son vehettek r\u00e9szt. D\u00e9lut\u00e1n a fafarag\u00e1s, a babak\u00e9sz\u00edt\u00e9s, a gy\u00f6ngyf\u0171z\u00e9s, a csuh\u00e9z\u00e1s \u00e9s az agyagoz\u00e1s mesters\u00e9g\u00e9vel ismerkedhettek kicsik \u00e9s nagyok. Megny\u00edlt a trambulin \u00e9s a toronyt\u00fara. A nap folyam\u00e1n a beregsz\u00e1szi Szent Anna Karit\u00e1sz s\u00e1tr\u00e1n\u00e1l ruhav\u00e1s\u00e1rt tartottak, melynek bev\u00e9tel\u00e9t a r\u00e1szorul\u00f3knak aj\u00e1nlott\u00e1k fel.<\/p>\n<p>D\u00e9lut\u00e1n a nagyberegi teremker\u00e9kp\u00e1rosok tartottak bemutat\u00f3t. \u0150ket a Sz\u00e1rnyas S\u00e1rk\u00e1ny G\u00f3lyal\u00e1bas T\u00e1rsulat k\u00f6vette, m\u0171sorukba bevontak id\u0151sebbeket \u00e9s fiatalokat is, \u00e1tb\u00fajtatt\u00e1k vagy \u00e9pp az \u00e9gbe emelt\u00e9k a v\u00e1llalkoz\u00f3 szellem\u0171 jelentkez\u0151ket. A d\u00e9lut\u00e1nt a Misztr\u00e1l egy\u00fcttes koncertje z\u00e1rta. Az el\u0151ad\u00e1s k\u00f6zben, f\u00e9l n\u00e9gykor elhallgatott az \u00e9nek \u00e9s a zene, megkondultak a harangok a trianoni dikt\u00e1tumra eml\u00e9kezve. A csal\u00e1di nap v\u00e9g\u00e9n Majnek Antal munk\u00e1csi megy\u00e9sp\u00fcsp\u00f6k mutatott be a szentmis\u00e9t.<\/p>\n<p style=\"text-align: right;\"><em>Forr\u00e1s \u00e9s fot\u00f3: K\u00e1rp\u00e1talja.ma<\/em><\/p>\n<p style=\"text-align: right;\"><em><a target=\"_blank\" href=\"http:\/\/www.magyarkurir.hu\/hirek\/beregszaszon-tartottak-karpataljai-katolikus-csaladok-talalkozojat-nemzeti-osszetartozas-napjan\">Magyar Kur\u00edr<\/a><\/em><\/p>\n","protected":false},"excerpt":{"rendered":"<p>Beregsz\u00e1szon tartott\u00e1k a k\u00e1rp\u00e1taljai katolikus csal\u00e1dok tal\u00e1lkoz\u00f3j\u00e1t a nemzeti \u00f6sszetartoz\u00e1s napj\u00e1n A Beregsz\u00e1szi R\u00f3mai Katolikus Egyh\u00e1zk\u00f6zs\u00e9g \u00e9s a Nemzetstrat\u00e9giai Kutat\u00f3int\u00e9zet szervez\u00e9s\u00e9ben rendezt\u00e9k meg a 3. K\u00e1rp\u00e1taljai Magyar Katolikus Csal\u00e1di Napot a helyi r\u00f3mai katolikus templom udvar\u00e1n j\u00fanius 4-\u00e9n, a nemzeti \u00f6sszetartoz\u00e1s napj\u00e1n. K\u00f6zel \u00f6tsz\u00e1zan gy\u0171ltek \u00f6ssze a templom m\u00f6g\u00f6tti P\u00e1sztor Ferenc K\u00f6z\u00f6ss\u00e9gi H\u00e1z ter\u00fclet\u00e9n. A [&hellip;]<\/p>\n","protected":false},"author":1,"featured_media":1476,"comment_status":"open","ping_status":"open","sticky":false,"template":"","format":"standard","meta":{"_acf_changed":false,"_et_pb_use_builder":"","_et_pb_old_content":"","_et_gb_content_width":"","footnotes":""},"categories":[10],"tags":[],"class_list":["post-1477","post","type-post","status-publish","format-standard","has-post-thumbnail","hentry","category-aktualis-hirek","et-has-post-format-content","et_post_format-et-post-format-standard"],"acf":[],"_links":{"self":[{"href":"https:\/\/munkacs-diocese.org\/hu\/wp-json\/wp\/v2\/posts\/1477"}],"collection":[{"href":"https:\/\/munkacs-diocese.org\/hu\/wp-json\/wp\/v2\/posts"}],"about":[{"href":"https:\/\/munkacs-diocese.org\/hu\/wp-json\/wp\/v2\/types\/post"}],"author":[{"embeddable":true,"href":"https:\/\/munkacs-diocese.org\/hu\/wp-json\/wp\/v2\/users\/1"}],"replies":[{"embeddable":true,"href":"https:\/\/munkacs-diocese.org\/hu\/wp-json\/wp\/v2\/comments?post=1477"}],"version-history":[{"count":0,"href":"https:\/\/munkacs-diocese.org\/hu\/wp-json\/wp\/v2\/posts\/1477\/revisions"}],"wp:featuredmedia":[{"embeddable":true,"href":"https:\/\/munkacs-diocese.org\/hu\/wp-json\/wp\/v2\/media\/1476"}],"wp:attachment":[{"href":"https:\/\/munkacs-diocese.org\/hu\/wp-json\/wp\/v2\/media?parent=1477"}],"wp:term":[{"taxonomy":"category","embeddable":true,"href":"https:\/\/munkacs-diocese.org\/hu\/wp-json\/wp\/v2\/categories?post=1477"},{"taxonomy":"post_tag","embeddable":true,"href":"https:\/\/munkacs-diocese.org\/hu\/wp-json\/wp\/v2\/tags?post=1477"}],"curies":[{"name":"wp","href":"https:\/\/api.w.org\/{rel}","templated":true}]}}