{"id":14693,"date":"2026-02-03T14:57:24","date_gmt":"2026-02-03T13:57:24","guid":{"rendered":"https:\/\/munkacs-diocese.org\/hu\/?p=14693"},"modified":"2026-02-03T15:03:15","modified_gmt":"2026-02-03T14:03:15","slug":"leo-papa-urunk-bemutatasa-unnepen-legyetek-az-ur-jelenletenek-profetai-jelei","status":"publish","type":"post","link":"https:\/\/munkacs-diocese.org\/hu\/2026\/02\/03\/leo-papa-urunk-bemutatasa-unnepen-legyetek-az-ur-jelenletenek-profetai-jelei\/","title":{"rendered":"Le\u00f3 p\u00e1pa hom\u00edli\u00e1ja Urunk bemutat\u00e1sa \u00fcnnep\u00e9n: Legyetek az \u00dar jelenl\u00e9t\u00e9nek pr\u00f3f\u00e9tai jelei!"},"content":{"rendered":"<div id=\"fb-root\"><\/div>\n<p>Febru\u00e1r 2-\u00e1n, Urunk bemutat\u00e1sa, vagyis Gyertyaszentel\u0151 Boldogasszony \u00fcnnep\u00e9n Le\u00f3 p\u00e1pa h\u00e9tf\u0151n d\u00e9lut\u00e1n \u00f6t \u00f3rakor szentmis\u00e9t mutatott be a Szent P\u00e9ter bazilik\u00e1ban az Istennek szentelt \u00e9let 30 vil\u00e1gnapj\u00e1n. A vatik\u00e1ni bazilik\u00e1t megt\u00f6lt\u0151 f\u00e9rfi \u00e9s n\u0151i szerzetesek jelenl\u00e9t\u00e9ben a Szentatya hom\u00edli\u00e1j\u00e1ban az Istennek szentelt \u00e9let pr\u00f3f\u00e9tai jelleg\u00e9t hangs\u00falyozta.<\/p>\n<p><strong>K\u00f6rmenet \u00e9s gyertyaszentel\u00e9s\u00a0 \u00a0<\/strong><\/p>\n<p>A p\u00e1pai szentmise \u00fcnnepi bevonul\u00e1ssal kezd\u0151d\u00f6tt, melyet a Szentatya im\u00e1ds\u00e1ggal vezetett be: <em>\u201eKedves testv\u00e9reim! Negyven napja Urunk sz\u00fclet\u00e9s\u00e9nek \u00f6r\u00f6m\u00fcnnep\u00e9t \u00fclt\u00fck, \u00e9s ma van az a boldog nap, amikor arra eml\u00e9kez\u00fcnk, hogy J\u00e9zust Sz\u0171z M\u00e1ria \u00e9s Szent J\u00f3zsef bemutatta a templomban. \u0150 ez\u00e1ltal l\u00e1tsz\u00f3lag csup\u00e1n az \u00f3sz\u00f6vets\u00e9gi t\u00f6rv\u00e9nyt teljes\u00edtette, voltak\u00e9ppen azonban h\u00edv\u0151 n\u00e9p\u00e9vel tal\u00e1lkozott. Azok a j\u00e1mbor \u00f6regek, akik a Szentl\u00e9lek k\u00e9sztet\u00e9s\u00e9re a templomba mentek, \u00e9s ott \u2013 szint\u00e9n a Szentl\u00e9lekt\u0151l megvil\u00e1gos\u00edtva \u2013 felismert\u00e9k az Urat, \u00f6rvendez\u0151 l\u00e9lekkel tettek tan\u00fas\u00e1got r\u00f3la. Hozz\u00e1juk hasonl\u00f3an minket is a Szentl\u00e9lek gy\u0171jt\u00f6tt egybe. Vonuljunk teh\u00e1t Isten h\u00e1z\u00e1ba, \u00e9s j\u00e1ruljunk Krisztus el\u00e9. Tal\u00e1lkozni fogunk vele, \u00e9s felismerj\u00fck a keny\u00e9rt\u00f6r\u00e9sben addig is, am\u00edg majd nyilv\u00e1nval\u00f3 dics\u0151s\u00e9gben el nem j\u00f6n\u201d.\u00a0Ekkor az asszisztencia tagjai \u00e9s a h\u00edvek meggy\u00fajtott\u00e1k a kez\u00fckben tartott gyerty\u00e1t, melyet Le\u00f3 p\u00e1pa meg\u00e1ldott:\u00a0\u201eAl\u00e1zatosan k\u00e9r\u00fcnk: \u00e1ldd meg \u2020 \u00e9s szenteld meg ezeket a gyerty\u00e1kat. Fogadd kegyesen h\u00edv\u0151 n\u00e9pedet, mely neved dics\u0151s\u00e9g\u00e9re egybegy\u0171lt, hogy \u00e9g\u0151 gyerty\u00e1val j\u00e1ruljon sz\u00edned el\u00e9. Add meg, hogy m\u00e9lt\u00f3 legyen eljutni az er\u00e9nyek \u00fatj\u00e1n az \u00f6r\u00f6k vil\u00e1goss\u00e1gra. Krisztus, a mi Urunk \u00e1ltal.\u201d<\/em><\/p>\n<p><strong>Isteni \u00e9s emberi szeretetmozg\u00e1s tal\u00e1lkoz\u00e1sa<\/strong><\/p>\n<p>Le\u00f3 p\u00e1pa hom\u00edli\u00e1ja kezdet\u00e9n az \u00dar templomi bemutat\u00e1s\u00e1nak evang\u00e9lium\u00e1b\u00f3l a Messi\u00e1st felismer\u0151 Simeon \u00e9s Anna szerep\u00e9b\u0151l k\u00e9t szeretetmozg\u00e1s tal\u00e1lkoz\u00e1s\u00e1t emelte ki, Isten\u00e9t, aki az emberis\u00e9g megment\u00e9s\u00e9re j\u00f6n, \u00e9s az emberis\u00e9g\u00e9t, amely \u00e9ber hittel v\u00e1rja elj\u00f6vetel\u00e9t. Isten r\u00e9sz\u00e9r\u0151l J\u00e9zus egy szeg\u00e9ny csal\u00e1d fiak\u00e9nt \u00e9rkezik Jeruzs\u00e1lembe, ahol felaj\u00e1nlj\u00e1k \u0151t \u00e9rt\u00fcnk, aki tiszteletben tartja szabads\u00e1gunkat \u00e9s osztozik szeg\u00e9nys\u00e9g\u00fcnkben. Cselekedeteiben nincs semmi k\u00e9nyszer\u00edt\u0151, csak fegyvertelen nagylelk\u0171s\u00e9g\u00e9nek lefegyverz\u0151 ereje. Emberi oldalr\u00f3l ezzel szemben az id\u0151s Simeon \u00e9s Anna szem\u00e9ly\u00e9ben Izrael n\u00e9p\u00e9nek v\u00e1rakoz\u00e1sa a tet\u0151pontj\u00e1ra jut. Benn\u00fck az \u00fcdv\u00f6ss\u00e9g hossz\u00fa t\u00f6rt\u00e9net\u00e9nek cs\u00facspontja jelenik meg, amely az \u00c9denkertt\u0151l a Templom udvar\u00e1ig tart \u00e9s amely b\u00e1r hull\u00e1mv\u00f6lgyeken kereszt\u00fcl halad, de mindig egyetlen, eleven v\u00e1gy hajtja, hogy helyre\u00e1ll\u00edtsa a teremtm\u00e9ny teljes k\u00f6z\u00f6ss\u00e9g\u00e9t Teremt\u0151j\u00e9vel.<\/p>\n<p><strong>Az Egyh\u00e1z arra k\u00e9r benneteket, hogy legyetek pr\u00f3f\u00e9t\u00e1k!<\/strong><\/p>\n<p>Ennek f\u00e9ny\u00e9ben \u00fcnnepelj\u00fck az Istennek szentelt \u00e9let 30. vil\u00e1gnapj\u00e1t \u2013 folytatta a p\u00e1pa \u2013, mely a szerzetesek egyh\u00e1zi \u00e9s vil\u00e1gi k\u00fcldet\u00e9s\u00e9nek mintegy ikonja, ahogyan Ferenc p\u00e1pa a szerzetesi \u00e9letr\u0151l \u00edrt apostoli level\u00e9ben buzd\u00edtott:\u00a0<em>\u201e\u00c9bressz\u00e9tek fel a vil\u00e1got, mert a megszentelt \u00e9let ismertet\u0151jegye a pr\u00f3f\u00e9cia!\u201d<\/em><i>.\u00a0<\/i>Le\u00f3 p\u00e1pa \u00edgy folytatta el\u0151dje gondolat\u00e1t: Az Egyh\u00e1z arra k\u00e9r benneteket, hogy legyetek pr\u00f3f\u00e9t\u00e1k: h\u00edrn\u00f6k\u00f6k, akik hirdetik az \u00dar jelenl\u00e9t\u00e9t \u00e9s el\u0151k\u00e9sz\u00edtik \u00fatj\u00e1t. Az a k\u00fcldet\u00e9setek, hogy pr\u00f3f\u00e9tai hivat\u00e1sotokat els\u0151sorban \u00e9letetek fel\u00e1ldoz\u00e1s\u00e1val tegy\u00e9tek, im\u00e1ds\u00e1gban gy\u00f6keret verve \u00e9s k\u00e9szen arra, hogy felem\u00e9szt\u0151djetek a szeretetben. A p\u00e1pa a rendalap\u00edt\u00f3k szerep\u00e9re eml\u00e9keztette a szerzeteseket, akik engedelmesen a Szentl\u00e9lek m\u0171k\u00f6d\u00e9se ir\u00e1nt, p\u00e9ld\u00e1kat hagytak arra, hogyan t\u00f6lts\u00e9k be hat\u00e9konyan a k\u00fcldet\u00e9s\u00fcket. \u00c1lland\u00f3 fesz\u00fclts\u00e9gben \u00e9ltek a f\u00f6ld \u00e9s a menny k\u00f6z\u00f6tt, hittel \u00e9s b\u00e1tors\u00e1ggal teltek el, az Eucharisztia olt\u00e1r\u00e1t\u00f3l indulva, a kolostorok csendj\u00e9ben, az apostoli munka kih\u00edv\u00e1sai k\u00f6zepette, az iskolai tan\u00edt\u00e1sban, az utc\u00e1n a szeg\u00e9nyek szolg\u00e1lat\u00e1ban, eg\u00e9szen a misszi\u00f3k f\u00e1radalm\u00e1ig men\u0151en. \u00c9s ugyanazzal a hittel t\u00e9rtek vissza, al\u00e1zattal l\u00e9pve a kereszt t\u00f6v\u00e9hez \u00e9s a Tabern\u00e1kulum el\u00e9, hogy mindent felaj\u00e1nljanak, \u00e9s Istenben megtal\u00e1lj\u00e1k minden cselekedet\u00fck forr\u00e1s\u00e1t \u00e9s c\u00e9lj\u00e1t. A kegyelem erej\u00e9vel kock\u00e1zatos v\u00e1llalkoz\u00e1sokba is belevetett\u00e9k magukat, im\u00e1dkoz\u00f3 jelenl\u00e9tt\u00e9 v\u00e1ltak ellens\u00e9ges \u00e9s k\u00f6z\u00f6mb\u00f6s k\u00f6rnyezetben, nagylelk\u0171 k\u00e9z \u00e9s bar\u00e1ts\u00e1gos v\u00e1ll form\u00e1j\u00e1ban megal\u00e1ztat\u00e1s \u00e9s elhagyatotts\u00e1g k\u00f6zepette, a b\u00e9ke \u00e9s a megb\u00e9k\u00e9l\u00e9s tan\u00faik\u00e9nt a h\u00e1bor\u00fa \u00e9s a gy\u0171l\u00f6let szor\u00edt\u00e1s\u00e1ban.<\/p>\n<p><strong>Tegyetek tan\u00fas\u00e1got egy olyan vil\u00e1gban, ahol a hit \u00e9s az \u00e9let egyre t\u00e1volabb ker\u00fcl egym\u00e1st\u00f3l!<\/strong><\/p>\n<p>Ahogy XVI. Benedek p\u00e1pa \u00edrta:<em>\u00a0\u201eA Szent\u00edr\u00e1s \u00e9rtelmez\u00e9se hi\u00e1nyos maradna, ha nem hallgatna azokra is, akik t\u00e9nylegesen meg\u00e9lt\u00e9k Isten Ig\u00e9j\u00e9t\u201d<\/em><i>.<\/i>\u00a0Az evang\u00e9liumi tan\u00e1csok fogadalm\u00e1val \u00e9s a felaj\u00e1nlott karitat\u00edv szolg\u00e1lattal eltelve ma is az a hivat\u00e1sotok, hogy tan\u00fas\u00e1got tegyetek egy olyan t\u00e1rsadalomban \u2013 ahol a hit \u00e9s az \u00e9let egyre t\u00e1volabb ker\u00fcl egym\u00e1st\u00f3l, az emberi szem\u00e9ly hamis \u00e9s torz \u00e9rtelmez\u00e9se nev\u00e9ben \u2013 hogy Isten jelen van a t\u00f6rt\u00e9nelemben, mint minden n\u00e9p \u00fcdv\u00f6ss\u00e9ge, ahogy Simeon pr\u00f3f\u00e9ta j\u00f6vend\u00f6lte (v\u00f6. Lk 2,30-31). Tan\u00fas\u00e1got kell tenni arr\u00f3l, hogy a fiataloknak, az id\u0151seknek, a szeg\u00e9nyeknek, a betegeknek \u00e9s a foglyoknak szent hely\u00fck van az \u0151 Olt\u00e1r\u00e1n \u00e9s a Sz\u00edv\u00e9ben, \u00e9s hogy mindegyik\u00fck az \u0151 jelenl\u00e9t\u00e9nek egy-egy s\u00e9rthetetlen szent\u00e9lye, amely el\u0151tt t\u00e9rdre borulnunk.<\/p>\n<p><strong>A szerzetesi \u00e9let megtan\u00edt a f\u00f6ldi gondoskod\u00e1s \u00e9s a mennyekhez ragaszkod\u00e1s kapcsolat\u00e1ra<\/strong><\/p>\n<p>Ennek jele a sz\u00e1mos \u201eevang\u00e9liumi \u00e1llom\u00e1s\u201d, amelyet sok szerzetesk\u00f6z\u00f6ss\u00e9g fenntart a legk\u00fcl\u00f6nb\u00f6z\u0151bb \u00e9s legnehezebb helyzetekben, \u00e9s amelyeknek tagjai m\u00e9g konfliktusok k\u00f6zepette is maradnak, nem mennek el, nem menek\u00fclnek el, hanem maradnak, hogy eml\u00e9keztessenek \u2013 ezer sz\u00f3n\u00e1l is besz\u00e9desebben \u2013 az \u00e9let s\u00e9rthetetlen szents\u00e9g\u00e9re. Jelenl\u00e9t\u00fck m\u00e9g fegyverd\u00f6rg\u00e9s, a g\u0151g, az \u00f6n\u00e9rdek \u00e9s az er\u0151szak tombol\u00e1sa k\u00f6zepette is hirdeti J\u00e9zus szavait:\u00a0<em>\u201eVigy\u00e1zzatok, meg ne vessetek egyet sem e kicsinyek k\u00f6z\u00fcl, mert angyalaik a mennyben mindenkor l\u00e1tj\u00e1k Atyjuk arc\u00e1t\u201d<\/em>\u00a0(Mt 18,10).<\/p>\n<p>Besz\u00e9de z\u00e1r\u00f3r\u00e9sz\u00e9ben Le\u00f3 p\u00e1pa az agg Simeon im\u00e1j\u00e1ra utalt, melyet az egyh\u00e1z naponta im\u00e1dkozik: <em>\u201eMost bocs\u00e1sd el, Uram, szolg\u00e1dat szavaid szerint b\u00e9kess\u00e9gben, hiszen m\u00e1r l\u00e1tt\u00e1k szemeim a te \u00fcdv\u00f6ss\u00e9gedet\u201d<\/em>\u00a0(Lk 2,29-30). A szerzetesi \u00e9let ugyanis, a maga \u2013 minden m\u00faland\u00f3t\u00f3l val\u00f3 \u2013 der\u0171s t\u00e1vols\u00e1gv\u00e9tel\u00e9vel, megtan\u00edt a f\u00f6ldi val\u00f3s\u00e1gok ir\u00e1nti leghitelesebb gondoskod\u00e1s \u00e9s az \u00f6r\u00f6kk\u00e9val\u00f3 val\u00f3s\u00e1gokba vetett rem\u00e9ny elszak\u00edthatatlan kapcsolat\u00e1ra, mely m\u00e1r ebben az \u00e9letben v\u00e9gs\u0151 \u00e9s kiz\u00e1r\u00f3lagos c\u00e9lk\u00e9nt k\u00e9pes megvil\u00e1g\u00edtani mindent. Simeon J\u00e9zusban megl\u00e1tta az \u00fcdv\u00f6ss\u00e9get, \u00e9s szabadd\u00e1 v\u00e1lt az \u00e9let \u00e9s a hal\u00e1l el\u0151tt, egy\u00fctt Ann\u00e1val, aki \u201esoha nem t\u00e1vozott a templomb\u00f3l\u201d. Kedves n\u0151i \u00e9s f\u00e9rfi szerzetesek, az Egyh\u00e1z ma k\u00f6sz\u00f6netet mond az \u00darnak jelenl\u00e9tetek\u00e9rt, \u00e9s arra buzd\u00edt benneteket, hogy b\u00e1rhov\u00e1 is k\u00fcldj\u00f6n a Gondvisel\u00e9s, legyetek a b\u00e9ke kov\u00e1sza \u00e9s a rem\u00e9ny jele. Munk\u00e1tokat a Boldogs\u00e1gos Sz\u0171z M\u00e1ria \u00e9s szent rendalap\u00edt\u00f3itok k\u00f6zbenj\u00e1r\u00e1s\u00e1ra b\u00edzzuk, mik\u00f6zben egy\u00fctt meg\u00faj\u00edtjuk \u00e9let\u00fcnk felaj\u00e1nl\u00e1s\u00e1t Istennek az olt\u00e1ron \u2013 z\u00e1rta hom\u00edli\u00e1j\u00e1t Le\u00f3 p\u00e1pa, aki \u00e1gostonos szerzetesk\u00e9nt maga is az \u00fcnnepeltek k\u00f6z\u00e9 tartozik.<\/p>\n<p style=\"text-align: right;\"><em>Forr\u00e1s &#8211; <a href=\"https:\/\/www.vaticannews.va\/hu\/papa\/news\/2026-02\/papa-urunk-bemutatasa-gyertyaszentelo-szerzetes-elet-jel.html\" target=\"_blank\" rel=\"noopener\">www.vaticannews.va<\/a><\/em><\/p>\n","protected":false},"excerpt":{"rendered":"<p>Febru\u00e1r 2-\u00e1n, Urunk bemutat\u00e1sa, vagyis Gyertyaszentel\u0151 Boldogasszony \u00fcnnep\u00e9n Le\u00f3 p\u00e1pa h\u00e9tf\u0151n d\u00e9lut\u00e1n \u00f6t \u00f3rakor szentmis\u00e9t mutatott be a Szent P\u00e9ter bazilik\u00e1ban az Istennek szentelt \u00e9let 30 vil\u00e1gnapj\u00e1n. A vatik\u00e1ni bazilik\u00e1t megt\u00f6lt\u0151 f\u00e9rfi \u00e9s n\u0151i szerzetesek jelenl\u00e9t\u00e9ben a Szentatya hom\u00edli\u00e1j\u00e1ban az Istennek szentelt \u00e9let pr\u00f3f\u00e9tai jelleg\u00e9t hangs\u00falyozta. K\u00f6rmenet \u00e9s gyertyaszentel\u00e9s\u00a0 \u00a0 A p\u00e1pai szentmise \u00fcnnepi bevonul\u00e1ssal [&hellip;]<\/p>\n","protected":false},"author":1,"featured_media":14697,"comment_status":"open","ping_status":"open","sticky":false,"template":"","format":"standard","meta":{"_acf_changed":false,"_et_pb_use_builder":"","_et_pb_old_content":"","_et_gb_content_width":"","footnotes":""},"categories":[60],"tags":[],"class_list":["post-14693","post","type-post","status-publish","format-standard","has-post-thumbnail","hentry","category-egyeb-egyhazi-hirek","et-has-post-format-content","et_post_format-et-post-format-standard"],"acf":[],"_links":{"self":[{"href":"https:\/\/munkacs-diocese.org\/hu\/wp-json\/wp\/v2\/posts\/14693"}],"collection":[{"href":"https:\/\/munkacs-diocese.org\/hu\/wp-json\/wp\/v2\/posts"}],"about":[{"href":"https:\/\/munkacs-diocese.org\/hu\/wp-json\/wp\/v2\/types\/post"}],"author":[{"embeddable":true,"href":"https:\/\/munkacs-diocese.org\/hu\/wp-json\/wp\/v2\/users\/1"}],"replies":[{"embeddable":true,"href":"https:\/\/munkacs-diocese.org\/hu\/wp-json\/wp\/v2\/comments?post=14693"}],"version-history":[{"count":2,"href":"https:\/\/munkacs-diocese.org\/hu\/wp-json\/wp\/v2\/posts\/14693\/revisions"}],"predecessor-version":[{"id":14696,"href":"https:\/\/munkacs-diocese.org\/hu\/wp-json\/wp\/v2\/posts\/14693\/revisions\/14696"}],"wp:featuredmedia":[{"embeddable":true,"href":"https:\/\/munkacs-diocese.org\/hu\/wp-json\/wp\/v2\/media\/14697"}],"wp:attachment":[{"href":"https:\/\/munkacs-diocese.org\/hu\/wp-json\/wp\/v2\/media?parent=14693"}],"wp:term":[{"taxonomy":"category","embeddable":true,"href":"https:\/\/munkacs-diocese.org\/hu\/wp-json\/wp\/v2\/categories?post=14693"},{"taxonomy":"post_tag","embeddable":true,"href":"https:\/\/munkacs-diocese.org\/hu\/wp-json\/wp\/v2\/tags?post=14693"}],"curies":[{"name":"wp","href":"https:\/\/api.w.org\/{rel}","templated":true}]}}