{"id":14019,"date":"2025-11-03T13:22:42","date_gmt":"2025-11-03T12:22:42","guid":{"rendered":"https:\/\/munkacs-diocese.org\/hu\/?p=14019"},"modified":"2025-11-03T13:24:36","modified_gmt":"2025-11-03T12:24:36","slug":"jubileumi-zarandoklat-ungvari-hivek-latogatasa-a-munkacsi-szent-marton-szekesegyhazban","status":"publish","type":"post","link":"https:\/\/munkacs-diocese.org\/hu\/2025\/11\/03\/jubileumi-zarandoklat-ungvari-hivek-latogatasa-a-munkacsi-szent-marton-szekesegyhazban\/","title":{"rendered":"JUBILEUMI ZAR\u00c1NDOKLAT: UNGV\u00c1RI H\u00cdVEK L\u00c1TOGAT\u00c1SA A MUNK\u00c1CSI SZENT M\u00c1RTON-SZ\u00c9KESEGYH\u00c1ZBAN"},"content":{"rendered":"<div id=\"fb-root\"><\/div>\n<p>Szombaton, okt\u00f3ber 25-\u00e9n, az ungv\u00e1ri Szenth\u00e1roms\u00e1g templom h\u00edvei\u00a0 zar\u00e1ndoklatot tettek a Szent M\u00e1rton-sz\u00e9kesegyh\u00e1zba, amely a Jubileumi \u00c9v temploma.<\/p>\n<p>A zar\u00e1ndoklatba fektetett er\u0151fesz\u00edt\u00e9s \u00a0h\u00e1lad\u00e1s minden aj\u00e1nd\u00e9k\u00e9rt \u00e9s kegyelem\u00e9rt, amelyet Isten a Jubileumi \u00c9vben az \u00a0Egyh\u00e1zra \u00e9s minden pl\u00e9b\u00e1ni\u00e1ra \u00e1rasztott.<\/p>\n<p>A \u00a0templomot megt\u00f6lt\u00f6tte a r\u00f3zsaf\u00fcz\u00e9r k\u00f6z\u00f6s im\u00e1ds\u00e1ga az Olt\u00e1riszents\u00e9g el\u0151tt, amelyet Ukrajna, a vil\u00e1g \u00e9s a lelkek b\u00e9k\u00e9j\u00e9\u00e9rt mondtak el.<\/p>\n<p><a href=\"https:\/\/munkacs-diocese.org\/hu\/wp-content\/uploads\/2025\/11\/2025-YUv.palomnytstvo-uzhgorodtsiv-05.jpg\"><img loading=\"lazy\" decoding=\"async\" class=\"aligncenter size-full wp-image-14022\" src=\"https:\/\/munkacs-diocese.org\/hu\/wp-content\/uploads\/2025\/11\/2025-YUv.palomnytstvo-uzhgorodtsiv-05.jpg\" alt=\"\" width=\"1600\" height=\"739\" srcset=\"https:\/\/munkacs-diocese.org\/hu\/wp-content\/uploads\/2025\/11\/2025-YUv.palomnytstvo-uzhgorodtsiv-05.jpg 1600w, https:\/\/munkacs-diocese.org\/hu\/wp-content\/uploads\/2025\/11\/2025-YUv.palomnytstvo-uzhgorodtsiv-05-300x139.jpg 300w, https:\/\/munkacs-diocese.org\/hu\/wp-content\/uploads\/2025\/11\/2025-YUv.palomnytstvo-uzhgorodtsiv-05-1024x473.jpg 1024w, https:\/\/munkacs-diocese.org\/hu\/wp-content\/uploads\/2025\/11\/2025-YUv.palomnytstvo-uzhgorodtsiv-05-768x355.jpg 768w, https:\/\/munkacs-diocese.org\/hu\/wp-content\/uploads\/2025\/11\/2025-YUv.palomnytstvo-uzhgorodtsiv-05-1536x709.jpg 1536w, https:\/\/munkacs-diocese.org\/hu\/wp-content\/uploads\/2025\/11\/2025-YUv.palomnytstvo-uzhgorodtsiv-05-1080x499.jpg 1080w\" sizes=\"(max-width: 1600px) 100vw, 1600px\" \/><\/a><\/p>\n<p>A szentmise jelentette a zar\u00e1ndoklat legfontosabb esem\u00e9ny\u00e9t. Pr\u00e9dik\u00e1ci\u00f3j\u00e1ban Tok\u00e1r Valentin OFM atya Assisi Szent Ferenc alakj\u00e1t mutatta be, mint a b\u00e9ke, az al\u00e1zat \u00e9s a szeg\u00e9nys\u00e9g ember\u00e9t. \u201eUram, t\u00e9gy engem b\u00e9k\u00e9d eszk\u00f6z\u00e9v\u00e9\u2026\u201d \u2013 ez az ima lett Szent Ferenc k\u00fcldet\u00e9s\u00e9nek l\u00e9nyege. \u00c9lete ennek a felh\u00edv\u00e1snak volt a megval\u00f3s\u00edt\u00e1sa: szeretetet vinni oda, ahol gy\u0171l\u00f6let van, \u00e9s b\u00e9k\u00e9t oda, ahol visz\u00e1ly uralkodik.<\/p>\n\n\t\t<style type=\"text\/css\">\n\t\t\t#gallery-1 {\n\t\t\t\tmargin: auto;\n\t\t\t}\n\t\t\t#gallery-1 .gallery-item {\n\t\t\t\tfloat: left;\n\t\t\t\tmargin-top: 10px;\n\t\t\t\ttext-align: center;\n\t\t\t\twidth: 50%;\n\t\t\t}\n\t\t\t#gallery-1 img {\n\t\t\t\tborder: 2px solid #cfcfcf;\n\t\t\t}\n\t\t\t#gallery-1 .gallery-caption {\n\t\t\t\tmargin-left: 0;\n\t\t\t}\n\t\t\t\/* see gallery_shortcode() in wp-includes\/media.php *\/\n\t\t<\/style>\n\t\t<div id='gallery-1' class='gallery galleryid-14019 gallery-columns-2 gallery-size-large'><dl class='gallery-item'>\n\t\t\t<dt class='gallery-icon landscape'>\n\t\t\t\t<a href='https:\/\/munkacs-diocese.org\/hu\/wp-content\/uploads\/2025\/11\/2025-YUv.palomnytstvo-uzhgorodtsiv-02.jpg'><img loading=\"lazy\" decoding=\"async\" width=\"1024\" height=\"473\" src=\"https:\/\/munkacs-diocese.org\/hu\/wp-content\/uploads\/2025\/11\/2025-YUv.palomnytstvo-uzhgorodtsiv-02-1024x473.jpg\" class=\"attachment-large size-large\" alt=\"\" srcset=\"https:\/\/munkacs-diocese.org\/hu\/wp-content\/uploads\/2025\/11\/2025-YUv.palomnytstvo-uzhgorodtsiv-02-1024x473.jpg 1024w, https:\/\/munkacs-diocese.org\/hu\/wp-content\/uploads\/2025\/11\/2025-YUv.palomnytstvo-uzhgorodtsiv-02-300x139.jpg 300w, https:\/\/munkacs-diocese.org\/hu\/wp-content\/uploads\/2025\/11\/2025-YUv.palomnytstvo-uzhgorodtsiv-02-768x355.jpg 768w, https:\/\/munkacs-diocese.org\/hu\/wp-content\/uploads\/2025\/11\/2025-YUv.palomnytstvo-uzhgorodtsiv-02-1536x709.jpg 1536w, https:\/\/munkacs-diocese.org\/hu\/wp-content\/uploads\/2025\/11\/2025-YUv.palomnytstvo-uzhgorodtsiv-02-1080x499.jpg 1080w, https:\/\/munkacs-diocese.org\/hu\/wp-content\/uploads\/2025\/11\/2025-YUv.palomnytstvo-uzhgorodtsiv-02.jpg 1600w\" sizes=\"(max-width: 1024px) 100vw, 1024px\" \/><\/a>\n\t\t\t<\/dt><\/dl><dl class='gallery-item'>\n\t\t\t<dt class='gallery-icon landscape'>\n\t\t\t\t<a href='https:\/\/munkacs-diocese.org\/hu\/wp-content\/uploads\/2025\/11\/2025-YUv.palomnytstvo-uzhgorodtsiv-04.jpg'><img loading=\"lazy\" decoding=\"async\" width=\"1024\" height=\"473\" src=\"https:\/\/munkacs-diocese.org\/hu\/wp-content\/uploads\/2025\/11\/2025-YUv.palomnytstvo-uzhgorodtsiv-04-1024x473.jpg\" class=\"attachment-large size-large\" alt=\"\" srcset=\"https:\/\/munkacs-diocese.org\/hu\/wp-content\/uploads\/2025\/11\/2025-YUv.palomnytstvo-uzhgorodtsiv-04-1024x473.jpg 1024w, https:\/\/munkacs-diocese.org\/hu\/wp-content\/uploads\/2025\/11\/2025-YUv.palomnytstvo-uzhgorodtsiv-04-300x139.jpg 300w, https:\/\/munkacs-diocese.org\/hu\/wp-content\/uploads\/2025\/11\/2025-YUv.palomnytstvo-uzhgorodtsiv-04-768x355.jpg 768w, https:\/\/munkacs-diocese.org\/hu\/wp-content\/uploads\/2025\/11\/2025-YUv.palomnytstvo-uzhgorodtsiv-04-1536x709.jpg 1536w, https:\/\/munkacs-diocese.org\/hu\/wp-content\/uploads\/2025\/11\/2025-YUv.palomnytstvo-uzhgorodtsiv-04-1080x499.jpg 1080w, https:\/\/munkacs-diocese.org\/hu\/wp-content\/uploads\/2025\/11\/2025-YUv.palomnytstvo-uzhgorodtsiv-04.jpg 1600w\" sizes=\"(max-width: 1024px) 100vw, 1024px\" \/><\/a>\n\t\t\t<\/dt><\/dl><br style=\"clear: both\" \/>\n\t\t<\/div>\n\n<p>A jubileumi \u00e1ld\u00e1s ut\u00e1n a h\u00edvek lelk\u00fckben meger\u0151s\u00f6dve \u00e9s h\u00e1l\u00e1val telve t\u00e9rtek vissza otthonaikba.<\/p>\n<p style=\"text-align: right;\"><em>Forr\u00e1s: Az ungv\u00e1ri Szenth\u00e1roms\u00e1g pl\u00e9b\u00e1ni h\u00edrei alapj\u00e1n<\/em><\/p>\n","protected":false},"excerpt":{"rendered":"<p>Szombaton, okt\u00f3ber 25-\u00e9n, az ungv\u00e1ri Szenth\u00e1roms\u00e1g templom h\u00edvei\u00a0 zar\u00e1ndoklatot tettek a Szent M\u00e1rton-sz\u00e9kesegyh\u00e1zba, amely a Jubileumi \u00c9v temploma. A zar\u00e1ndoklatba fektetett er\u0151fesz\u00edt\u00e9s \u00a0h\u00e1lad\u00e1s minden aj\u00e1nd\u00e9k\u00e9rt \u00e9s kegyelem\u00e9rt, amelyet Isten a Jubileumi \u00c9vben az \u00a0Egyh\u00e1zra \u00e9s minden pl\u00e9b\u00e1ni\u00e1ra \u00e1rasztott. A \u00a0templomot megt\u00f6lt\u00f6tte a r\u00f3zsaf\u00fcz\u00e9r k\u00f6z\u00f6s im\u00e1ds\u00e1ga az Olt\u00e1riszents\u00e9g el\u0151tt, amelyet Ukrajna, a vil\u00e1g \u00e9s a lelkek [&hellip;]<\/p>\n","protected":false},"author":1,"featured_media":14020,"comment_status":"open","ping_status":"open","sticky":false,"template":"","format":"standard","meta":{"_acf_changed":false,"_et_pb_use_builder":"","_et_pb_old_content":"","_et_gb_content_width":"","footnotes":""},"categories":[59],"tags":[],"class_list":["post-14019","post","type-post","status-publish","format-standard","has-post-thumbnail","hentry","category-egyhazmegyenk-hirei","et-has-post-format-content","et_post_format-et-post-format-standard"],"acf":[],"_links":{"self":[{"href":"https:\/\/munkacs-diocese.org\/hu\/wp-json\/wp\/v2\/posts\/14019"}],"collection":[{"href":"https:\/\/munkacs-diocese.org\/hu\/wp-json\/wp\/v2\/posts"}],"about":[{"href":"https:\/\/munkacs-diocese.org\/hu\/wp-json\/wp\/v2\/types\/post"}],"author":[{"embeddable":true,"href":"https:\/\/munkacs-diocese.org\/hu\/wp-json\/wp\/v2\/users\/1"}],"replies":[{"embeddable":true,"href":"https:\/\/munkacs-diocese.org\/hu\/wp-json\/wp\/v2\/comments?post=14019"}],"version-history":[{"count":3,"href":"https:\/\/munkacs-diocese.org\/hu\/wp-json\/wp\/v2\/posts\/14019\/revisions"}],"predecessor-version":[{"id":14026,"href":"https:\/\/munkacs-diocese.org\/hu\/wp-json\/wp\/v2\/posts\/14019\/revisions\/14026"}],"wp:featuredmedia":[{"embeddable":true,"href":"https:\/\/munkacs-diocese.org\/hu\/wp-json\/wp\/v2\/media\/14020"}],"wp:attachment":[{"href":"https:\/\/munkacs-diocese.org\/hu\/wp-json\/wp\/v2\/media?parent=14019"}],"wp:term":[{"taxonomy":"category","embeddable":true,"href":"https:\/\/munkacs-diocese.org\/hu\/wp-json\/wp\/v2\/categories?post=14019"},{"taxonomy":"post_tag","embeddable":true,"href":"https:\/\/munkacs-diocese.org\/hu\/wp-json\/wp\/v2\/tags?post=14019"}],"curies":[{"name":"wp","href":"https:\/\/api.w.org\/{rel}","templated":true}]}}