{"id":1397,"date":"2016-01-24T07:52:59","date_gmt":"2016-01-24T05:52:59","guid":{"rendered":"http:\/\/munkacs-diocese.org\/hu\/2016\/01\/24\/munkacsi-szent-istvan-liceum\/"},"modified":"2016-01-24T07:52:59","modified_gmt":"2016-01-24T05:52:59","slug":"munkacsi-szent-istvan-liceum","status":"publish","type":"post","link":"https:\/\/munkacs-diocese.org\/hu\/2016\/01\/24\/munkacsi-szent-istvan-liceum\/","title":{"rendered":"Munk\u00e1csi Szent Istv\u00e1n L\u00edceum"},"content":{"rendered":"<div id=\"fb-root\"><\/div>\n<p style=\"text-align: center;\"><span style=\"font-size: 12pt;\"><strong>Prom\u00f3ci\u00f3s kisfilmmel ind\u00edtja idei felv\u00e9teli kamp\u00e1ny\u00e1t<br \/> a Munk\u00e1csi Szent Istv\u00e1n Katolikus L\u00edceum<\/strong><\/span> <\/p>\n<p><span style=\"font-size: 12px; font-family: verdana; color: #61573c;\"><img loading=\"lazy\" decoding=\"async\" class=\" alignleft size-full wp-image-1396\" style=\"float: left;\" src=\"https:\/\/munkacs-diocese.org\/hu\/wp-content\/uploads\/2016\/01\/liceum-facebook-profil.jpg\" alt=\"\" height=\"185\" width=\"185\" srcset=\"https:\/\/munkacs-diocese.org\/hu\/wp-content\/uploads\/2016\/01\/liceum-facebook-profil.jpg 600w, https:\/\/munkacs-diocese.org\/hu\/wp-content\/uploads\/2016\/01\/liceum-facebook-profil-150x150.jpg 150w, https:\/\/munkacs-diocese.org\/hu\/wp-content\/uploads\/2016\/01\/liceum-facebook-profil-300x300.jpg 300w, https:\/\/munkacs-diocese.org\/hu\/wp-content\/uploads\/2016\/01\/liceum-facebook-profil-440x440.jpg 440w\" sizes=\"(max-width: 185px) 100vw, 185px\" \/>A Munk\u00e1csi Szent Istv\u00e1n Katolikus L\u00edceum 2003-ban kapta a megyei \u00c1llami Adminisztr\u00e1ci\u00f3 Tudom\u00e1nyos \u00e9s Oktat\u00e1si F\u00f5oszt\u00e1ly\u00e1nak min\u00f5s\u00edt\u00e9s\u00e9t, \u00edgy \u00e1llamilag elismert oktat\u00e1si tev\u00e9kenys\u00e9get folytat \u00e9s \u00e9retts\u00e9gi bizony\u00edtv\u00e1nyt ad v\u00e9gz\u00f5seinek. A l\u00edceumnak a Szent M\u00e1rton Egyh\u00e1zmegyei Karit\u00e1sz az alap\u00edt\u00f3ja \u00e9s 2004. j\u00falius\u00e1t\u00f3l a Szent Istv\u00e1n nevet viseli \u00e9s a Munk\u00e1csi R\u00f3mai Katolikus Egyh\u00e1zmegye \u00e9gisze alatt m\u0171k\u00f6dik.<\/span> <\/p>\n<p>  <!--more-->  <\/p>\n<p>&nbsp;<\/p>\n<p>&nbsp;<\/p>\n<p><span style=\"font-size: 12px; font-family: verdana; color: #61573c;\">A tanint\u00e9zm\u00e9ny oktat\u00e1si rendszere \u00e9s infrastrukt\u00far\u00e1ja az elm\u00falt \u00e9vek sor\u00e1n jelent\u0151s fejleszt\u00e9sen ment \u00e1t, &#8211; korszer\u0171 le\u00e1ny- \u00e9s fiukoll\u00e9giummal, j\u00f3l felszerelt tornateremmel, \u00e9tkezd\u00e9vel, konferencia- \u00e9s t\u00e1ncteremmel, k\u00e9mia-, fizika- \u00e9s idegennyelv-szaktantermekkel rendelkezik. Valamint korszer\u0171en felszerelt sz\u00e1m\u00edt\u00f3g\u00e9pterem \u00e9s Internet hozz\u00e1f\u00e9rhet\u0151s\u00e9g \u00e1ll a di\u00e1kok \u00e9s a pedag\u00f3gusok rendelkez\u00e9s\u00e9re. A tanulm\u00e1nyi id\u0151 4 \u00e9s\/vagy 2 \u00e9v (a 7. vagy a 9. oszt\u00e1ly ut\u00e1n) a megye eg\u00e9sz ter\u00fclet\u00e9r\u0151l \u00e9rkez\u0151 di\u00e1kok felv\u00e9tele nincs felekezethez k\u00f6tve.<\/span> <\/p>\n<p><span style=\"font-size: 12px; font-family: verdana; color: #61573c;\">Az ide jelentkez\u0151 di\u00e1kok h\u00e1rom szakir\u00e1ny k\u00f6z\u00fcl v\u00e1laszthatnak: az informatika, az idegen (angol, n\u00e9met) nyelvek \u00e9s turisztika. Angol nyelvb\u0151l B2 szint\u0171 Cambridge-i nyelvizsg\u00e1t tehetnek le az itt tanul\u00f3 di\u00e1kok. Az informatikai szakir\u00e1ny lehet\u0151s\u00e9get ad sz\u00e1m\u00edt\u00f3g\u00e9pkezel\u0151i ECDL-bizonyitv\u00e1ny megszerz\u00e9s\u00e9hez \u00e9s a turisztika szak j\u00f3 alapot ny\u00fajt az esetleges tov\u00e1bbi tanulm\u00e1nyokhoz, idegenvezet\u0151i k\u00e9pes\u00edt\u00e9s megszerz\u00e9s\u00e9hez.<\/p>\n<p><span style=\"font-size: 12px; font-family: verdana; color: #61573c;\">A tanulm\u00e1nyok mellett a di\u00e1kok akt\u00edv k\u00f6z\u00f6ss\u00e9gi \u00e9s lelki programokban vesznek r\u00e9szt.<\/p>\n<p style=\"text-align: center;\"><strong>A prom\u00f3ci\u00f3s kisfilm:<\/strong> <\/p>\n<p style=\"text-align: center;\"><strong><iframe loading=\"lazy\" width=\"430\" height=\"242\" src=\"https:\/\/www.youtube.com\/embed\/laMSHb3Mq-Q?rel=0\" frameborder=\"0\" allowfullscreen><\/iframe><\/strong> <\/p>\n<p style=\"text-align: center;\">&nbsp;<\/p>\n<p style=\"text-align: center;\"><strong>&#8230;\u00e9s a l\u00edceum bemutat\u00e1s\u00e1r\u00f3l sz\u00f3l\u00f3 kisfilm hosszabb v\u00e1ltozata:<\/strong> <\/p>\n<p style=\"text-align: center;\"><strong><iframe loading=\"lazy\" width=\"430\" height=\"242\" src=\"https:\/\/www.youtube.com\/embed\/huv1SCKvHA4?rel=0\" frameborder=\"0\" allowfullscreen><\/iframe><\/strong> <\/p>\n<p>&nbsp;<\/p>\n<p>&nbsp;<\/p>\n<p>&nbsp;<\/p>\n<p><span style=\"font-size: 12px; font-family: verdana; color: #61573c;\">&nbsp;<\/span> <\/p>\n","protected":false},"excerpt":{"rendered":"<p>Prom\u00f3ci\u00f3s kisfilmmel ind\u00edtja idei felv\u00e9teli kamp\u00e1ny\u00e1t a Munk\u00e1csi Szent Istv\u00e1n Katolikus L\u00edceum A Munk\u00e1csi Szent Istv\u00e1n Katolikus L\u00edceum 2003-ban kapta a megyei \u00c1llami Adminisztr\u00e1ci\u00f3 Tudom\u00e1nyos \u00e9s Oktat\u00e1si F\u00f5oszt\u00e1ly\u00e1nak min\u00f5s\u00edt\u00e9s\u00e9t, \u00edgy \u00e1llamilag elismert oktat\u00e1si tev\u00e9kenys\u00e9get folytat \u00e9s \u00e9retts\u00e9gi bizony\u00edtv\u00e1nyt ad v\u00e9gz\u00f5seinek. A l\u00edceumnak a Szent M\u00e1rton Egyh\u00e1zmegyei Karit\u00e1sz az alap\u00edt\u00f3ja \u00e9s 2004. j\u00falius\u00e1t\u00f3l a Szent Istv\u00e1n [&hellip;]<\/p>\n","protected":false},"author":1,"featured_media":1396,"comment_status":"open","ping_status":"open","sticky":false,"template":"","format":"standard","meta":{"_acf_changed":false,"_et_pb_use_builder":"","_et_pb_old_content":"","_et_gb_content_width":"","footnotes":""},"categories":[10],"tags":[],"class_list":["post-1397","post","type-post","status-publish","format-standard","has-post-thumbnail","hentry","category-aktualis-hirek","et-has-post-format-content","et_post_format-et-post-format-standard"],"acf":[],"_links":{"self":[{"href":"https:\/\/munkacs-diocese.org\/hu\/wp-json\/wp\/v2\/posts\/1397"}],"collection":[{"href":"https:\/\/munkacs-diocese.org\/hu\/wp-json\/wp\/v2\/posts"}],"about":[{"href":"https:\/\/munkacs-diocese.org\/hu\/wp-json\/wp\/v2\/types\/post"}],"author":[{"embeddable":true,"href":"https:\/\/munkacs-diocese.org\/hu\/wp-json\/wp\/v2\/users\/1"}],"replies":[{"embeddable":true,"href":"https:\/\/munkacs-diocese.org\/hu\/wp-json\/wp\/v2\/comments?post=1397"}],"version-history":[{"count":0,"href":"https:\/\/munkacs-diocese.org\/hu\/wp-json\/wp\/v2\/posts\/1397\/revisions"}],"wp:featuredmedia":[{"embeddable":true,"href":"https:\/\/munkacs-diocese.org\/hu\/wp-json\/wp\/v2\/media\/1396"}],"wp:attachment":[{"href":"https:\/\/munkacs-diocese.org\/hu\/wp-json\/wp\/v2\/media?parent=1397"}],"wp:term":[{"taxonomy":"category","embeddable":true,"href":"https:\/\/munkacs-diocese.org\/hu\/wp-json\/wp\/v2\/categories?post=1397"},{"taxonomy":"post_tag","embeddable":true,"href":"https:\/\/munkacs-diocese.org\/hu\/wp-json\/wp\/v2\/tags?post=1397"}],"curies":[{"name":"wp","href":"https:\/\/api.w.org\/{rel}","templated":true}]}}