{"id":139,"date":"2010-12-03T00:00:00","date_gmt":"2010-12-02T22:00:00","guid":{"rendered":"http:\/\/munkacs-diocese.org\/hu\/2010\/12\/03\/huszti-templom\/"},"modified":"2010-12-03T00:00:00","modified_gmt":"2010-12-02T22:00:00","slug":"huszti-templom","status":"publish","type":"post","link":"https:\/\/munkacs-diocese.org\/hu\/2010\/12\/03\/huszti-templom\/","title":{"rendered":"Huszti templom"},"content":{"rendered":"<div id=\"fb-root\"><\/div>\n<div align=\"center\"> <\/div>\n<div align=\"center\"> <\/div>\n<div align=\"center\"> <\/div>\n<p align=\"center\"><strong>A HUSZTI R\u00d3MAI KATOLIKUS TEMPLOM<\/strong><\/p>\n<p><a href=\"#\" onclick=\"javascript:window.open('http:\/\/www.munkacs-diocese.org\/hu\/templom-huszt.html','_blank','status=yes,top=180,left=300,width=640,height=504');\"><\/p>\n<div style=\"text-align: center\"><img loading=\"lazy\" decoding=\"async\" width=\"400\" height=\"176\" class=\" size-full wp-image-138\" src=\"https:\/\/munkacs-diocese.org\/hu\/wp-content\/uploads\/2010\/12\/templom-huszt.jpg\" border=\"0\" srcset=\"https:\/\/munkacs-diocese.org\/hu\/wp-content\/uploads\/2010\/12\/templom-huszt.jpg 400w, https:\/\/munkacs-diocese.org\/hu\/wp-content\/uploads\/2010\/12\/templom-huszt-300x132.jpg 300w\" sizes=\"(max-width: 400px) 100vw, 400px\" \/><\/div>\n<p><\/a><\/p>\n<p align=\"center\"><a href=\"#\" onclick=\"javascript:window.open('http:\/\/www.munkacs-diocese.org\/hu\/templom-huszt.html','_blank','status=yes,top=180,left=300,width=640,height=504');\"><font style=\"font-size: 11px; font-family: verdana; color: #910000\"><strong>A templom megtekint\u00e9se<\/strong><\/font><\/a><\/p>\n<p>   \t <img loading=\"lazy\" decoding=\"async\" src=\"..\/templomok\/images\/huszt.jpg\" border=\"0\" width=\"94\" height=\"118\" align=\"left\" \/>\t  \t Titulus: Szent Anna<\/p>\n<p> \tB\u00e1r a huszti pl\u00e9b\u00e1ni\u00e1n\u00e1l az els\u00f4 \u00edr\u00e1sos dokumentum csak a 14. sz\u00e1zadban  tesz eml\u00edt\u00e9st, nagy val\u00f3sz\u00edn\u00fbs\u00e9ggel m\u00e1r j\u00f3val \u00f4sibb id\u00f4kben is  l\u00e9tezett, hiszen a v\u00e1rat m\u00e9g Szent L\u00e1szl\u00f3 kir\u00e1ly \u00e9p\u00edttette 1091  k\u00f6rny\u00e9k\u00e9n a m\u00e1ramarosi s\u00f3b\u00e1ny\u00e1k v\u00e9delm\u00e9re, s nyilv\u00e1n templom is \u00e9p\u00fclt  vele.<\/p>\n<p> \tA v\u00e1rr\u00f3l m\u00e9g annyit, hogy az 1766. j\u00falius 3-\u00e1n vill\u00e1mt\u00f3l s\u00fajtva \u00e9gett  le, s amit a t\u00fbzv\u00e9sz nem puszt\u00edtott el, azt a felrobban\u00f3 l\u00f4por fejezte  be. Csodak\u00e9nt tartj\u00e1k sz\u00e1mon, hogy amikor Scholz Felici\u00e1n v\u00e1rkapit\u00e1ny a  t\u00fbz el\u00f4l menek\u00fclve a v\u00e1rhegy legmeredekebb oldal\u00e1n ereszkedett le a  k\u00e1polna szentelt t\u00e1rgyalt mentve, \u00e9ps\u00e9gben \u00e9rt biztons\u00e1gba. II. J\u00f3zsef  parancs\u00e1ra a v\u00e1rat ki\u00fcr\u00edtve mag\u00e1ra hagyt\u00e1k.<\/p>\n<p>  1459-ben M\u00e1ty\u00e1s kir\u00e1ly adom\u00e1ny\u00e1b\u00f3l P\u00e9ter huszti pap \u00e9s a Szent Erzs\u00e9bet  templom nagy f\u00f6ldbirtokhoz jutott a k\u00f6rny\u00e9ken. Az 1540-es \u00e9vekben ap\u00e1c\u00e1k  is voltak Huszton, valamint ferences \u00e9s Benedek rendbeli szerzetesek,  akik er\u00f4s ellen\u00e1ll\u00e1st fejtettek ki Luther tanaival szemben. \u00c1m hi\u00e1ba,  mert 1555-ben a hitk\u00f6zs\u00e9g pl\u00e9b\u00e1nosa eg\u00e9sz ny\u00e1j\u00e1t \u00e1tvitte a hit\u00faj\u00edt\u00f3k  t\u00e1bor\u00e1ba.<\/p>\n<p> \tCsak 1765-ben \u00e1ll\u00edttatott vissza a koronav\u00e1ros pl\u00e9b\u00e1ni\u00e1ja. Sok k\u00eds\u00e9rlet  t\u00f6rt\u00e9nt az \u00f4si templom visszaszerz\u00e9s\u00e9re, m\u00edg v\u00e9g\u00fcl 1799-ben letett\u00e9k az  alapk\u00f6v\u00e9t a mostani templomnak. 1945 ut\u00e1n megsemmis\u00edtett\u00e9k az egyh\u00e1zi  okiratokat \u00e9s a felbecs\u00fclhetetlen \u00e9rt\u00e9k\u00fb t\u00f6rt\u00e9nelmi feljegyz\u00e9seket. Az  eln\u00e9m\u00edtott harangok 1988 kar\u00e1csony\u00e1n sz\u00f3lalhattak meg \u00fajra.<\/p>\n<p> Anyak\u00f6nyvez\u00e9s: 1720-t\u00f3l.<\/p>\n<p>H\u00edvek sz\u00e1ma: 1500.<\/p>\n<div align=\"center\"> <\/div>\n<div align=\"center\"> <\/div>\n<div align=\"center\"> <\/div>\n<div align=\"center\"> <\/div>\n<div align=\"center\">\u00a0<\/div>\n<div align=\"center\">\u00a0<\/div>\n<div align=\"center\"> <\/div>\n<div align=\"center\"> <\/div>\n","protected":false},"excerpt":{"rendered":"<p>A HUSZTI R\u00d3MAI KATOLIKUS TEMPLOM A templom megtekint\u00e9se Titulus: Szent Anna B\u00e1r a huszti pl\u00e9b\u00e1ni\u00e1n\u00e1l az els\u00f4 \u00edr\u00e1sos dokumentum csak a 14. sz\u00e1zadban tesz eml\u00edt\u00e9st, nagy val\u00f3sz\u00edn\u00fbs\u00e9ggel m\u00e1r j\u00f3val \u00f4sibb id\u00f4kben is l\u00e9tezett, hiszen a v\u00e1rat m\u00e9g Szent L\u00e1szl\u00f3 kir\u00e1ly \u00e9p\u00edttette 1091 k\u00f6rny\u00e9k\u00e9n a m\u00e1ramarosi s\u00f3b\u00e1ny\u00e1k v\u00e9delm\u00e9re, s nyilv\u00e1n templom is \u00e9p\u00fclt vele. A v\u00e1rr\u00f3l [&hellip;]<\/p>\n","protected":false},"author":1,"featured_media":138,"comment_status":"open","ping_status":"open","sticky":false,"template":"","format":"standard","meta":{"_acf_changed":false,"_et_pb_use_builder":"","_et_pb_old_content":"","_et_gb_content_width":"","footnotes":""},"categories":[16],"tags":[],"class_list":["post-139","post","type-post","status-publish","format-standard","has-post-thumbnail","hentry","category-huszti-jaras","et-has-post-format-content","et_post_format-et-post-format-standard"],"acf":[],"_links":{"self":[{"href":"https:\/\/munkacs-diocese.org\/hu\/wp-json\/wp\/v2\/posts\/139"}],"collection":[{"href":"https:\/\/munkacs-diocese.org\/hu\/wp-json\/wp\/v2\/posts"}],"about":[{"href":"https:\/\/munkacs-diocese.org\/hu\/wp-json\/wp\/v2\/types\/post"}],"author":[{"embeddable":true,"href":"https:\/\/munkacs-diocese.org\/hu\/wp-json\/wp\/v2\/users\/1"}],"replies":[{"embeddable":true,"href":"https:\/\/munkacs-diocese.org\/hu\/wp-json\/wp\/v2\/comments?post=139"}],"version-history":[{"count":0,"href":"https:\/\/munkacs-diocese.org\/hu\/wp-json\/wp\/v2\/posts\/139\/revisions"}],"wp:featuredmedia":[{"embeddable":true,"href":"https:\/\/munkacs-diocese.org\/hu\/wp-json\/wp\/v2\/media\/138"}],"wp:attachment":[{"href":"https:\/\/munkacs-diocese.org\/hu\/wp-json\/wp\/v2\/media?parent=139"}],"wp:term":[{"taxonomy":"category","embeddable":true,"href":"https:\/\/munkacs-diocese.org\/hu\/wp-json\/wp\/v2\/categories?post=139"},{"taxonomy":"post_tag","embeddable":true,"href":"https:\/\/munkacs-diocese.org\/hu\/wp-json\/wp\/v2\/tags?post=139"}],"curies":[{"name":"wp","href":"https:\/\/api.w.org\/{rel}","templated":true}]}}