{"id":13642,"date":"2025-07-26T15:27:08","date_gmt":"2025-07-26T13:27:08","guid":{"rendered":"https:\/\/munkacs-diocese.org\/hu\/?p=13642"},"modified":"2025-07-26T15:27:08","modified_gmt":"2025-07-26T13:27:08","slug":"a-beke-hordozoi-domonkosok-imadkoztak-ukrajnaert-krakkoban","status":"publish","type":"post","link":"https:\/\/munkacs-diocese.org\/hu\/2025\/07\/26\/a-beke-hordozoi-domonkosok-imadkoztak-ukrajnaert-krakkoban\/","title":{"rendered":"A b\u00e9ke hordoz\u00f3i \u2013 domonkosok im\u00e1dkoztak Ukrajn\u00e1\u00e9rt Krakk\u00f3ban"},"content":{"rendered":"<div id=\"fb-root\"><\/div>\n<p style=\"text-align: justify;\">2025. j\u00falius 25-\u00e9n este, a Pr\u00e9dik\u00e1torok Rendje (domonkosok) <strong>\u00c1ltal\u00e1nos K\u00e1ptalanj\u00e1nak<\/strong> keret\u00e9ben <strong>imavirraszt\u00e1st tartottak a krakk\u00f3i Szenth\u00e1roms\u00e1g-bazilik\u00e1ban<\/strong>, amelyen a vil\u00e1g minden t\u00e1j\u00e1r\u00f3l \u00e9rkezett szerzetesek, n\u0151v\u00e9rek, vil\u00e1gi domonkosok \u00e9s h\u00edv\u0151k egyes\u00fcltek az im\u00e1ban a b\u00e9k\u00e9\u00e9rt \u2013 k\u00fcl\u00f6n\u00f6sen <strong>Ukrajn\u00e1\u00e9rt<\/strong>, valamint minden h\u00e1bor\u00fa s\u00fajtotta t\u00e9rs\u00e9g\u00e9rt.<\/p>\n<p style=\"text-align: justify;\">A virraszt\u00e1st <strong>Lucsok<\/strong> <strong>Mikl\u00f3s OP<\/strong>, a munk\u00e1csi r\u00f3mai katolikus egyh\u00e1zmegye p\u00fcsp\u00f6ke vezette, aki besz\u00e9d\u00e9ben szem\u00e9lyes tan\u00fas\u00e1gt\u00e9telt mondott.<\/p>\n<p style=\"text-align: justify;\"><strong>\u201eEgy olyan orsz\u00e1gb\u00f3l j\u00f6v\u00f6k, ahol a h\u00e1bor\u00fa m\u00e1r sok \u00e9ve tart, \u00e9s a horizonton nem l\u00e1tszik a v\u00e9ge. Ez a h\u00e1bor\u00fa sok n\u00e9pet \u00e9rint, ez\u00e9rt k\u00fcl\u00f6n\u00f6sen fontos, hogy itt, Krakk\u00f3ban \u2013 a Rend k\u00e9pvisel\u0151inek jelenl\u00e9t\u00e9ben \u2013 k\u00f6z\u00f6sen im\u00e1dkozunk a b\u00e9k\u00e9\u00e9rt.\u201d<\/strong><\/p>\n<p style=\"text-align: justify;\"><strong>\u201eK\u00f6sz\u00f6n\u00f6m a megh\u00edv\u00e1st. Itt \u00e1llok el\u0151ttetek, Isten gondvisel\u00e9s\u00e9be \u00e9s irgalm\u00e1ba vetett bizalommal, abban a hitben, hogy az \u00dar b\u00e9k\u00e9t akar hozni \u2013 rajtunk kereszt\u00fcl, az im\u00e1ink \u00e1ltal.\u201d<\/strong><\/p>\n<p style=\"text-align: justify;\">A p\u00fcsp\u00f6k elmondta, hogy a h\u00e1bor\u00fa kezdete \u00f3ta egy k\u00e9rd\u00e9s foglalkoztatja m\u00e9lyen:<\/p>\n<p style=\"text-align: justify;\"><strong>\u201eMit kell tennem? A h\u00e1bor\u00fa, a szenved\u00e9s, az er\u0151szak \u00e9s a puszt\u00edt\u00e1s k\u00f6zepette \u2013 amikor \u00fagy t\u0171nik, minden a h\u00e1bor\u00fa folytat\u00e1s\u00e1nak kedvez \u2013 mit tehetek \u00e9n, hogy b\u00e9k\u00e9t \u00e9p\u00edtsek? Uram, mit cselekedjem?\u201d<\/strong><\/p>\n<p style=\"text-align: justify;\">Majd \u00edgy v\u00e1laszolt \u00f6nmag\u00e1nak \u00e9s a hallgat\u00f3s\u00e1gnak:<\/p>\n<p style=\"text-align: justify;\"><strong>\u201eA Szentl\u00e9lek arra eml\u00e9keztet: el\u0151sz\u00f6r is nekem kell m\u00e9lyen elmer\u00fcln\u00f6m J\u00e9zus Krisztus b\u00e9k\u00e9j\u00e9ben. Ez az els\u0151 feladatom. Ha az \u0150 b\u00e9k\u00e9j\u00e9ben \u00e9lek, vil\u00e1gosan l\u00e1tom majd, kinek \u00e9s hogyan kell seg\u00edtenem, kinek kell szolg\u00e1lnom. Mert ha a sz\u00edvemben nincs b\u00e9ke, akkor f\u00e9lelem k\u00f6lt\u00f6zik oda.\u201d<\/strong><\/p>\n<p style=\"text-align: justify;\"><strong>\u201eK\u00e9t \u00e1llapot van: b\u00e9ke \u2013 vagy f\u00e9lelem. A f\u00e9lelem mindig a b\u00e9ke hi\u00e1nya a sz\u00edvben.\u201d<\/strong><\/p>\n<p style=\"text-align: justify;\">V\u00e9g\u00fcl arra k\u00e9rte a jelenl\u00e9v\u0151ket:<\/p>\n<p style=\"text-align: justify;\"><strong>\u201eA Felt\u00e1madt Krisztus Lelk\u00e9hez fordulok, hogy t\u00f6lts\u00f6n el benn\u00fcnket az \u0150 b\u00e9k\u00e9j\u00e9vel. Im\u00e1dkozom a b\u00e9k\u00e9\u00e9rt Ukrajn\u00e1ban, a vil\u00e1g minden pontj\u00e1n, ahol h\u00e1bor\u00fa d\u00fal, \u00e9s azok megt\u00e9r\u00e9s\u00e9\u00e9rt, akiket a h\u00e1bor\u00fa szelleme ural. K\u00e9rlek benneteket: ne sz\u0171nj\u00fcnk meg im\u00e1dkozni a b\u00e9k\u00e9\u00e9rt. Legy\u00fcnk a b\u00e9ke hordoz\u00f3i.\u201d<\/strong><\/p>\n<p><img loading=\"lazy\" decoding=\"async\" class=\"alignnone size-full wp-image-13647\" src=\"https:\/\/munkacs-diocese.org\/hu\/wp-content\/uploads\/2025\/07\/krakiw_molytwa-za-myr_op_luchok-optimized.webp\" alt=\"\" width=\"1281\" height=\"854\" srcset=\"https:\/\/munkacs-diocese.org\/hu\/wp-content\/uploads\/2025\/07\/krakiw_molytwa-za-myr_op_luchok-optimized.webp 1281w, https:\/\/munkacs-diocese.org\/hu\/wp-content\/uploads\/2025\/07\/krakiw_molytwa-za-myr_op_luchok-optimized-300x200.webp 300w, https:\/\/munkacs-diocese.org\/hu\/wp-content\/uploads\/2025\/07\/krakiw_molytwa-za-myr_op_luchok-optimized-1024x683.webp 1024w, https:\/\/munkacs-diocese.org\/hu\/wp-content\/uploads\/2025\/07\/krakiw_molytwa-za-myr_op_luchok-optimized-768x512.webp 768w, https:\/\/munkacs-diocese.org\/hu\/wp-content\/uploads\/2025\/07\/krakiw_molytwa-za-myr_op_luchok-optimized-1080x720.webp 1080w\" sizes=\"(max-width: 1281px) 100vw, 1281px\" \/><\/p>\n<p style=\"text-align: justify;\">A virraszt\u00e1s r\u00e9sze volt annak az esem\u00e9nysorozatnak, amelyet a <strong>Pr\u00e9dik\u00e1torok Rendje 2025. j\u00falius 19. \u00e9s augusztus 8.<\/strong> k\u00f6z\u00f6tt tart <strong>Krakk\u00f3ban<\/strong> \u2013 az <strong>\u00c1ltal\u00e1nos K\u00e1ptalan<\/strong> keret\u00e9ben.<\/p>\n<p style=\"text-align: justify;\">A k\u00e1ptalanra a vil\u00e1g domonkos k\u00f6z\u00f6ss\u00e9geinek vezet\u0151i \u00e9rkeztek: <strong>49 domonkos szerzetes<\/strong> vesz r\u00e9szt rajta, k\u00f6zt\u00fck a Rend mestere, <strong>Gerard Timoner OP<\/strong>, valamint kor\u00e1bbi rendf\u0151n\u00f6k\u00f6k, p\u00e9ld\u00e1ul <strong>Timothy Radcliffe b\u00edboros OP<\/strong> \u00e9s <strong>Bruno Cador\u00e9 OP<\/strong>.<\/p>\n<p><img loading=\"lazy\" decoding=\"async\" class=\"alignnone size-full wp-image-13643\" src=\"https:\/\/munkacs-diocese.org\/hu\/wp-content\/uploads\/2025\/07\/general-op-ep-luchok-optimized.webp\" alt=\"\" width=\"1281\" height=\"854\" srcset=\"https:\/\/munkacs-diocese.org\/hu\/wp-content\/uploads\/2025\/07\/general-op-ep-luchok-optimized.webp 1281w, https:\/\/munkacs-diocese.org\/hu\/wp-content\/uploads\/2025\/07\/general-op-ep-luchok-optimized-300x200.webp 300w, https:\/\/munkacs-diocese.org\/hu\/wp-content\/uploads\/2025\/07\/general-op-ep-luchok-optimized-1024x683.webp 1024w, https:\/\/munkacs-diocese.org\/hu\/wp-content\/uploads\/2025\/07\/general-op-ep-luchok-optimized-768x512.webp 768w, https:\/\/munkacs-diocese.org\/hu\/wp-content\/uploads\/2025\/07\/general-op-ep-luchok-optimized-1080x720.webp 1080w\" sizes=\"(max-width: 1281px) 100vw, 1281px\" \/><\/p>\n<p style=\"text-align: justify;\">Az esem\u00e9ny c\u00e9lja a Rend j\u00f6v\u0151j\u00e9nek form\u00e1l\u00e1sa, a k\u00f6z\u00f6ss\u00e9gi k\u00fcldet\u00e9s meger\u0151s\u00edt\u00e9se, valamint a Konstit\u00faci\u00f3k \u00e1ltal el\u0151\u00edrt d\u00f6nt\u00e9sek meghozatala a tartom\u00e1nyok, el\u00f6lj\u00e1r\u00f3k \u00e9s szolg\u00e1latok vonatkoz\u00e1s\u00e1ban. A dokumentumokat t\u00f6bb nyelven \u2013 angolul, franci\u00e1ul \u00e9s spanyolul \u2013 k\u00e9sz\u00edtik el\u0151 \u00e9s fogadj\u00e1k el.<\/p>\n<p style=\"text-align: justify;\">A k\u00e1ptalan <strong>augusztus 8-\u00e1n<\/strong>, <strong>Szent Domonkos<\/strong>, a Rend alap\u00edt\u00f3j\u00e1nak liturgikus eml\u00e9knapj\u00e1n z\u00e1rul.<\/p>\n\n\t\t<style type=\"text\/css\">\n\t\t\t#gallery-1 {\n\t\t\t\tmargin: auto;\n\t\t\t}\n\t\t\t#gallery-1 .gallery-item {\n\t\t\t\tfloat: left;\n\t\t\t\tmargin-top: 10px;\n\t\t\t\ttext-align: center;\n\t\t\t\twidth: 33%;\n\t\t\t}\n\t\t\t#gallery-1 img {\n\t\t\t\tborder: 2px solid #cfcfcf;\n\t\t\t}\n\t\t\t#gallery-1 .gallery-caption {\n\t\t\t\tmargin-left: 0;\n\t\t\t}\n\t\t\t\/* see gallery_shortcode() in wp-includes\/media.php *\/\n\t\t<\/style>\n\t\t<div id='gallery-1' class='gallery galleryid-13642 gallery-columns-3 gallery-size-full'><dl class='gallery-item'>\n\t\t\t<dt class='gallery-icon landscape'>\n\t\t\t\t<a href='https:\/\/munkacs-diocese.org\/hu\/2025\/07\/26\/a-beke-hordozoi-domonkosok-imadkoztak-ukrajnaert-krakkoban\/kapitul-op-krakow-optimized\/'><img loading=\"lazy\" decoding=\"async\" width=\"1281\" height=\"854\" src=\"https:\/\/munkacs-diocese.org\/hu\/wp-content\/uploads\/2025\/07\/kapitul-op-krakow-optimized.webp\" class=\"attachment-full size-full\" alt=\"\" srcset=\"https:\/\/munkacs-diocese.org\/hu\/wp-content\/uploads\/2025\/07\/kapitul-op-krakow-optimized.webp 1281w, https:\/\/munkacs-diocese.org\/hu\/wp-content\/uploads\/2025\/07\/kapitul-op-krakow-optimized-300x200.webp 300w, https:\/\/munkacs-diocese.org\/hu\/wp-content\/uploads\/2025\/07\/kapitul-op-krakow-optimized-1024x683.webp 1024w, https:\/\/munkacs-diocese.org\/hu\/wp-content\/uploads\/2025\/07\/kapitul-op-krakow-optimized-768x512.webp 768w, https:\/\/munkacs-diocese.org\/hu\/wp-content\/uploads\/2025\/07\/kapitul-op-krakow-optimized-1080x720.webp 1080w\" sizes=\"(max-width: 1281px) 100vw, 1281px\" \/><\/a>\n\t\t\t<\/dt><\/dl><dl class='gallery-item'>\n\t\t\t<dt class='gallery-icon landscape'>\n\t\t\t\t<a href='https:\/\/munkacs-diocese.org\/hu\/2025\/07\/26\/a-beke-hordozoi-domonkosok-imadkoztak-ukrajnaert-krakkoban\/kapitul-op-krakiw-optimized\/'><img loading=\"lazy\" decoding=\"async\" width=\"1281\" height=\"854\" src=\"https:\/\/munkacs-diocese.org\/hu\/wp-content\/uploads\/2025\/07\/kapitul-op-krakiw-optimized.webp\" class=\"attachment-full size-full\" alt=\"\" srcset=\"https:\/\/munkacs-diocese.org\/hu\/wp-content\/uploads\/2025\/07\/kapitul-op-krakiw-optimized.webp 1281w, https:\/\/munkacs-diocese.org\/hu\/wp-content\/uploads\/2025\/07\/kapitul-op-krakiw-optimized-300x200.webp 300w, https:\/\/munkacs-diocese.org\/hu\/wp-content\/uploads\/2025\/07\/kapitul-op-krakiw-optimized-1024x683.webp 1024w, https:\/\/munkacs-diocese.org\/hu\/wp-content\/uploads\/2025\/07\/kapitul-op-krakiw-optimized-768x512.webp 768w, https:\/\/munkacs-diocese.org\/hu\/wp-content\/uploads\/2025\/07\/kapitul-op-krakiw-optimized-1080x720.webp 1080w\" sizes=\"(max-width: 1281px) 100vw, 1281px\" \/><\/a>\n\t\t\t<\/dt><\/dl><dl class='gallery-item'>\n\t\t\t<dt class='gallery-icon landscape'>\n\t\t\t\t<a href='https:\/\/munkacs-diocese.org\/hu\/2025\/07\/26\/a-beke-hordozoi-domonkosok-imadkoztak-ukrajnaert-krakkoban\/jaroslaw-krawiec-op-optimized\/'><img loading=\"lazy\" decoding=\"async\" width=\"1280\" height=\"960\" src=\"https:\/\/munkacs-diocese.org\/hu\/wp-content\/uploads\/2025\/07\/jaroslaw-krawiec-op-optimized.webp\" class=\"attachment-full size-full\" alt=\"\" srcset=\"https:\/\/munkacs-diocese.org\/hu\/wp-content\/uploads\/2025\/07\/jaroslaw-krawiec-op-optimized.webp 1280w, https:\/\/munkacs-diocese.org\/hu\/wp-content\/uploads\/2025\/07\/jaroslaw-krawiec-op-optimized-300x225.webp 300w, https:\/\/munkacs-diocese.org\/hu\/wp-content\/uploads\/2025\/07\/jaroslaw-krawiec-op-optimized-1024x768.webp 1024w, https:\/\/munkacs-diocese.org\/hu\/wp-content\/uploads\/2025\/07\/jaroslaw-krawiec-op-optimized-768x576.webp 768w, https:\/\/munkacs-diocese.org\/hu\/wp-content\/uploads\/2025\/07\/jaroslaw-krawiec-op-optimized-1080x810.webp 1080w\" sizes=\"(max-width: 1280px) 100vw, 1280px\" \/><\/a>\n\t\t\t<\/dt><\/dl><br style=\"clear: both\" \/>\n\t\t<\/div>\n\n<p>&nbsp;<\/p>\n<p>Lucsok Mikl\u00f3s OP teljes besz\u00e9d\u00e9nek magyar ford\u00edt\u00e1sa:<\/p>\n<p><strong>\u201eBoldogok a b\u00e9kess\u00e9gben \u00e9l\u0151k, mert Isten fiainak h\u00edvj\u00e1k majd \u0151ket.\u201d (Mt 5,9)<\/strong><\/p>\n<p><strong>Kedves testv\u00e9reim!<\/strong><\/p>\n<p>Egy olyan orsz\u00e1gb\u00f3l \u00e9rkeztem, ahol a h\u00e1bor\u00fa m\u00e1r sok \u00e9ve tart, \u00e9s a v\u00e9ge m\u00e9g mindig nem l\u00e1tszik. Ez a h\u00e1bor\u00fa sok nemzetet \u00e9rint, ez\u00e9rt rendk\u00edv\u00fcl fontos ez a k\u00f6z\u00f6s ima a b\u00e9k\u00e9\u00e9rt, itt, ahol a Rend k\u00e9pvisel\u0151i a vil\u00e1g minden r\u00e9sz\u00e9r\u0151l \u00f6sszegy\u0171ltek.<\/p>\n<p>K\u00f6sz\u00f6n\u00f6m a megh\u00edv\u00e1st. Itt \u00e1llok el\u0151ttetek, Isten gondvisel\u00e9s\u00e9be \u00e9s irgalm\u00e1ba vetett bizalommal \u2013 hittel, hogy Isten b\u00e9k\u00e9t akar hozni rajtunk kereszt\u00fcl, az im\u00e1ink \u00e1ltal.<\/p>\n<p>A legf\u0151bb k\u00e9rd\u00e9s, amely a h\u00e1bor\u00fa kit\u00f6r\u00e9se \u00f3ta nem hagy nyugodni, \u00edgy hangzik: <strong>Mit kell tennem?<\/strong><br \/>\nH\u00e1bor\u00fa idej\u00e9n, szenved\u00e9s, vesztes\u00e9g \u00e9s er\u0151szak k\u00f6zepette, amikor ennek a r\u00e9m\u00e1lomnak nem l\u00e1tni a v\u00e9g\u00e9t, amikor \u00fagy t\u0171nik, minden azt szolg\u00e1lja, hogy a h\u00e1bor\u00fa folytat\u00f3djon&#8230;<\/p>\n<p><strong>Mit kell tennem a b\u00e9ke \u00e9p\u00edt\u00e9s\u00e9\u00e9rt?<\/strong><br \/>\n<strong>Mit kell tennem, hogy k\u00f6zelebb hozzam a b\u00e9k\u00e9t?<\/strong><\/p>\n<p><strong>Uram, mit cselekedjem?<\/strong><br \/>\nMint ember, mint \u00e1llampolg\u00e1r, mint J\u00e9zus tan\u00edtv\u00e1nya, mint pap, mint p\u00fcsp\u00f6k.<\/p>\n<p>A Szentl\u00e9lek \u00e1lland\u00f3an eml\u00e9keztet: <strong>els\u0151sorban nekem magamnak kell m\u00e9lyen elmer\u00fcln\u00f6m J\u00e9zus Krisztus b\u00e9k\u00e9j\u00e9ben.<\/strong> Ez az els\u0151 feladatom. \u00c9s amikor az \u0150 b\u00e9k\u00e9j\u00e9ben \u00e9lek, akkor tiszt\u00e1bban l\u00e1tom, kinek \u00e9s hogyan kell seg\u00edtenem, kinek kell szolg\u00e1lnom. Mert ha a sz\u00edvemben nincs Krisztus b\u00e9k\u00e9je \u2013 akkor a f\u00e9lelem uralkodik el rajtam.<\/p>\n<p>Egyszer\u0171en megfogalmazva: az emberi l\u00e9leknek k\u00e9t alap\u00e1llapota van: <strong>b\u00e9ke \u00e9s f\u00e9lelem<\/strong>.<\/p>\n<p>Ha nincs b\u00e9ke, akkor megjelenik a f\u00e9lelem.<br \/>\nA f\u00e9lelem \u2013 a sz\u00edv b\u00e9k\u00e9j\u00e9nek hi\u00e1nya.<br \/>\nA f\u00e9lelem oka: <strong>a<\/strong> <strong>sebzett sz\u00edv<\/strong>.<br \/>\nEl\u0151sz\u00f6r ez a f\u00e9lelem elszigetel\u0151d\u00e9shez \u00e9s puszta t\u00fal\u00e9l\u00e9shez vezet. De ha ez a sz\u00edv nem gy\u00f3gyul meg, \u00e9s amikor az elszigetelts\u00e9gb\u0151l val\u00f3 kil\u00e9p\u00e9s lehet\u0151s\u00e9ge megjelenik, akkor az ember m\u00e1sokat kezd el sebezni, moh\u00f3v\u00e1 v\u00e1lik \u2013 \u00e9s mindez a h\u00e1bor\u00fak forr\u00e1s\u00e1v\u00e1 lesz.<\/p>\n<p>Er\u0151szak. H\u00e1bor\u00fa. Sebek. F\u00e9lelem.<\/p>\n<p><strong>Ezeket mind csak a B\u00c9KE k\u00e9pes legy\u0151zni.<\/strong><br \/>\n<strong>A<\/strong><strong> b\u00e9ke akkor gy\u0151z, ha minden ember b\u00e9ke hordoz\u00f3j\u00e1v\u00e1 v\u00e1lik.<\/strong><\/p>\n<p>A vil\u00e1g b\u00e9k\u00e9je lehet, hogy ut\u00f3pisztikusnak t\u0171nik, ha arra tekint\u00fcnk, ami ma t\u00f6rt\u00e9nik, vagy ak\u00e1r az eg\u00e9sz emberis\u00e9g t\u00f6rt\u00e9net\u00e9re \u2013 K\u00e1in \u00e9s \u00c1bel \u00f3ta.<\/p>\n<p><strong>De<\/strong> <strong>a b\u00e9ke a saj\u00e1t sz\u00edvemben \u2013 lehets\u00e9ges.<\/strong><br \/>\n<strong>A b\u00e9ke azokkal, akik k\u00e9szek azt elfogadni \u2013 lehets\u00e9ges.<\/strong><br \/>\n<strong>A b\u00e9ke k\u00f6z\u00f6ss\u00e9gei \u2013 lehets\u00e9gesek.<\/strong><\/p>\n<p><strong>Kedves Testv\u00e9rek!<\/strong><\/p>\n<p>\u00d6r\u00f6mmel vagyok ma itt k\u00f6ztetek \u2013 ezen a helyen, ahol sok \u00e9ven \u00e1t \u00e9ltem, im\u00e1dkoztam, \u00e9s megtanultam Szent Domonkos karizm\u00e1j\u00e1ban \u00e9lni.<\/p>\n<p>K\u00f6sz\u00f6n\u00f6m minden im\u00e1tokat, \u00e9s azt a seg\u00edts\u00e9get, amit ti \u00e9s k\u00f6z\u00f6ss\u00e9geitek ny\u00fajtottatok Ukrajna b\u00e9k\u00e9j\u00e9\u00e9rt.<\/p>\n<p>K\u00e9rem a Felt\u00e1madt Krisztus Lelk\u00e9nek erej\u00e9t, hogy ma teljesen t\u00f6lts\u00f6n el benn\u00fcnket az \u0150 b\u00e9k\u00e9j\u00e9vel, \u00e9s hogy ebben a l\u00e9lekben k\u00e9rj\u00fck a b\u00e9k\u00e9t Ukrajn\u00e1nak, minden h\u00e1bor\u00fa s\u00fajtotta helynek, \u00e9s azok megt\u00e9r\u00e9s\u00e9t, akiket a h\u00e1bor\u00fa szelleme ural.<\/p>\n<p><strong>Arra k\u00e9rlek benneteket: ne sz\u0171nj\u00fcnk meg im\u00e1dkozni a b\u00e9k\u00e9\u00e9rt. Legy\u00fcnk a b\u00e9ke hordoz\u00f3i!<\/strong><\/p>\n<p style=\"text-align: right;\"><span style=\"font-size: 10pt;\"><em>Felhaszn\u00e1lt f<\/em><em>orr\u00e1sok:<\/em> <em>op.org<\/em><em>; <\/em><em>rkc.org.ua<\/em><em>; <\/em><em>domonkosok.hu<br \/>\nFot\u00f3: Rados\u0142aw Wi\u0119c\u0142awek OP, dominikanie.pl<\/em><\/span><\/p>\n","protected":false},"excerpt":{"rendered":"<p>2025. j\u00falius 25-\u00e9n este, a Pr\u00e9dik\u00e1torok Rendje (domonkosok) \u00c1ltal\u00e1nos K\u00e1ptalanj\u00e1nak keret\u00e9ben imavirraszt\u00e1st tartottak a krakk\u00f3i Szenth\u00e1roms\u00e1g-bazilik\u00e1ban, amelyen a vil\u00e1g minden t\u00e1j\u00e1r\u00f3l \u00e9rkezett szerzetesek, n\u0151v\u00e9rek, vil\u00e1gi domonkosok \u00e9s h\u00edv\u0151k egyes\u00fcltek az im\u00e1ban a b\u00e9k\u00e9\u00e9rt \u2013 k\u00fcl\u00f6n\u00f6sen Ukrajn\u00e1\u00e9rt, valamint minden h\u00e1bor\u00fa s\u00fajtotta t\u00e9rs\u00e9g\u00e9rt. A virraszt\u00e1st Lucsok Mikl\u00f3s OP, a munk\u00e1csi r\u00f3mai katolikus egyh\u00e1zmegye p\u00fcsp\u00f6ke vezette, aki besz\u00e9d\u00e9ben [&hellip;]<\/p>\n","protected":false},"author":4,"featured_media":13648,"comment_status":"open","ping_status":"open","sticky":false,"template":"","format":"standard","meta":{"_acf_changed":false,"_et_pb_use_builder":"","_et_pb_old_content":"","_et_gb_content_width":"","footnotes":""},"categories":[10,60],"tags":[],"class_list":["post-13642","post","type-post","status-publish","format-standard","has-post-thumbnail","hentry","category-aktualis-hirek","category-egyeb-egyhazi-hirek","et-has-post-format-content","et_post_format-et-post-format-standard"],"acf":[],"_links":{"self":[{"href":"https:\/\/munkacs-diocese.org\/hu\/wp-json\/wp\/v2\/posts\/13642"}],"collection":[{"href":"https:\/\/munkacs-diocese.org\/hu\/wp-json\/wp\/v2\/posts"}],"about":[{"href":"https:\/\/munkacs-diocese.org\/hu\/wp-json\/wp\/v2\/types\/post"}],"author":[{"embeddable":true,"href":"https:\/\/munkacs-diocese.org\/hu\/wp-json\/wp\/v2\/users\/4"}],"replies":[{"embeddable":true,"href":"https:\/\/munkacs-diocese.org\/hu\/wp-json\/wp\/v2\/comments?post=13642"}],"version-history":[{"count":2,"href":"https:\/\/munkacs-diocese.org\/hu\/wp-json\/wp\/v2\/posts\/13642\/revisions"}],"predecessor-version":[{"id":13650,"href":"https:\/\/munkacs-diocese.org\/hu\/wp-json\/wp\/v2\/posts\/13642\/revisions\/13650"}],"wp:featuredmedia":[{"embeddable":true,"href":"https:\/\/munkacs-diocese.org\/hu\/wp-json\/wp\/v2\/media\/13648"}],"wp:attachment":[{"href":"https:\/\/munkacs-diocese.org\/hu\/wp-json\/wp\/v2\/media?parent=13642"}],"wp:term":[{"taxonomy":"category","embeddable":true,"href":"https:\/\/munkacs-diocese.org\/hu\/wp-json\/wp\/v2\/categories?post=13642"},{"taxonomy":"post_tag","embeddable":true,"href":"https:\/\/munkacs-diocese.org\/hu\/wp-json\/wp\/v2\/tags?post=13642"}],"curies":[{"name":"wp","href":"https:\/\/api.w.org\/{rel}","templated":true}]}}