{"id":13626,"date":"2025-07-26T10:18:07","date_gmt":"2025-07-26T08:18:07","guid":{"rendered":"https:\/\/munkacs-diocese.org\/hu\/?p=13626"},"modified":"2025-07-26T10:18:07","modified_gmt":"2025-07-26T08:18:07","slug":"unnepseg-berdicsivben-remeny-a-haboru-kozepette","status":"publish","type":"post","link":"https:\/\/munkacs-diocese.org\/hu\/2025\/07\/26\/unnepseg-berdicsivben-remeny-a-haboru-kozepette\/","title":{"rendered":"\u00dcnneps\u00e9g Berdicsivben &#8211; rem\u00e9ny a h\u00e1bor\u00fa k\u00f6zepette"},"content":{"rendered":"<div id=\"fb-root\"><\/div>\n<p style=\"text-align: justify;\">2025. j\u00falius 19-20-\u00e1n tartott\u00e1k meg a berdicsivi M\u00e1ria-kegyhely \u00fcnnep\u00e9t. Gyalogos zar\u00e1ndokcsoportok \u00e9rkeztek Ukrajna k\u00fcl\u00f6nb\u00f6z\u0151 r\u00e9gi\u00f3ib\u00f3l, k\u00f6zt\u00fck a Munk\u00e1csi egyh\u00e1zmegy\u00e9b\u0151l is. A szent\u00e9ly udvar\u00e1n Vitalij Krivickij SDB p\u00fcsp\u00f6k \u00e9s Vitalij Kozak OCD, a szent\u00e9ly \u0151re k\u00f6sz\u00f6nt\u00f6tte \u0151ket.<\/p>\n\n\t\t<style type=\"text\/css\">\n\t\t\t#gallery-1 {\n\t\t\t\tmargin: auto;\n\t\t\t}\n\t\t\t#gallery-1 .gallery-item {\n\t\t\t\tfloat: left;\n\t\t\t\tmargin-top: 10px;\n\t\t\t\ttext-align: center;\n\t\t\t\twidth: 33%;\n\t\t\t}\n\t\t\t#gallery-1 img {\n\t\t\t\tborder: 2px solid #cfcfcf;\n\t\t\t}\n\t\t\t#gallery-1 .gallery-caption {\n\t\t\t\tmargin-left: 0;\n\t\t\t}\n\t\t\t\/* see gallery_shortcode() in wp-includes\/media.php *\/\n\t\t<\/style>\n\t\t<div id='gallery-1' class='gallery galleryid-13626 gallery-columns-3 gallery-size-full'><dl class='gallery-item'>\n\t\t\t<dt class='gallery-icon landscape'>\n\t\t\t\t<a href='https:\/\/munkacs-diocese.org\/hu\/2025\/07\/26\/unnepseg-berdicsivben-remeny-a-haboru-kozepette\/berdicsiv04-2\/'><img loading=\"lazy\" decoding=\"async\" width=\"1369\" height=\"913\" src=\"https:\/\/munkacs-diocese.org\/hu\/wp-content\/uploads\/2025\/07\/Berdicsiv04.jpg\" class=\"attachment-full size-full\" alt=\"\" srcset=\"https:\/\/munkacs-diocese.org\/hu\/wp-content\/uploads\/2025\/07\/Berdicsiv04.jpg 1369w, https:\/\/munkacs-diocese.org\/hu\/wp-content\/uploads\/2025\/07\/Berdicsiv04-300x200.jpg 300w, https:\/\/munkacs-diocese.org\/hu\/wp-content\/uploads\/2025\/07\/Berdicsiv04-1024x683.jpg 1024w, https:\/\/munkacs-diocese.org\/hu\/wp-content\/uploads\/2025\/07\/Berdicsiv04-768x512.jpg 768w, https:\/\/munkacs-diocese.org\/hu\/wp-content\/uploads\/2025\/07\/Berdicsiv04-1080x720.jpg 1080w\" sizes=\"(max-width: 1369px) 100vw, 1369px\" \/><\/a>\n\t\t\t<\/dt><\/dl><dl class='gallery-item'>\n\t\t\t<dt class='gallery-icon landscape'>\n\t\t\t\t<a href='https:\/\/munkacs-diocese.org\/hu\/2025\/07\/26\/unnepseg-berdicsivben-remeny-a-haboru-kozepette\/berdicsiv002\/'><img loading=\"lazy\" decoding=\"async\" width=\"1369\" height=\"913\" src=\"https:\/\/munkacs-diocese.org\/hu\/wp-content\/uploads\/2025\/07\/Berdicsiv002.jpg\" class=\"attachment-full size-full\" alt=\"\" srcset=\"https:\/\/munkacs-diocese.org\/hu\/wp-content\/uploads\/2025\/07\/Berdicsiv002.jpg 1369w, https:\/\/munkacs-diocese.org\/hu\/wp-content\/uploads\/2025\/07\/Berdicsiv002-300x200.jpg 300w, https:\/\/munkacs-diocese.org\/hu\/wp-content\/uploads\/2025\/07\/Berdicsiv002-1024x683.jpg 1024w, https:\/\/munkacs-diocese.org\/hu\/wp-content\/uploads\/2025\/07\/Berdicsiv002-768x512.jpg 768w, https:\/\/munkacs-diocese.org\/hu\/wp-content\/uploads\/2025\/07\/Berdicsiv002-1080x720.jpg 1080w\" sizes=\"(max-width: 1369px) 100vw, 1369px\" \/><\/a>\n\t\t\t<\/dt><\/dl><dl class='gallery-item'>\n\t\t\t<dt class='gallery-icon landscape'>\n\t\t\t\t<a href='https:\/\/munkacs-diocese.org\/hu\/2025\/07\/26\/unnepseg-berdicsivben-remeny-a-haboru-kozepette\/berdicsiv004\/'><img loading=\"lazy\" decoding=\"async\" width=\"1369\" height=\"913\" src=\"https:\/\/munkacs-diocese.org\/hu\/wp-content\/uploads\/2025\/07\/Berdicsiv004.jpg\" class=\"attachment-full size-full\" alt=\"\" srcset=\"https:\/\/munkacs-diocese.org\/hu\/wp-content\/uploads\/2025\/07\/Berdicsiv004.jpg 1369w, https:\/\/munkacs-diocese.org\/hu\/wp-content\/uploads\/2025\/07\/Berdicsiv004-300x200.jpg 300w, https:\/\/munkacs-diocese.org\/hu\/wp-content\/uploads\/2025\/07\/Berdicsiv004-1024x683.jpg 1024w, https:\/\/munkacs-diocese.org\/hu\/wp-content\/uploads\/2025\/07\/Berdicsiv004-768x512.jpg 768w, https:\/\/munkacs-diocese.org\/hu\/wp-content\/uploads\/2025\/07\/Berdicsiv004-1080x720.jpg 1080w\" sizes=\"(max-width: 1369px) 100vw, 1369px\" \/><\/a>\n\t\t\t<\/dt><\/dl><br style=\"clear: both\" \/>\n\t\t<\/div>\n\n<p style=\"text-align: justify;\">A szombati programban el\u0151sz\u00f6r a r\u00f3zsaf\u00fcz\u00e9r im\u00e1ds\u00e1gra ker\u00fclt sor. A titkokhoz kapcsol\u00f3d\u00f3 elm\u00e9lked\u00e9sek emberi v\u00e1gyakat \u00e9s rem\u00e9nyeket t\u00fckr\u00f6ztek: az \u00f6r\u00f6mh\u00edrt mint a rem\u00e9ny \u00e1lm\u00e1t, M\u00e1ria l\u00e1togat\u00e1s\u00e1t mint a bar\u00e1ts\u00e1g \u00e1lm\u00e1t, J\u00e9zus sz\u00fclet\u00e9s\u00e9t mint az otthon \u00e1lm\u00e1t. Az elm\u00e9lked\u00e9sek a h\u00e1bor\u00faban sz\u00e9tt\u00f6rt \u00e1lmokra reflekt\u00e1ltak, arra buzd\u00edtva, hogy b\u00edzzuk a Sz\u0171zany\u00e1ra sebeinket \u00e9s j\u00f6v\u0151nket.<\/p>\n<p style=\"text-align: justify;\">18 \u00f3rakor \u00fcnnepi szentmis\u00e9t mutatott be Vitalij Szkomarovszkij lucki p\u00fcsp\u00f6k, a p\u00fcsp\u00f6ki konferencia eln\u00f6ke. A szentmise sz\u00f3noka, Vitalij Krivickij p\u00fcsp\u00f6k volt, aki al\u00e1h\u00fazta, hogy nem a t\u00f6meg sz\u00e1m\u00edt, hanem a m\u00e9ly hit. Isten nem st\u00e1tuszt k\u00e9r, hanem azt, hogy meg\u00e9rezz\u00fck: v\u00e1lasztott gyermekei vagyunk.<\/p>\n<p style=\"text-align: justify;\">A szertart\u00e1s v\u00e9g\u00e9n Paulo Costa brazil b\u00edboros sz\u00f3lt a jelenl\u00e9v\u0151kh\u00f6z, tolm\u00e1csolva XIV. Le\u00f3 p\u00e1pa k\u00f6zels\u00e9g\u00e9t \u00e9s im\u00e1it. A b\u00edboros a Szenved\u0151 Sz\u0171zany\u00e1ra ir\u00e1ny\u00edtotta a figyelmet, aki a kereszt alatt is hittel tekintett el\u0151re, \u00e9s megl\u00e1tta a felt\u00e1mad\u00e1st. A hit adja meg az er\u0151t \u00e9s a k\u00f6z\u00f6ss\u00e9g rem\u00e9ny\u00e9t.<\/p>\n<p style=\"text-align: justify;\" data-start=\"1965\" data-end=\"2132\">A szombati programot \u00e9jszakai virraszt\u00e1s z\u00e1rta a Sz\u0171zanya ikonja el\u0151tt, melyet Pavlo Honcsaruk, a Harkiv-Zaporizsjai egyh\u00e1zmegye p\u00fcsp\u00f6ke vezetett.<\/p>\n\n\t\t<style type=\"text\/css\">\n\t\t\t#gallery-2 {\n\t\t\t\tmargin: auto;\n\t\t\t}\n\t\t\t#gallery-2 .gallery-item {\n\t\t\t\tfloat: left;\n\t\t\t\tmargin-top: 10px;\n\t\t\t\ttext-align: center;\n\t\t\t\twidth: 33%;\n\t\t\t}\n\t\t\t#gallery-2 img {\n\t\t\t\tborder: 2px solid #cfcfcf;\n\t\t\t}\n\t\t\t#gallery-2 .gallery-caption {\n\t\t\t\tmargin-left: 0;\n\t\t\t}\n\t\t\t\/* see gallery_shortcode() in wp-includes\/media.php *\/\n\t\t<\/style>\n\t\t<div id='gallery-2' class='gallery galleryid-13626 gallery-columns-3 gallery-size-full'><dl class='gallery-item'>\n\t\t\t<dt class='gallery-icon landscape'>\n\t\t\t\t<a href='https:\/\/munkacs-diocese.org\/hu\/2025\/07\/26\/unnepseg-berdicsivben-remeny-a-haboru-kozepette\/berdicsiv05-2\/'><img loading=\"lazy\" decoding=\"async\" width=\"1369\" height=\"913\" src=\"https:\/\/munkacs-diocese.org\/hu\/wp-content\/uploads\/2025\/07\/Berdicsiv05.jpg\" class=\"attachment-full size-full\" alt=\"\" srcset=\"https:\/\/munkacs-diocese.org\/hu\/wp-content\/uploads\/2025\/07\/Berdicsiv05.jpg 1369w, https:\/\/munkacs-diocese.org\/hu\/wp-content\/uploads\/2025\/07\/Berdicsiv05-300x200.jpg 300w, https:\/\/munkacs-diocese.org\/hu\/wp-content\/uploads\/2025\/07\/Berdicsiv05-1024x683.jpg 1024w, https:\/\/munkacs-diocese.org\/hu\/wp-content\/uploads\/2025\/07\/Berdicsiv05-768x512.jpg 768w, https:\/\/munkacs-diocese.org\/hu\/wp-content\/uploads\/2025\/07\/Berdicsiv05-1080x720.jpg 1080w\" sizes=\"(max-width: 1369px) 100vw, 1369px\" \/><\/a>\n\t\t\t<\/dt><\/dl><dl class='gallery-item'>\n\t\t\t<dt class='gallery-icon landscape'>\n\t\t\t\t<a href='https:\/\/munkacs-diocese.org\/hu\/2025\/07\/26\/unnepseg-berdicsivben-remeny-a-haboru-kozepette\/berdicsiv08-2\/'><img loading=\"lazy\" decoding=\"async\" width=\"1216\" height=\"830\" src=\"https:\/\/munkacs-diocese.org\/hu\/wp-content\/uploads\/2025\/07\/Berdicsiv08-e1753517781156.jpeg\" class=\"attachment-full size-full\" alt=\"\" srcset=\"https:\/\/munkacs-diocese.org\/hu\/wp-content\/uploads\/2025\/07\/Berdicsiv08-e1753517781156.jpeg 1216w, https:\/\/munkacs-diocese.org\/hu\/wp-content\/uploads\/2025\/07\/Berdicsiv08-e1753517781156-300x205.jpeg 300w, https:\/\/munkacs-diocese.org\/hu\/wp-content\/uploads\/2025\/07\/Berdicsiv08-e1753517781156-1024x699.jpeg 1024w, https:\/\/munkacs-diocese.org\/hu\/wp-content\/uploads\/2025\/07\/Berdicsiv08-e1753517781156-768x524.jpeg 768w, https:\/\/munkacs-diocese.org\/hu\/wp-content\/uploads\/2025\/07\/Berdicsiv08-e1753517781156-1080x737.jpeg 1080w\" sizes=\"(max-width: 1216px) 100vw, 1216px\" \/><\/a>\n\t\t\t<\/dt><\/dl><dl class='gallery-item'>\n\t\t\t<dt class='gallery-icon landscape'>\n\t\t\t\t<a href='https:\/\/munkacs-diocese.org\/hu\/2025\/07\/26\/unnepseg-berdicsivben-remeny-a-haboru-kozepette\/berdicsiv06-2\/'><img loading=\"lazy\" decoding=\"async\" width=\"1369\" height=\"913\" src=\"https:\/\/munkacs-diocese.org\/hu\/wp-content\/uploads\/2025\/07\/Berdicsiv06.jpg\" class=\"attachment-full size-full\" alt=\"\" srcset=\"https:\/\/munkacs-diocese.org\/hu\/wp-content\/uploads\/2025\/07\/Berdicsiv06.jpg 1369w, https:\/\/munkacs-diocese.org\/hu\/wp-content\/uploads\/2025\/07\/Berdicsiv06-300x200.jpg 300w, https:\/\/munkacs-diocese.org\/hu\/wp-content\/uploads\/2025\/07\/Berdicsiv06-1024x683.jpg 1024w, https:\/\/munkacs-diocese.org\/hu\/wp-content\/uploads\/2025\/07\/Berdicsiv06-768x512.jpg 768w, https:\/\/munkacs-diocese.org\/hu\/wp-content\/uploads\/2025\/07\/Berdicsiv06-1080x720.jpg 1080w\" sizes=\"(max-width: 1369px) 100vw, 1369px\" \/><\/a>\n\t\t\t<\/dt><\/dl><br style=\"clear: both\" \/>\n\t\t<\/div>\n\n<p style=\"text-align: justify;\">M\u00e1snap, j\u00falius 20-\u00e1n ker\u00fclt sor a K\u00e1rmelhegyi Boldogasszony tisztelet\u00e9re rendezett k\u00f6zponti \u00fcnneps\u00e9gre. A szertart\u00e1sok a nemzeti kegyhelyen a r\u00f3zsaf\u00fcz\u00e9r k\u00f6z\u00f6s im\u00e1dkoz\u00e1s\u00e1val kezd\u0151dtek, M\u00e1ria-\u00e9nekek k\u00eds\u00e9ret\u00e9ben. A dics\u0151s\u00e9ges titkok elm\u00e9lked\u00e9se k\u00f6zben a h\u00edvek Krisztus gy\u0151zelm\u00e9r\u0151l, a Szentl\u00e9lek jelenl\u00e9t\u00e9r\u0151l \u00e9s M\u00e1ria \u00e9gi k\u00f6zbenj\u00e1r\u00e1s\u00e1r\u00f3l elm\u00e9lkedtek \u2013 abban a hitben, hogy Isten akkor is k\u00f6zel van, amikor s\u00f6t\u00e9ts\u00e9g, vesztes\u00e9g \u00e9s h\u00e1bor\u00fas szenved\u00e9s veszi k\u00f6r\u00fcl az embert.<\/p>\n<p style=\"text-align: justify;\" data-start=\"685\" data-end=\"951\">A szentmis\u00e9t Paulo Costa brazil b\u00edboros mutatta be, aki 11 000 kilom\u00e9tert utazott, hogy zar\u00e1ndokk\u00e9nt kifejezze szolidarit\u00e1s\u00e1t Ukrajn\u00e1val. A liturgi\u00e1n r\u00e9szt vett az apostoli nuncius, Visvaldas Kulbokas \u00e9rsek, az ukr\u00e1n p\u00fcsp\u00f6ki kar \u00e9s t\u00f6bb egyh\u00e1zmegye paps\u00e1ga is.<\/p>\n<p style=\"text-align: justify;\" data-start=\"953\" data-end=\"1227\">Costa b\u00edboros a hom\u00edli\u00e1ban tolm\u00e1csolta XIV. Le\u00f3 p\u00e1pa \u00fcdv\u00f6zlet\u00e9t \u00e9s im\u00e1it, hangs\u00falyozva: \u201eAz ember a szabads\u00e1gra teremtetett, nem elnyom\u00e1sra. [\u2026] M\u00e1ria, J\u00e9zus anyja, aki itt van vel\u00fcnk, meg\u00e9rinti a sz\u00edv\u00fcnket, \u00e9s egyed\u00fcl \u0150 adhatja meg azt, amire legink\u00e1bb v\u00e1gyunk: a b\u00e9k\u00e9t.\u201d<\/p>\n<p style=\"text-align: justify;\" data-start=\"1229\" data-end=\"1549\">A szentmise v\u00e9g\u00e9n meg\u00faj\u00edtott\u00e1k Ukrajna felaj\u00e1nl\u00e1s\u00e1t M\u00e1ria Szepl\u0151telen Sz\u00edv\u00e9nek. Mieczys\u0142aw Mokrzycki, Lviv metropolit\u00e1ja kiemelte: az Egyh\u00e1z Ukrajn\u00e1ban a h\u00e1bor\u00fa ellen\u00e9re is \u00e9l \u2013 ez Isten h\u0171s\u00e9g\u00e9nek gy\u00fcm\u00f6lcse. Megh\u00edvta a h\u00edveket a lvivi \u00e9rseks\u00e9g 650 \u00e9ves jubileumi \u00fcnneps\u00e9g\u00e9re, mely szeptember 6-\u00e1n lesz a sz\u00e9kesegyh\u00e1zban.<\/p>\n<p data-start=\"1229\" data-end=\"1549\">\n<p style=\"text-align: justify;\" data-start=\"1551\" data-end=\"1686\">A nuncius z\u00e1r\u00e1sk\u00e9nt arra buzd\u00edtott: <em data-start=\"1587\" data-end=\"1686\">ne f\u00e9lj\u00fcnk b\u00e1tran im\u00e1dkozni, \u00e9s gyermeki<\/em><em> m\u00f3don b\u00edzzunk<\/em><em> abban, hogy a Sz\u0171zanya k\u00f6zbenj\u00e1r a b\u00e9ke aj\u00e1nd\u00e9k\u00e1\u00e9rt.<\/em><\/p>\n<p style=\"text-align: right;\"><span style=\"font-size: 10pt;\"><em>Felhaszn\u00e1lt forr\u00e1s: rkc.org.ua<\/em><\/span><\/p>\n","protected":false},"excerpt":{"rendered":"<p>2025. j\u00falius 19-20-\u00e1n tartott\u00e1k meg a berdicsivi M\u00e1ria-kegyhely \u00fcnnep\u00e9t. Gyalogos zar\u00e1ndokcsoportok \u00e9rkeztek Ukrajna k\u00fcl\u00f6nb\u00f6z\u0151 r\u00e9gi\u00f3ib\u00f3l, k\u00f6zt\u00fck a Munk\u00e1csi egyh\u00e1zmegy\u00e9b\u0151l is. A szent\u00e9ly udvar\u00e1n Vitalij Krivickij SDB p\u00fcsp\u00f6k \u00e9s Vitalij Kozak OCD, a szent\u00e9ly \u0151re k\u00f6sz\u00f6nt\u00f6tte \u0151ket. A szombati programban el\u0151sz\u00f6r a r\u00f3zsaf\u00fcz\u00e9r im\u00e1ds\u00e1gra ker\u00fclt sor. A titkokhoz kapcsol\u00f3d\u00f3 elm\u00e9lked\u00e9sek emberi v\u00e1gyakat \u00e9s rem\u00e9nyeket t\u00fckr\u00f6ztek: az [&hellip;]<\/p>\n","protected":false},"author":4,"featured_media":13627,"comment_status":"open","ping_status":"open","sticky":false,"template":"","format":"standard","meta":{"_acf_changed":false,"_et_pb_use_builder":"","_et_pb_old_content":"","_et_gb_content_width":"","footnotes":""},"categories":[10,59],"tags":[],"class_list":["post-13626","post","type-post","status-publish","format-standard","has-post-thumbnail","hentry","category-aktualis-hirek","category-egyhazmegyenk-hirei","et-has-post-format-content","et_post_format-et-post-format-standard"],"acf":[],"_links":{"self":[{"href":"https:\/\/munkacs-diocese.org\/hu\/wp-json\/wp\/v2\/posts\/13626"}],"collection":[{"href":"https:\/\/munkacs-diocese.org\/hu\/wp-json\/wp\/v2\/posts"}],"about":[{"href":"https:\/\/munkacs-diocese.org\/hu\/wp-json\/wp\/v2\/types\/post"}],"author":[{"embeddable":true,"href":"https:\/\/munkacs-diocese.org\/hu\/wp-json\/wp\/v2\/users\/4"}],"replies":[{"embeddable":true,"href":"https:\/\/munkacs-diocese.org\/hu\/wp-json\/wp\/v2\/comments?post=13626"}],"version-history":[{"count":2,"href":"https:\/\/munkacs-diocese.org\/hu\/wp-json\/wp\/v2\/posts\/13626\/revisions"}],"predecessor-version":[{"id":13640,"href":"https:\/\/munkacs-diocese.org\/hu\/wp-json\/wp\/v2\/posts\/13626\/revisions\/13640"}],"wp:featuredmedia":[{"embeddable":true,"href":"https:\/\/munkacs-diocese.org\/hu\/wp-json\/wp\/v2\/media\/13627"}],"wp:attachment":[{"href":"https:\/\/munkacs-diocese.org\/hu\/wp-json\/wp\/v2\/media?parent=13626"}],"wp:term":[{"taxonomy":"category","embeddable":true,"href":"https:\/\/munkacs-diocese.org\/hu\/wp-json\/wp\/v2\/categories?post=13626"},{"taxonomy":"post_tag","embeddable":true,"href":"https:\/\/munkacs-diocese.org\/hu\/wp-json\/wp\/v2\/tags?post=13626"}],"curies":[{"name":"wp","href":"https:\/\/api.w.org\/{rel}","templated":true}]}}