{"id":13462,"date":"2025-07-02T13:34:20","date_gmt":"2025-07-02T11:34:20","guid":{"rendered":"https:\/\/munkacs-diocese.org\/hu\/?p=13462"},"modified":"2025-07-02T15:40:01","modified_gmt":"2025-07-02T13:40:01","slug":"ezustmise-aknaszlatinan","status":"publish","type":"post","link":"https:\/\/munkacs-diocese.org\/hu\/2025\/07\/02\/ezustmise-aknaszlatinan\/","title":{"rendered":"Ez\u00fcstmise Aknaszlatin\u00e1n"},"content":{"rendered":"<div id=\"fb-root\"><\/div>\n<p style=\"text-align: justify;\"><em>\u201eAz id\u00e9n vagyok <\/em><em>50 \u00e9ves, de nem \u00e9rzem. Tal\u00e1n fontosabb sz\u00e1momra az, hogy a paps\u00e1gomnak a 25. \u00e9vfordul\u00f3ja <\/em><em>van <\/em><em>most ny\u00e1ron. A sz\u00fclet\u00e9snapom a nagyb\u00f6jtre esik, ez\u00e9rt nem tervezek nagyobb \u00fcnneps\u00e9get, csak csendesebbet, szentmis\u00e9ben h\u00e1l\u00e1t adva minden aj\u00e1nd\u00e9k\u00e9rt, az elm\u00falt \u00e9vek\u00e9rt. Az ez\u00fcstmise alkalm\u00e1b\u00f3l \u00fagy gondolom, sz\u00e9lesebb k\u00f6rben gy\u0171l\u00fcnk majd \u00f6ssze, ahol alkalom lesz tal\u00e1n a sz\u00fclet\u00e9snapom meg\u00fcnnepl\u00e9s\u00e9re is egyben<\/em><em>\u201d<\/em> \u2013 mondta m\u00e1rciusban Snep Roman atya az \u00daj hajt\u00e1s foly\u00f3irat olvas\u00f3inak egy vele k\u00e9sz\u00edtett interj\u00faban.<\/p>\n<p style=\"text-align: justify;\">2025. j\u00falius 1-j\u00e9n \u00e9rkezett el ez a pillanat, amikor Roman atya Aknaszlatin\u00e1n meg\u00fcnnepelte papszentel\u00e9s\u00e9nek 25. \u00e9vfordul\u00f3j\u00e1t. Az ez\u00fcstmis\u00e9t J\u00e9zus ir\u00e1nti h\u0171s\u00e9gben, a szolg\u00e1latban \u00e9s a paps\u00e1gra sz\u00f3l\u00f3 hivat\u00e1sban val\u00f3 kitart\u00e1s\u00e9rt aj\u00e1nlotta fel. Sokan adtak h\u00e1l\u00e1t Istennek vele egy\u00fctt, \u00e9s osztoztak \u00f6r\u00f6m\u00e9ben.<\/p>\n<p style=\"text-align: justify;\">Az ez\u00fcstmis\u00e9n \u00a0r\u00e9szt vett a Munk\u00e1csi Egyh\u00e1zmegye megy\u00e9sp\u00fcsp\u00f6ke, Lucsok P\u00e9ter Mikl\u00f3s OP, valamint Majnek Antal OFM nyugalmazott p\u00fcsp\u00f6k atya, aki 25 \u00e9vvel ezel\u0151tt kiszolg\u00e1ltatta az egyh\u00e1zi rend szents\u00e9g\u00e9t Roman aty\u00e1nak, tov\u00e1bb\u00e1 papt\u00e1rsai \u00e9s a h\u00edvek azokr\u00f3l a pl\u00e9b\u00e1ni\u00e1kr\u00f3l, ahol szolg\u00e1lt.<\/p>\n<p>Mikl\u00f3s p\u00fcsp\u00f6k, aki az ez\u00fcstmise hom\u00edli\u00e1j\u00e1t mondta, kiemelte azt a h\u00e1rom fontos elemet, ami egy pap \u00e9let\u00e9nek kulcsa: J\u00e9zust hallgatni, J\u00e9zust k\u00f6vetni, J\u00e9zus sz\u00edv\u00e9vel \u00f6sszeforrva \u00e9lni.<\/p>\n\n\t\t<style type=\"text\/css\">\n\t\t\t#gallery-1 {\n\t\t\t\tmargin: auto;\n\t\t\t}\n\t\t\t#gallery-1 .gallery-item {\n\t\t\t\tfloat: left;\n\t\t\t\tmargin-top: 10px;\n\t\t\t\ttext-align: center;\n\t\t\t\twidth: 50%;\n\t\t\t}\n\t\t\t#gallery-1 img {\n\t\t\t\tborder: 2px solid #cfcfcf;\n\t\t\t}\n\t\t\t#gallery-1 .gallery-caption {\n\t\t\t\tmargin-left: 0;\n\t\t\t}\n\t\t\t\/* see gallery_shortcode() in wp-includes\/media.php *\/\n\t\t<\/style>\n\t\t<div id='gallery-1' class='gallery galleryid-13462 gallery-columns-2 gallery-size-full'><dl class='gallery-item'>\n\t\t\t<dt class='gallery-icon portrait'>\n\t\t\t\t<a href='https:\/\/munkacs-diocese.org\/hu\/2025\/07\/02\/ezustmise-aknaszlatinan\/roman-atya04\/'><img loading=\"lazy\" decoding=\"async\" width=\"960\" height=\"1280\" src=\"https:\/\/munkacs-diocese.org\/hu\/wp-content\/uploads\/2025\/07\/Roman-atya04.jpg\" class=\"attachment-full size-full\" alt=\"\" srcset=\"https:\/\/munkacs-diocese.org\/hu\/wp-content\/uploads\/2025\/07\/Roman-atya04.jpg 960w, https:\/\/munkacs-diocese.org\/hu\/wp-content\/uploads\/2025\/07\/Roman-atya04-225x300.jpg 225w, https:\/\/munkacs-diocese.org\/hu\/wp-content\/uploads\/2025\/07\/Roman-atya04-768x1024.jpg 768w\" sizes=\"(max-width: 960px) 100vw, 960px\" \/><\/a>\n\t\t\t<\/dt><\/dl><dl class='gallery-item'>\n\t\t\t<dt class='gallery-icon portrait'>\n\t\t\t\t<a href='https:\/\/munkacs-diocese.org\/hu\/2025\/07\/02\/ezustmise-aknaszlatinan\/roman-atya02\/'><img loading=\"lazy\" decoding=\"async\" width=\"960\" height=\"1280\" src=\"https:\/\/munkacs-diocese.org\/hu\/wp-content\/uploads\/2025\/07\/Roman-atya02.jpg\" class=\"attachment-full size-full\" alt=\"\" srcset=\"https:\/\/munkacs-diocese.org\/hu\/wp-content\/uploads\/2025\/07\/Roman-atya02.jpg 960w, https:\/\/munkacs-diocese.org\/hu\/wp-content\/uploads\/2025\/07\/Roman-atya02-225x300.jpg 225w, https:\/\/munkacs-diocese.org\/hu\/wp-content\/uploads\/2025\/07\/Roman-atya02-768x1024.jpg 768w\" sizes=\"(max-width: 960px) 100vw, 960px\" \/><\/a>\n\t\t\t<\/dt><\/dl><br style=\"clear: both\" \/>\n\t\t<\/div>\n\n<p style=\"text-align: justify;\">Roman atya el\u0151sz\u00f6r Munk\u00e1cson volt k\u00e1pl\u00e1n, onnan Szolyv\u00e1t is ell\u00e1tta. Majd 2001 \u00e9s 2005 k\u00f6z\u00f6tt Rah\u00f3ra ker\u00fclt, Rah\u00f3 mellett m\u00e9g hat k\u00f6rny\u00e9ki egyh\u00e1zk\u00f6zs\u00e9get is ell\u00e1tott. Azut\u00e1n Csapra helyezt\u00e9k, ahol kilenc \u00e9vig szolg\u00e1lt, de k\u00f6zben R\u00e1ton \u00e9lt, ami \u2013 ahogyan \u0151 maga fogalmazott \u2013 nagyon kedves hely maradt sz\u00e1m\u00e1ra. 2014-t\u0151l 2019-ig Munk\u00e1cson \u00e9s a k\u00f6rnyez\u0151 telep\u00fcl\u00e9seken szolg\u00e1lt. 2019 \u00f3ta van Aknaszlatin\u00e1n, ahonnan kij\u00e1r Nagybocsk\u00f3ra, Gyerty\u00e1nligetre, \u00e9s beseg\u00edt Terebes ell\u00e1t\u00e1s\u00e1ba.<\/p>\n<p style=\"text-align: justify;\">Aknaszlatina, ahol most szolg\u00e1l, k\u00f6zel van Kerekhegyhez, ahol sz\u00fcletett. Tal\u00e1n ez\u00e9rt is van az, hogy k\u00f6nnyen meg\u00e9rti h\u00edveinek gondolatvil\u00e1g\u00e1t. De, ahogyan \u0151 maga fogalmazott: <em>\u201e<\/em><em>elmondhatom, hogy minden helyemen megtal\u00e1ltam a h\u00edvekkel val\u00f3 kapcsolatot. Mindenhol voltak z\u00e1rk\u00f3zottabb \u00e9s nyitottabb emberek is. Ugyan\u00fagy itt is. Most az a helyzet, hogy nagyon sokan elv\u00e1ndoroltak. Nem csak a h\u00e1bor\u00fa miatt, m\u00e1r el\u0151tte is, amikor megsz\u0171ntek a munkahelyek. De akik itt maradtak, azokkal j\u00f3l lehet alak\u00edtani \u00e9s \u00e9p\u00edteni a kapcsolatot.<\/em><em>\u201d<\/em><\/p>\n<p><img loading=\"lazy\" decoding=\"async\" class=\"size-full wp-image-13465 aligncenter\" src=\"https:\/\/munkacs-diocese.org\/hu\/wp-content\/uploads\/2025\/07\/Roman-atya03.jpg\" alt=\"\" width=\"1280\" height=\"960\" srcset=\"https:\/\/munkacs-diocese.org\/hu\/wp-content\/uploads\/2025\/07\/Roman-atya03.jpg 1280w, https:\/\/munkacs-diocese.org\/hu\/wp-content\/uploads\/2025\/07\/Roman-atya03-300x225.jpg 300w, https:\/\/munkacs-diocese.org\/hu\/wp-content\/uploads\/2025\/07\/Roman-atya03-1024x768.jpg 1024w, https:\/\/munkacs-diocese.org\/hu\/wp-content\/uploads\/2025\/07\/Roman-atya03-768x576.jpg 768w, https:\/\/munkacs-diocese.org\/hu\/wp-content\/uploads\/2025\/07\/Roman-atya03-1080x810.jpg 1080w\" sizes=\"(max-width: 1280px) 100vw, 1280px\" \/><\/p>\n<p style=\"text-align: justify;\">Amikor papi jelmondat\u00e1r\u00f3l k\u00e9rdezt\u00fck, nemes egyszer\u0171s\u00e9ggel \u00edgy v\u00e1laszolt:<\/p>\n<p style=\"text-align: justify;\"><em>\u201e<\/em><em>J\u00e1nos evang\u00e9lium\u00e1b\u00f3l vettem: Az \u00f6r\u00f6k \u00e9let pedig az, hogy megismerjenek T\u00e9ged, az egyed\u00fcl igaz Istent, \u00e9s akit k\u00fcldt\u00e9l, J\u00e9zus Krisztust. (Jn 17, 3) Az \u00e9lethivat\u00e1som az, hogy megismerjem \u00e9s megismertt\u00e9 tegyem Krisztust \u00e9s az evang\u00e9liumot. Ennek a titka annyira m\u00e9ly, felfoghatatlan, hogy egy eg\u00e9sz \u00e9let\u00fcnk, egy eg\u00e9sz \u00f6r\u00f6kk\u00e9val\u00f3s\u00e1gunk van arra, hogy Isten megismer\u00e9s\u00e9ben elmer\u00fclj\u00fcnk. Sosem mondhatjuk azt, hogy most m\u00e1r el\u00e9gg\u00e9 megismert\u00fck \u0150t. Ez az ember sz\u00e1m\u00e1ra kimer\u00edthetetlen. A szemin\u00e1riumban, a papi szolg\u00e1latom sor\u00e1n ennek felt\u00e1r\u00e1sa az im\u00e1ds\u00e1g, a h\u00edvekkel val\u00f3 kapcsolat \u00e1ltal t\u00f6rt\u00e9nt, t\u00f6rt\u00e9nik. Nem egyed\u00fcl kell ezt meg\u00e9lni, hanem van egy eg\u00e9sz egyh\u00e1zk\u00f6z\u00f6ss\u00e9g, akikkel egy\u00fctt ismerj\u00fck meg az Istent, k\u00f6z\u00f6ss\u00e9gben a p\u00fcsp\u00f6k\u00f6k test\u00fclet\u00e9vel \u00e9s a Szentaty\u00e1val.<\/em><em>\u201d<\/em><\/p>\n<p style=\"text-align: justify;\">Ennek volt sz\u00e9p p\u00e9ld\u00e1ja ez\u00fcstmis\u00e9j\u00e9nek \u00fcnnepe. K\u00edv\u00e1njuk, hogy sok\u00e1ig szolg\u00e1lhassa az egyh\u00e1zmegye h\u00edveit, \u00e9s hogy el\u00e9rje azt a c\u00e9lt, amit az interj\u00faban \u00edgy fogalmazott meg:<\/p>\n<p style=\"text-align: justify;\"><em>\u201e<\/em><em>A szem\u00e9lyes \u00e9letemben az a c\u00e9lom, hogy fussam v\u00e9gig a p\u00e1ly\u00e1t, ahogy Szent P\u00e1l apostol is mondta. C\u00e9lom, hogy megmaradjak Krisztus szolg\u00e1lat\u00e1ban, folytassam lelkesed\u00e9ssel a szolg\u00e1latot, az evang\u00e9liumot \u00f6r\u00f6mh\u00edrk\u00e9nt hirdessem.<\/em><em>\u201d<\/em><\/p>\n<p><iframe loading=\"lazy\" title=\"\u00dcnnep\u00e9lyes szentmis\u00e9t mutatott be papp\u00e1 szentel\u00e9s\u00e9nek 25. \u00e9vfordul\u00f3ja alkalm\u00e1b\u00f3l R\u00f3man Snep atya.\" width=\"1080\" height=\"608\" src=\"https:\/\/www.youtube.com\/embed\/fGnsv_qESFk?feature=oembed\" frameborder=\"0\" allow=\"accelerometer; autoplay; clipboard-write; encrypted-media; gyroscope; picture-in-picture; web-share\" referrerpolicy=\"strict-origin-when-cross-origin\" allowfullscreen><\/iframe><\/p>\n<p><iframe loading=\"lazy\" style=\"border: none; overflow: hidden;\" src=\"https:\/\/www.facebook.com\/plugins\/video.php?height=314&amp;href=https%3A%2F%2Fwww.facebook.com%2Fveritas.magyarul%2Fvideos%2F631554953301387%2F&amp;show_text=false&amp;width=560&amp;t=0\" width=\"560\" height=\"314\" frameborder=\"0\" scrolling=\"no\" allowfullscreen=\"allowfullscreen\"><\/iframe><\/p>\n<p style=\"text-align: right;\"><span style=\"font-size: 10pt;\"><em>Moln\u00e1r M. Katalin<\/em><\/span><\/p>\n<p style=\"text-align: right;\"><span style=\"font-size: 10pt;\">Kisfilm: Weiss Vikt\u00f3ria<\/span><\/p>\n<p style=\"text-align: right;\"><span style=\"font-size: 10pt;\"><em>Az<a href=\"https:\/\/munkacs-diocese.org\/hu\/2025\/06\/12\/celom-hogy-az-evangeliumot-oromhirkent-hirdessem\/\"><span style=\"color: #3366ff;\"> interj\u00fat<\/span><\/a> Feh\u00e9r Rita k\u00e9sz\u00edtette<\/em><\/span><\/p>\n<p>&nbsp;<\/p>\n","protected":false},"excerpt":{"rendered":"<p>\u201eAz id\u00e9n vagyok 50 \u00e9ves, de nem \u00e9rzem. Tal\u00e1n fontosabb sz\u00e1momra az, hogy a paps\u00e1gomnak a 25. \u00e9vfordul\u00f3ja van most ny\u00e1ron. A sz\u00fclet\u00e9snapom a nagyb\u00f6jtre esik, ez\u00e9rt nem tervezek nagyobb \u00fcnneps\u00e9get, csak csendesebbet, szentmis\u00e9ben h\u00e1l\u00e1t adva minden aj\u00e1nd\u00e9k\u00e9rt, az elm\u00falt \u00e9vek\u00e9rt. Az ez\u00fcstmise alkalm\u00e1b\u00f3l \u00fagy gondolom, sz\u00e9lesebb k\u00f6rben gy\u0171l\u00fcnk majd \u00f6ssze, ahol alkalom lesz tal\u00e1n [&hellip;]<\/p>\n","protected":false},"author":4,"featured_media":13463,"comment_status":"open","ping_status":"open","sticky":false,"template":"","format":"standard","meta":{"_acf_changed":false,"_et_pb_use_builder":"","_et_pb_old_content":"","_et_gb_content_width":"","footnotes":""},"categories":[10,59],"tags":[],"class_list":["post-13462","post","type-post","status-publish","format-standard","has-post-thumbnail","hentry","category-aktualis-hirek","category-egyhazmegyenk-hirei","et-has-post-format-content","et_post_format-et-post-format-standard"],"acf":[],"_links":{"self":[{"href":"https:\/\/munkacs-diocese.org\/hu\/wp-json\/wp\/v2\/posts\/13462"}],"collection":[{"href":"https:\/\/munkacs-diocese.org\/hu\/wp-json\/wp\/v2\/posts"}],"about":[{"href":"https:\/\/munkacs-diocese.org\/hu\/wp-json\/wp\/v2\/types\/post"}],"author":[{"embeddable":true,"href":"https:\/\/munkacs-diocese.org\/hu\/wp-json\/wp\/v2\/users\/4"}],"replies":[{"embeddable":true,"href":"https:\/\/munkacs-diocese.org\/hu\/wp-json\/wp\/v2\/comments?post=13462"}],"version-history":[{"count":4,"href":"https:\/\/munkacs-diocese.org\/hu\/wp-json\/wp\/v2\/posts\/13462\/revisions"}],"predecessor-version":[{"id":13471,"href":"https:\/\/munkacs-diocese.org\/hu\/wp-json\/wp\/v2\/posts\/13462\/revisions\/13471"}],"wp:featuredmedia":[{"embeddable":true,"href":"https:\/\/munkacs-diocese.org\/hu\/wp-json\/wp\/v2\/media\/13463"}],"wp:attachment":[{"href":"https:\/\/munkacs-diocese.org\/hu\/wp-json\/wp\/v2\/media?parent=13462"}],"wp:term":[{"taxonomy":"category","embeddable":true,"href":"https:\/\/munkacs-diocese.org\/hu\/wp-json\/wp\/v2\/categories?post=13462"},{"taxonomy":"post_tag","embeddable":true,"href":"https:\/\/munkacs-diocese.org\/hu\/wp-json\/wp\/v2\/tags?post=13462"}],"curies":[{"name":"wp","href":"https:\/\/api.w.org\/{rel}","templated":true}]}}