{"id":13452,"date":"2025-07-01T11:40:03","date_gmt":"2025-07-01T09:40:03","guid":{"rendered":"https:\/\/munkacs-diocese.org\/hu\/?p=13452"},"modified":"2025-07-01T11:40:03","modified_gmt":"2025-07-01T09:40:03","slug":"mitaku-ministrans-talalkozo-es-focikupa","status":"publish","type":"post","link":"https:\/\/munkacs-diocese.org\/hu\/2025\/07\/01\/mitaku-ministrans-talalkozo-es-focikupa\/","title":{"rendered":"MITAKU &#8211; Ministr\u00e1ns tal\u00e1lkoz\u00f3 \u00e9s focikupa"},"content":{"rendered":"<div id=\"fb-root\"><\/div>\n<p style=\"text-align: justify;\">A m\u00e1r hagyom\u00e1nny\u00e1 v\u00e1lt MITAKU-t, azaz a ministr\u00e1ns tal\u00e1lkoz\u00f3 \u00e9s focikup\u00e1t az id\u00e9n j\u00fanius 24. \u00e9s 27. k\u00f6z\u00f6tt rendezt\u00e9k meg Kar\u00e1csfalv\u00e1n a g\u00f6r\u00f6gkatolikus l\u00edceumban. Az \u00f6t f\u0151b\u0151l \u00e1ll\u00f3 mikro \u00e9s makro csapatok mindent beleadva vettek r\u00e9szt a bajnoks\u00e1gon. A foci mellett hangs\u00falyt kapott a fi\u00fak lelki \u00e9let\u00e9nek form\u00e1l\u00e1sa a hit gyakorlatai \u00e1ltal, valamint az eg\u00e9szs\u00e9ges sz\u00f3rakoz\u00e1snak, kikapcsol\u00f3d\u00e1snak is megvolt a helye. Minden \u00e9vben j\u00f3 alkalom ez arra, hogy az egyh\u00e1zmegye magyar ajk\u00fa ministr\u00e1nsai megismerj\u00e9k egym\u00e1st \u00e9s elm\u00e9ly\u00fcljenek az Istennel \u00e9s az egym\u00e1ssal k\u00f6t\u00f6tt bar\u00e1ts\u00e1gban. Ebben a jubileumi szent\u00e9vben a MITAKU egyh\u00e1zmegyei zar\u00e1ndoklattal z\u00e1rult Beregsz\u00e1szban.<\/p>\n\n\t\t<style type=\"text\/css\">\n\t\t\t#gallery-1 {\n\t\t\t\tmargin: auto;\n\t\t\t}\n\t\t\t#gallery-1 .gallery-item {\n\t\t\t\tfloat: left;\n\t\t\t\tmargin-top: 10px;\n\t\t\t\ttext-align: center;\n\t\t\t\twidth: 33%;\n\t\t\t}\n\t\t\t#gallery-1 img {\n\t\t\t\tborder: 2px solid #cfcfcf;\n\t\t\t}\n\t\t\t#gallery-1 .gallery-caption {\n\t\t\t\tmargin-left: 0;\n\t\t\t}\n\t\t\t\/* see gallery_shortcode() in wp-includes\/media.php *\/\n\t\t<\/style>\n\t\t<div id='gallery-1' class='gallery galleryid-13452 gallery-columns-3 gallery-size-full'><dl class='gallery-item'>\n\t\t\t<dt class='gallery-icon landscape'>\n\t\t\t\t<a href='https:\/\/munkacs-diocese.org\/hu\/2025\/07\/01\/mitaku-ministrans-talalkozo-es-focikupa\/mitaku-2025-06\/'><img loading=\"lazy\" decoding=\"async\" width=\"1600\" height=\"721\" src=\"https:\/\/munkacs-diocese.org\/hu\/wp-content\/uploads\/2025\/07\/MITAKU-2025-06.jpg\" class=\"attachment-full size-full\" alt=\"\" srcset=\"https:\/\/munkacs-diocese.org\/hu\/wp-content\/uploads\/2025\/07\/MITAKU-2025-06.jpg 1600w, https:\/\/munkacs-diocese.org\/hu\/wp-content\/uploads\/2025\/07\/MITAKU-2025-06-300x135.jpg 300w, https:\/\/munkacs-diocese.org\/hu\/wp-content\/uploads\/2025\/07\/MITAKU-2025-06-1024x461.jpg 1024w, https:\/\/munkacs-diocese.org\/hu\/wp-content\/uploads\/2025\/07\/MITAKU-2025-06-768x346.jpg 768w, https:\/\/munkacs-diocese.org\/hu\/wp-content\/uploads\/2025\/07\/MITAKU-2025-06-1536x692.jpg 1536w, https:\/\/munkacs-diocese.org\/hu\/wp-content\/uploads\/2025\/07\/MITAKU-2025-06-1080x487.jpg 1080w\" sizes=\"(max-width: 1600px) 100vw, 1600px\" \/><\/a>\n\t\t\t<\/dt><\/dl><dl class='gallery-item'>\n\t\t\t<dt class='gallery-icon landscape'>\n\t\t\t\t<a href='https:\/\/munkacs-diocese.org\/hu\/2025\/07\/01\/mitaku-ministrans-talalkozo-es-focikupa\/mitaku-2025-03\/'><img loading=\"lazy\" decoding=\"async\" width=\"1600\" height=\"720\" src=\"https:\/\/munkacs-diocese.org\/hu\/wp-content\/uploads\/2025\/07\/MITAKU-2025-03.jpg\" class=\"attachment-full size-full\" alt=\"\" srcset=\"https:\/\/munkacs-diocese.org\/hu\/wp-content\/uploads\/2025\/07\/MITAKU-2025-03.jpg 1600w, https:\/\/munkacs-diocese.org\/hu\/wp-content\/uploads\/2025\/07\/MITAKU-2025-03-300x135.jpg 300w, https:\/\/munkacs-diocese.org\/hu\/wp-content\/uploads\/2025\/07\/MITAKU-2025-03-1024x461.jpg 1024w, https:\/\/munkacs-diocese.org\/hu\/wp-content\/uploads\/2025\/07\/MITAKU-2025-03-768x346.jpg 768w, https:\/\/munkacs-diocese.org\/hu\/wp-content\/uploads\/2025\/07\/MITAKU-2025-03-1536x691.jpg 1536w, https:\/\/munkacs-diocese.org\/hu\/wp-content\/uploads\/2025\/07\/MITAKU-2025-03-1080x486.jpg 1080w\" sizes=\"(max-width: 1600px) 100vw, 1600px\" \/><\/a>\n\t\t\t<\/dt><\/dl><dl class='gallery-item'>\n\t\t\t<dt class='gallery-icon landscape'>\n\t\t\t\t<a href='https:\/\/munkacs-diocese.org\/hu\/2025\/07\/01\/mitaku-ministrans-talalkozo-es-focikupa\/mitaku-2025-07\/'><img loading=\"lazy\" decoding=\"async\" width=\"1600\" height=\"720\" src=\"https:\/\/munkacs-diocese.org\/hu\/wp-content\/uploads\/2025\/07\/MITAKU-2025-07.jpg\" class=\"attachment-full size-full\" alt=\"\" srcset=\"https:\/\/munkacs-diocese.org\/hu\/wp-content\/uploads\/2025\/07\/MITAKU-2025-07.jpg 1600w, https:\/\/munkacs-diocese.org\/hu\/wp-content\/uploads\/2025\/07\/MITAKU-2025-07-300x135.jpg 300w, https:\/\/munkacs-diocese.org\/hu\/wp-content\/uploads\/2025\/07\/MITAKU-2025-07-1024x461.jpg 1024w, https:\/\/munkacs-diocese.org\/hu\/wp-content\/uploads\/2025\/07\/MITAKU-2025-07-768x346.jpg 768w, https:\/\/munkacs-diocese.org\/hu\/wp-content\/uploads\/2025\/07\/MITAKU-2025-07-1536x691.jpg 1536w, https:\/\/munkacs-diocese.org\/hu\/wp-content\/uploads\/2025\/07\/MITAKU-2025-07-1080x486.jpg 1080w\" sizes=\"(max-width: 1600px) 100vw, 1600px\" \/><\/a>\n\t\t\t<\/dt><\/dl><br style=\"clear: both\" \/>\n\t\t<\/div>\n\n\n\t\t<style type=\"text\/css\">\n\t\t\t#gallery-2 {\n\t\t\t\tmargin: auto;\n\t\t\t}\n\t\t\t#gallery-2 .gallery-item {\n\t\t\t\tfloat: left;\n\t\t\t\tmargin-top: 10px;\n\t\t\t\ttext-align: center;\n\t\t\t\twidth: 50%;\n\t\t\t}\n\t\t\t#gallery-2 img {\n\t\t\t\tborder: 2px solid #cfcfcf;\n\t\t\t}\n\t\t\t#gallery-2 .gallery-caption {\n\t\t\t\tmargin-left: 0;\n\t\t\t}\n\t\t\t\/* see gallery_shortcode() in wp-includes\/media.php *\/\n\t\t<\/style>\n\t\t<div id='gallery-2' class='gallery galleryid-13452 gallery-columns-2 gallery-size-full'><dl class='gallery-item'>\n\t\t\t<dt class='gallery-icon landscape'>\n\t\t\t\t<a href='https:\/\/munkacs-diocese.org\/hu\/2025\/07\/01\/mitaku-ministrans-talalkozo-es-focikupa\/mitaku-2025-02\/'><img loading=\"lazy\" decoding=\"async\" width=\"1600\" height=\"720\" src=\"https:\/\/munkacs-diocese.org\/hu\/wp-content\/uploads\/2025\/07\/MITAKU-2025-02.jpg\" class=\"attachment-full size-full\" alt=\"\" srcset=\"https:\/\/munkacs-diocese.org\/hu\/wp-content\/uploads\/2025\/07\/MITAKU-2025-02.jpg 1600w, https:\/\/munkacs-diocese.org\/hu\/wp-content\/uploads\/2025\/07\/MITAKU-2025-02-300x135.jpg 300w, https:\/\/munkacs-diocese.org\/hu\/wp-content\/uploads\/2025\/07\/MITAKU-2025-02-1024x461.jpg 1024w, https:\/\/munkacs-diocese.org\/hu\/wp-content\/uploads\/2025\/07\/MITAKU-2025-02-768x346.jpg 768w, https:\/\/munkacs-diocese.org\/hu\/wp-content\/uploads\/2025\/07\/MITAKU-2025-02-1536x691.jpg 1536w, https:\/\/munkacs-diocese.org\/hu\/wp-content\/uploads\/2025\/07\/MITAKU-2025-02-1080x486.jpg 1080w\" sizes=\"(max-width: 1600px) 100vw, 1600px\" \/><\/a>\n\t\t\t<\/dt><\/dl><dl class='gallery-item'>\n\t\t\t<dt class='gallery-icon landscape'>\n\t\t\t\t<a href='https:\/\/munkacs-diocese.org\/hu\/2025\/07\/01\/mitaku-ministrans-talalkozo-es-focikupa\/mitaku-2025\/'><img loading=\"lazy\" decoding=\"async\" width=\"1600\" height=\"720\" src=\"https:\/\/munkacs-diocese.org\/hu\/wp-content\/uploads\/2025\/07\/MITAKU-2025.jpg\" class=\"attachment-full size-full\" alt=\"\" srcset=\"https:\/\/munkacs-diocese.org\/hu\/wp-content\/uploads\/2025\/07\/MITAKU-2025.jpg 1600w, https:\/\/munkacs-diocese.org\/hu\/wp-content\/uploads\/2025\/07\/MITAKU-2025-300x135.jpg 300w, https:\/\/munkacs-diocese.org\/hu\/wp-content\/uploads\/2025\/07\/MITAKU-2025-1024x461.jpg 1024w, https:\/\/munkacs-diocese.org\/hu\/wp-content\/uploads\/2025\/07\/MITAKU-2025-768x346.jpg 768w, https:\/\/munkacs-diocese.org\/hu\/wp-content\/uploads\/2025\/07\/MITAKU-2025-1536x691.jpg 1536w, https:\/\/munkacs-diocese.org\/hu\/wp-content\/uploads\/2025\/07\/MITAKU-2025-1080x486.jpg 1080w\" sizes=\"(max-width: 1600px) 100vw, 1600px\" \/><\/a>\n\t\t\t<\/dt><\/dl><br style=\"clear: both\" \/>\n\t\t<\/div>\n\n<p>&nbsp;<\/p>\n","protected":false},"excerpt":{"rendered":"<p>A m\u00e1r hagyom\u00e1nny\u00e1 v\u00e1lt MITAKU-t, azaz a ministr\u00e1ns tal\u00e1lkoz\u00f3 \u00e9s focikup\u00e1t az id\u00e9n j\u00fanius 24. \u00e9s 27. k\u00f6z\u00f6tt rendezt\u00e9k meg Kar\u00e1csfalv\u00e1n a g\u00f6r\u00f6gkatolikus l\u00edceumban. Az \u00f6t f\u0151b\u0151l \u00e1ll\u00f3 mikro \u00e9s makro csapatok mindent beleadva vettek r\u00e9szt a bajnoks\u00e1gon. A foci mellett hangs\u00falyt kapott a fi\u00fak lelki \u00e9let\u00e9nek form\u00e1l\u00e1sa a hit gyakorlatai \u00e1ltal, valamint az eg\u00e9szs\u00e9ges [&hellip;]<\/p>\n","protected":false},"author":4,"featured_media":13456,"comment_status":"open","ping_status":"open","sticky":false,"template":"","format":"standard","meta":{"_acf_changed":false,"_et_pb_use_builder":"","_et_pb_old_content":"","_et_gb_content_width":"","footnotes":""},"categories":[10,59],"tags":[],"class_list":["post-13452","post","type-post","status-publish","format-standard","has-post-thumbnail","hentry","category-aktualis-hirek","category-egyhazmegyenk-hirei","et-has-post-format-content","et_post_format-et-post-format-standard"],"acf":[],"_links":{"self":[{"href":"https:\/\/munkacs-diocese.org\/hu\/wp-json\/wp\/v2\/posts\/13452"}],"collection":[{"href":"https:\/\/munkacs-diocese.org\/hu\/wp-json\/wp\/v2\/posts"}],"about":[{"href":"https:\/\/munkacs-diocese.org\/hu\/wp-json\/wp\/v2\/types\/post"}],"author":[{"embeddable":true,"href":"https:\/\/munkacs-diocese.org\/hu\/wp-json\/wp\/v2\/users\/4"}],"replies":[{"embeddable":true,"href":"https:\/\/munkacs-diocese.org\/hu\/wp-json\/wp\/v2\/comments?post=13452"}],"version-history":[{"count":1,"href":"https:\/\/munkacs-diocese.org\/hu\/wp-json\/wp\/v2\/posts\/13452\/revisions"}],"predecessor-version":[{"id":13459,"href":"https:\/\/munkacs-diocese.org\/hu\/wp-json\/wp\/v2\/posts\/13452\/revisions\/13459"}],"wp:featuredmedia":[{"embeddable":true,"href":"https:\/\/munkacs-diocese.org\/hu\/wp-json\/wp\/v2\/media\/13456"}],"wp:attachment":[{"href":"https:\/\/munkacs-diocese.org\/hu\/wp-json\/wp\/v2\/media?parent=13452"}],"wp:term":[{"taxonomy":"category","embeddable":true,"href":"https:\/\/munkacs-diocese.org\/hu\/wp-json\/wp\/v2\/categories?post=13452"},{"taxonomy":"post_tag","embeddable":true,"href":"https:\/\/munkacs-diocese.org\/hu\/wp-json\/wp\/v2\/tags?post=13452"}],"curies":[{"name":"wp","href":"https:\/\/api.w.org\/{rel}","templated":true}]}}