{"id":1345,"date":"2015-12-23T00:00:00","date_gmt":"2015-12-22T22:00:00","guid":{"rendered":"http:\/\/munkacs-diocese.org\/hu\/2015\/12\/23\/istenben-keresem-a-bekemet-interju-majnek-antal-puespoekkel\/"},"modified":"2015-12-23T00:00:00","modified_gmt":"2015-12-22T22:00:00","slug":"istenben-keresem-a-bekemet-interju-majnek-antal-puespoekkel","status":"publish","type":"post","link":"https:\/\/munkacs-diocese.org\/hu\/2015\/12\/23\/istenben-keresem-a-bekemet-interju-majnek-antal-puespoekkel\/","title":{"rendered":"Istenben keresem a b\u00e9k\u00e9met &#8211; Interj\u00fa Majnek Antal p\u00fcsp\u00f6kkel"},"content":{"rendered":"<div id=\"fb-root\"><\/div>\n<p style=\"text-align: center;\"><span style=\"font-size: 12pt;\"><strong>Istenben keresem a b\u00e9k\u00e9met <\/strong><\/span><br \/><span style=\"font-size: 12pt;\"><strong>&#8211; <em>Interj\u00fa Majnek Antal p\u00fcsp\u00f6kkel<\/em><\/strong><\/span><\/p>\n<p><strong><img loading=\"lazy\" decoding=\"async\" class=\" alignleft size-full wp-image-1344\" style=\"float: left;\" src=\"https:\/\/munkacs-diocese.org\/hu\/wp-content\/uploads\/2015\/12\/max_800x800_images_stories_images15_10_ujtas-10-28.jpg\" height=\"172\" width=\"172\" srcset=\"https:\/\/munkacs-diocese.org\/hu\/wp-content\/uploads\/2015\/12\/max_800x800_images_stories_images15_10_ujtas-10-28.jpg 800w, https:\/\/munkacs-diocese.org\/hu\/wp-content\/uploads\/2015\/12\/max_800x800_images_stories_images15_10_ujtas-10-28-150x150.jpg 150w, https:\/\/munkacs-diocese.org\/hu\/wp-content\/uploads\/2015\/12\/max_800x800_images_stories_images15_10_ujtas-10-28-300x300.jpg 300w, https:\/\/munkacs-diocese.org\/hu\/wp-content\/uploads\/2015\/12\/max_800x800_images_stories_images15_10_ujtas-10-28-768x768.jpg 768w, https:\/\/munkacs-diocese.org\/hu\/wp-content\/uploads\/2015\/12\/max_800x800_images_stories_images15_10_ujtas-10-28-440x440.jpg 440w\" sizes=\"(max-width: 172px) 100vw, 172px\" \/>December 9-\u00e9n volt h\u00fasz \u00e9ve annak, hogy Majnek Antalt, a nagysz\u0151l\u0151si ferences misszi\u00f3 vezet\u0151j\u00e9t II. J\u00e1nos P\u00e1l p\u00e1pa p\u00fcsp\u00f6kk\u00e9 nevezte ki. Janu\u00e1r 6-\u00e1n pedig p\u00fcsp\u00f6kk\u00e9 szentel\u00e9s\u00e9nek 20. \u00e9vfordul\u00f3j\u00e1t \u00fcnnepli. E kett\u0151s jubileum alkalm\u00e1b\u00f3l k\u00e9rdezt\u00fck \u0151t.<\/strong><\/p>\n<p><strong>\u2013 P\u00fcsp\u00f6k atya, hogyan eml\u00e9kszik vissza a h\u00fasz \u00e9vvel ezel\u0151tti esem\u00e9nyekre? Milyen \u00e9rz\u00e9sek voltak akkor \u00d6nben?<\/strong><\/p>\n<p>\u2013 Nehezen fogadtam el a kinevez\u00e9st, err\u0151l m\u00e1r sokszor besz\u00e9ltem. Sz\u00edvvel-l\u00e9lekkel ferences lelkip\u00e1sztor voltam, \u00e9s eg\u00e9sz \u00e9letemben az akartam maradni. Egy\u00e1ltal\u00e1n nem v\u00e1gytam arra, hogy p\u00fcsp\u00f6k legyek. Antonio Franco \u00e9rsek, aki akkor a kijevi nuncius \u00e9s egyben ideiglenes k\u00e1rp\u00e1taljai apostoli korm\u00e1nyz\u00f3 volt, hosszasan pr\u00f3b\u00e1lt r\u00e1besz\u00e9lni; v\u00e9g\u00fcl azzal gy\u0151z\u00f6tt meg, hogy a p\u00e1pa k\u00e9r\u00e9se sz\u00e1momra Isten akarata. <!--more--> <br \/>Akkor adtam be a derekamat, amikor ott, Kijevben, a nunciat\u00fara k\u00e1poln\u00e1j\u00e1- ban a Szent\u00edr\u00e1s olvas\u00e1sakor kaptam egy\u00e9rtelm\u0171 \u00fczenetet Istent\u0151l, hogy val\u00f3- ban ez az \u0150 akarata. \u00c9s Isten akarat\u00e1- val m\u00e1r nem mertem ellenkezni.<\/p>\n<p><strong>\u2013 Hogyan l\u00e1tja ma azt a feladatot, amit h\u00fasz \u00e9vvel ezel\u0151tt b\u00edzott \u00d6nre a Szentatya?<\/strong><\/p>\n<p>\u2013 Most m\u00e1r nyugodtabban. Akkor m\u00e9g sejtelmem sem volt, mit kell tennem. Az egyh\u00e1zszervezetet a null\u00e1r\u00f3l kellett fel\u00e9p\u00edteni, sz\u00f3 szerint k\u00e9t mapp\u00e1val kezdtem az adminisztr\u00e1ci\u00f3t. Nem seg\u00ed- tett benne senki, csak a kijevi nuncius j\u00f6tt el 2-3 havonta r\u00f6vid id\u0151re. Mindent munka k\u00f6zben kellett megtanulnom.<\/p>\n<p><strong>\u2013 Milyen a kapcsolata a h\u00ed- vekkel? Folytat-e lelkip\u00e1sztori tev\u00e9kenys\u00e9get?<\/strong><\/p>\n<p>A h\u00edvekkel j\u00f3l \u00e9reztem magam, mint ahogy el\u0151z\u0151 helyeimen is. Hittanokat tartottam fiataloknak, feln\u0151tteknek, betegeket l\u00e1togattam, gy\u00f3ntattam: tov\u00e1bbra is nagy \u00f6r\u00f6mmel v\u00e9geztem (\u00e9s amennyire tudom, v\u00e9gzem ma is) a k\u00fcl\u00f6nf\u00e9le lelkip\u00e1sztori tev\u00e9kenys\u00e9geket. Erre egy\u00e9bk\u00e9nt sz\u00fcks\u00e9g is volt \u00e9s van ma is, hiszen h\u00fasz \u00e9ve folyamatosan hi- \u00e1ny van magyar papokb\u00f3l.<\/p>\n<p>Mostan\u00e1ban is m\u00e1r n\u00e9gyen hagytak itt minket: h\u00e1rman Magyarorsz\u00e1g kedv\u00e9\u00e9rt, egyik\u00fck pedig m\u00e9g a paps\u00e1g\u00e1t is elhagyta&#8230; K\u00fcl\u00f6n\u00f6- sen ez ut\u00f3bbi nagy f\u00e1jdalom \u00e9s trag\u00e9dia sz\u00e1momra, sz\u00e1munkra. De h\u00e1la Istennek vannak h\u00faszan, akik viszont h\u0171s\u00e9gesen dolgoznak, \u00e9s m\u00e9g h\u00faszan misszi\u00f3sok, akik szint\u00e9n sz\u00e9- pen szolg\u00e1lj\u00e1k egyh\u00e1zmegy\u00e9nk h\u00edveinek \u00fcdv\u00f6ss\u00e9g\u00e9t.<\/p>\n<p>Az egyh\u00e1zmegye h\u00edveivel is folyamatosan kapcsolatban vagyok. Sokszor l\u00e1togatok el \u00fcnneps\u00e9gek, b\u00e9rm\u00e1l\u00e1s, templom-\u00fajrameg\u00e1ld\u00e1s stb. kapcs\u00e1n egy-egy helyre, ahol alkalom ny\u00edlik tal\u00e1lkoz\u00e1sra, besz\u00e9lget\u00e9sre. Ez alatt a h\u00fasz \u00e9v alatt visita canonica form\u00e1j\u00e1- ban v\u00e9gigl\u00e1togattam valamennyi hely\u00fcnket (100 mis\u00e9z\u0151hely\u00fcnk van), n\u00e9- h\u00e1ny pl\u00e9b\u00e1ni\u00e1t k\u00e9tszer is. Sajnos a h\u00edveink sz\u00e1ma is egyre ink\u00e1bb fogyatkozik az elv\u00e1ndorl\u00e1s k\u00f6vetkezt\u00e9ben.<\/p>\n<p><strong>\u2013 Mit tart fontosnak az egyh\u00e1zmegy\u00e9t illet\u0151en? Mi az, amit t\u0151l\u00fcnk, h\u00edveit\u0151l v\u00e1r?<\/strong><\/p>\n<p>\u2013 Sz\u00fcks\u00e9ges lenne, hogy el\u00e9g papunk legyen, ne kelljen senkinek n\u00e9gyszer is mis\u00e9znie vas\u00e1rnaponk\u00e9nt, legyen idej\u00fck pihen\u00e9sre, k\u00f6z\u00f6ss\u00e9gi \u00e9letre. Ez ut\u00f3bbit mindig is fontosnak tartottam: hogy a papok k\u00f6z\u00f6ss\u00e9gben \u00e9ljenek. Ahol lehet, lakjanak egy\u00fctt legal\u00e1bb ketten, testv\u00e9ri k\u00f6z\u00f6ss\u00e9gben. Nem v\u00e9letlen\u00fcl ragaszkodom annyira a havonta megrendezett papi tal\u00e1lkoz\u00f3khoz is, melyeken majdnem mindig r\u00e9szt veszek \u00e9n is. P\u00fcsp\u00f6ki programjaimat is igyekszem \u00fagy igaz\u00edtani, hogy ne kelljen t\u00e1- vol maradnom.<\/p>\n<p>Mivel a h\u00e9t kispapunkb\u00f3l n\u00e9gy ukr\u00e1n anyanyelv\u0171, arra k\u00e9rem \u0151ket, hogy tanuljanak magyarul, hogy majd a magyar h\u00edveket is el tudj\u00e1k l\u00e1tni, \u00e9s \u00edgy tehermentes\u00edts\u00e9k a magyar papokat. Az elm\u00falt \u00e9vekben Budapesten, a P\u00e1zm\u00e1ny P\u00e9ter Katolikus Egyetemen elv\u00e9geztem egy k\u00e1nonjogi posztgradu\u00e1lis k\u00e9pz\u00e9st, mert nem volt egyh\u00e1zjog\u00e1szunk. Az\u00f3ta m\u00e9g egy pap, Moln\u00e1r J\u00e1nos atya is elv\u00e9gezte ezt a kurzust, az\u00f3ta t\u00f6bbnyire \u0151 foglalkozik a h\u00e1zass\u00e1gi \u00fcgyekkel.<\/p>\n<p>Az elm\u00falt majdnem h\u00fasz \u00e9vben nagyon sokan v\u00e9gezt\u00e9k el a h\u00e1rom\u00e9ves hitoktat\u00f3k\u00e9pz\u0151t (k\u00f6zismert nev\u00e9n FTK-t), melyet el\u0151sz\u00f6r Nagysz\u0151l\u0151s\u00f6n tartottunk, majd Munk\u00e1csra helyezt\u00fcnk \u00e1t. Nagyon fontos, hogy ezek az emberek k\u00fcl\u00f6n\u00f6sen is evangeliz\u00e1ljanak saj\u00e1t k\u00f6rnyezet\u00fckben. Ez minden h\u00edv\u0151nek is feladata, k\u00fcl\u00f6n\u00f6sen most, a Szent M\u00e1rton jubileumi \u00e9vben \u00e9s az irgalmass\u00e1g szent\u00e9v\u00e9ben; a p\u00e1pa sz\u00e1nd\u00e9ka szerint mindenf\u00e9le szinten erre fognak ir\u00e1nyulni programjaink, hogy ezt a feladatot tudatos\u00edtsuk a h\u00edvekben. Fontos, hogy els\u0151sorban mi legy\u00fcnk az irgalmas Isten j\u00f3 k\u00e9pvisel\u0151i \u2013 \u00e9s ne j\u00f3 k\u00e9p-mutat\u00f3i&#8230;<\/p>\n<p><strong>\u2013 Hogyan tudja lelkileg szinten tartani mag\u00e1t a rengeteg tennival\u00f3 k\u00f6zben?<\/strong><\/p>\n<p>\u2013 Nem szabad soha elhagyni a zsolozsm\u00e1t, a k\u00f6telez\u0151 ima\u00f3r\u00e1kat, de napk\u00f6zben is arra t\u00f6rekszem, hogy a pihen\u00e9sem is mindig Istennel legyen; Benne keresem a pihen\u00e9st, hogy megtal\u00e1ljam a b\u00e9k\u00e9met, mert csak \u00edgy lehet az emberekkel is b\u00e9kess\u00e9gben \u00e9lni. Erre t\u00f6rekszem m\u00e1r a gondolataimban, a sz\u00edvemben is. Az irgalmass\u00e1g kegyelmi esztendej\u00e9ben \u00e9s a Szent M\u00e1rton jubileumi \u00e9vben Isten bizony\u00e1ra b\u0151ven fog ehhez kegyelmi seg\u00edts\u00e9get adni nekem is \u00e9s mindny\u00e1junknak.<\/p>\n<p style=\"text-align: right;\"><em>Az interj\u00fat k\u00e9sz\u00edtette: P\u00e1pai Zsuzsanna<\/em><\/p>\n","protected":false},"excerpt":{"rendered":"<p>Istenben keresem a b\u00e9k\u00e9met &#8211; Interj\u00fa Majnek Antal p\u00fcsp\u00f6kkel December 9-\u00e9n volt h\u00fasz \u00e9ve annak, hogy Majnek Antalt, a nagysz\u0151l\u0151si ferences misszi\u00f3 vezet\u0151j\u00e9t II. J\u00e1nos P\u00e1l p\u00e1pa p\u00fcsp\u00f6kk\u00e9 nevezte ki. Janu\u00e1r 6-\u00e1n pedig p\u00fcsp\u00f6kk\u00e9 szentel\u00e9s\u00e9nek 20. \u00e9vfordul\u00f3j\u00e1t \u00fcnnepli. E kett\u0151s jubileum alkalm\u00e1b\u00f3l k\u00e9rdezt\u00fck \u0151t. \u2013 P\u00fcsp\u00f6k atya, hogyan eml\u00e9kszik vissza a h\u00fasz \u00e9vvel ezel\u0151tti esem\u00e9nyekre? [&hellip;]<\/p>\n","protected":false},"author":1,"featured_media":1344,"comment_status":"open","ping_status":"open","sticky":false,"template":"","format":"standard","meta":{"_acf_changed":false,"_et_pb_use_builder":"","_et_pb_old_content":"","_et_gb_content_width":"","footnotes":""},"categories":[10],"tags":[],"class_list":["post-1345","post","type-post","status-publish","format-standard","has-post-thumbnail","hentry","category-aktualis-hirek","et-has-post-format-content","et_post_format-et-post-format-standard"],"acf":[],"_links":{"self":[{"href":"https:\/\/munkacs-diocese.org\/hu\/wp-json\/wp\/v2\/posts\/1345"}],"collection":[{"href":"https:\/\/munkacs-diocese.org\/hu\/wp-json\/wp\/v2\/posts"}],"about":[{"href":"https:\/\/munkacs-diocese.org\/hu\/wp-json\/wp\/v2\/types\/post"}],"author":[{"embeddable":true,"href":"https:\/\/munkacs-diocese.org\/hu\/wp-json\/wp\/v2\/users\/1"}],"replies":[{"embeddable":true,"href":"https:\/\/munkacs-diocese.org\/hu\/wp-json\/wp\/v2\/comments?post=1345"}],"version-history":[{"count":0,"href":"https:\/\/munkacs-diocese.org\/hu\/wp-json\/wp\/v2\/posts\/1345\/revisions"}],"wp:featuredmedia":[{"embeddable":true,"href":"https:\/\/munkacs-diocese.org\/hu\/wp-json\/wp\/v2\/media\/1344"}],"wp:attachment":[{"href":"https:\/\/munkacs-diocese.org\/hu\/wp-json\/wp\/v2\/media?parent=1345"}],"wp:term":[{"taxonomy":"category","embeddable":true,"href":"https:\/\/munkacs-diocese.org\/hu\/wp-json\/wp\/v2\/categories?post=1345"},{"taxonomy":"post_tag","embeddable":true,"href":"https:\/\/munkacs-diocese.org\/hu\/wp-json\/wp\/v2\/tags?post=1345"}],"curies":[{"name":"wp","href":"https:\/\/api.w.org\/{rel}","templated":true}]}}