{"id":13328,"date":"2025-06-02T09:59:59","date_gmt":"2025-06-02T07:59:59","guid":{"rendered":"https:\/\/munkacs-diocese.org\/hu\/?p=13328"},"modified":"2025-06-06T10:52:16","modified_gmt":"2025-06-06T08:52:16","slug":"unnepi-szentmise-onokocon","status":"publish","type":"post","link":"https:\/\/munkacs-diocese.org\/hu\/2025\/06\/02\/unnepi-szentmise-onokocon\/","title":{"rendered":"\u00dcnnepi szentmise Onok\u00f3con"},"content":{"rendered":"<div id=\"fb-root\"><\/div>\n<p style=\"text-align: justify;\">Az ungv\u00e1ri j\u00e1r\u00e1sban tal\u00e1lhat\u00f3 Onok\u00f3c, r\u00e9gi magyar nev\u00e9n Fels\u0151domonya. A telep\u00fcl\u00e9s templom\u00e1nak \u00fcnnepe Sarl\u00f3s Boldogasszony, vagyis M\u00e1ria l\u00e1togat\u00e1sa Erzs\u00e9betn\u00e9l. Ezen a napon, az ukrajnai r\u00f3mai katolikus egyh\u00e1z liturgikus rendje szerint m\u00e1jus 31-\u00e9n tartotta meg az egyh\u00e1zk\u00f6zs\u00e9g a b\u00facs\u00fat. Az \u00fcnnepi szentmis\u00e9t Lucsok Mikl\u00f3s OP, a Munk\u00e1csi Egyh\u00e1zmegye p\u00fcsp\u00f6ke celebr\u00e1lta.<\/p>\n<p style=\"text-align: justify;\">A szertart\u00e1son koncelebr\u00e1ltak a perecsenyi lazarista aty\u00e1k: Jerzy Hawluk CM, az onok\u00f3ci pl\u00e9b\u00e1nia pl\u00e9b\u00e1nosa, valamint Jan Vakulcsak CM.<\/p>\n<p style=\"text-align: justify;\">Hom\u00edli\u00e1j\u00e1ban a f\u0151p\u00e1sztor arra buzd\u00edtotta a h\u00edveket, hogy legyenek az \u00f6r\u00f6mh\u00edr hordoz\u00f3i: \u201eAhogyan Sz\u0171z M\u00e1ria \u00e1ld\u00e1st hozott Erzs\u00e9bet h\u00e1z\u00e1ba, \u00fagy mi is legy\u00fcnk \u00e1ld\u00e1shoz\u00f3k. Erre tan\u00edt benn\u00fcnket a mai \u00fcnnep \u2013 hogy vigy\u00fcnk \u00e1ld\u00e1st a vil\u00e1gba, egyszer\u0171 szavaink \u00e9s tetteink \u00e1ltal.\u201d<\/p>\n<p style=\"text-align: justify;\">\u201eAmikor sz\u00edvb\u0151l mondjuk egym\u00e1snak: \u00bbJ\u00f3 napot k\u00edv\u00e1nok\u00ab, vagy \u0151szint\u00e9n kimondjuk: \u00bbK\u00f6sz\u00f6n\u00f6m\u00ab, \u00bbBocs\u00e1ss meg\u00ab, \u00bb\u00c1ldjon meg az Isten\u00ab \u2013 ezek mind az \u00e1ld\u00e1s szavai. Ma Szent P\u00e1l r\u00f3maiakhoz \u00edrt level\u00e9ben ezt hallottuk: \u00bb\u00c1ldjatok, \u00e9s ne \u00e1tkozzatok.\u00ab Ezt a mondatot vigy\u00fck magunkkal m\u00e1ra.\u201d<\/p>\n\n\t\t<style type=\"text\/css\">\n\t\t\t#gallery-1 {\n\t\t\t\tmargin: auto;\n\t\t\t}\n\t\t\t#gallery-1 .gallery-item {\n\t\t\t\tfloat: left;\n\t\t\t\tmargin-top: 10px;\n\t\t\t\ttext-align: center;\n\t\t\t\twidth: 50%;\n\t\t\t}\n\t\t\t#gallery-1 img {\n\t\t\t\tborder: 2px solid #cfcfcf;\n\t\t\t}\n\t\t\t#gallery-1 .gallery-caption {\n\t\t\t\tmargin-left: 0;\n\t\t\t}\n\t\t\t\/* see gallery_shortcode() in wp-includes\/media.php *\/\n\t\t<\/style>\n\t\t<div id='gallery-1' class='gallery galleryid-13328 gallery-columns-2 gallery-size-full'><dl class='gallery-item'>\n\t\t\t<dt class='gallery-icon landscape'>\n\t\t\t\t<a href='https:\/\/munkacs-diocese.org\/hu\/2025\/06\/02\/unnepi-szentmise-onokocon\/onokoc_bucsu03\/'><img loading=\"lazy\" decoding=\"async\" width=\"1280\" height=\"960\" src=\"https:\/\/munkacs-diocese.org\/hu\/wp-content\/uploads\/2025\/06\/Onokoc_bucsu03.jpg\" class=\"attachment-full size-full\" alt=\"\" srcset=\"https:\/\/munkacs-diocese.org\/hu\/wp-content\/uploads\/2025\/06\/Onokoc_bucsu03.jpg 1280w, https:\/\/munkacs-diocese.org\/hu\/wp-content\/uploads\/2025\/06\/Onokoc_bucsu03-300x225.jpg 300w, https:\/\/munkacs-diocese.org\/hu\/wp-content\/uploads\/2025\/06\/Onokoc_bucsu03-1024x768.jpg 1024w, https:\/\/munkacs-diocese.org\/hu\/wp-content\/uploads\/2025\/06\/Onokoc_bucsu03-768x576.jpg 768w, https:\/\/munkacs-diocese.org\/hu\/wp-content\/uploads\/2025\/06\/Onokoc_bucsu03-1080x810.jpg 1080w\" sizes=\"(max-width: 1280px) 100vw, 1280px\" \/><\/a>\n\t\t\t<\/dt><\/dl><dl class='gallery-item'>\n\t\t\t<dt class='gallery-icon landscape'>\n\t\t\t\t<a href='https:\/\/munkacs-diocese.org\/hu\/2025\/06\/02\/unnepi-szentmise-onokocon\/onokoc_bucsu04\/'><img loading=\"lazy\" decoding=\"async\" width=\"1280\" height=\"960\" src=\"https:\/\/munkacs-diocese.org\/hu\/wp-content\/uploads\/2025\/06\/Onokoc_bucsu04.jpg\" class=\"attachment-full size-full\" alt=\"\" srcset=\"https:\/\/munkacs-diocese.org\/hu\/wp-content\/uploads\/2025\/06\/Onokoc_bucsu04.jpg 1280w, https:\/\/munkacs-diocese.org\/hu\/wp-content\/uploads\/2025\/06\/Onokoc_bucsu04-300x225.jpg 300w, https:\/\/munkacs-diocese.org\/hu\/wp-content\/uploads\/2025\/06\/Onokoc_bucsu04-1024x768.jpg 1024w, https:\/\/munkacs-diocese.org\/hu\/wp-content\/uploads\/2025\/06\/Onokoc_bucsu04-768x576.jpg 768w, https:\/\/munkacs-diocese.org\/hu\/wp-content\/uploads\/2025\/06\/Onokoc_bucsu04-1080x810.jpg 1080w\" sizes=\"(max-width: 1280px) 100vw, 1280px\" \/><\/a>\n\t\t\t<\/dt><\/dl><br style=\"clear: both\" \/>\n\t\t<\/div>\n\n<p style=\"text-align: justify;\">A p\u00fcsp\u00f6k eml\u00e9keztetett a r\u00f3zsaf\u00fcz\u00e9r egyszer\u0171, de m\u00e9ly im\u00e1ds\u00e1g\u00e1ra is, mely \u00e1ltal Sz\u0171z M\u00e1ri\u00e1hoz, az \u00darhoz \u00e9s a Szentl\u00e9lekhez fordulunk. Hangs\u00falyozta: \u201eAmikor \u00e1ld\u00e1st mondunk, azzal megv\u00e9dj\u00fck magunkat a gonoszt\u00f3l.\u201d Felh\u00edvta tov\u00e1bb\u00e1 a figyelmet az \u00fagynevezett foh\u00e1sz-im\u00e1k, r\u00f6vid, sz\u00edvb\u0151l j\u00f6v\u0151 im\u00e1ds\u00e1gok jelent\u0151s\u00e9g\u00e9re is, amelyek seg\u00edtik gondolataink Isten, M\u00e1ria \u00e9s Szent J\u00f3zsef fel\u00e9 ir\u00e1ny\u00edt\u00e1s\u00e1t.<\/p>\n<p style=\"text-align: justify;\">\u201eLegy\u00fcnk az \u00e1ld\u00e1s hordoz\u00f3i \u2013 vigy\u00fck el a kegyelmet \u00e9s Isten \u00e1ld\u00e1s\u00e1t magunkra, csal\u00e1djainkra, k\u00f6z\u00f6ss\u00e9geinkre, pl\u00e9b\u00e1ni\u00e1nkra, egyh\u00e1zmegy\u00e9nkre \u00e9s nemzet\u00fcnkre is\u201d \u2013 z\u00e1rta szavait a p\u00fcsp\u00f6k.<\/p>\n<p style=\"text-align: justify;\">Ez az \u00fcnnep k\u00fcl\u00f6nleges jelent\u0151s\u00e9ggel b\u00edrt a helyi k\u00f6z\u00f6ss\u00e9g sz\u00e1m\u00e1ra, hiszen a h\u00edvek k\u00f6z\u00f6s im\u00e1ban, h\u00e1laad\u00e1sban \u00e9s rem\u00e9nyben egyes\u00fclhettek.<\/p>\n<p style=\"text-align: justify;\">Sz\u0171z M\u00e1ria h\u00e1laad\u00f3 \u00e9neke, a Magnificat, amelyet Erzs\u00e9bet l\u00e1togat\u00e1sakor mondott, ma is h\u00edv minket, hogy \u00fajra \u00e9s \u00fajra kimondjuk Istennek a magunk \u201eigenj\u00e9t\u201d.<\/p>\n\n\t\t<style type=\"text\/css\">\n\t\t\t#gallery-2 {\n\t\t\t\tmargin: auto;\n\t\t\t}\n\t\t\t#gallery-2 .gallery-item {\n\t\t\t\tfloat: left;\n\t\t\t\tmargin-top: 10px;\n\t\t\t\ttext-align: center;\n\t\t\t\twidth: 33%;\n\t\t\t}\n\t\t\t#gallery-2 img {\n\t\t\t\tborder: 2px solid #cfcfcf;\n\t\t\t}\n\t\t\t#gallery-2 .gallery-caption {\n\t\t\t\tmargin-left: 0;\n\t\t\t}\n\t\t\t\/* see gallery_shortcode() in wp-includes\/media.php *\/\n\t\t<\/style>\n\t\t<div id='gallery-2' class='gallery galleryid-13328 gallery-columns-3 gallery-size-full'><dl class='gallery-item'>\n\t\t\t<dt class='gallery-icon portrait'>\n\t\t\t\t<a href='https:\/\/munkacs-diocese.org\/hu\/2025\/06\/02\/unnepi-szentmise-onokocon\/onokivci-03\/'><img loading=\"lazy\" decoding=\"async\" width=\"866\" height=\"1155\" src=\"https:\/\/munkacs-diocese.org\/hu\/wp-content\/uploads\/2025\/06\/Onokivci-03.jpg\" class=\"attachment-full size-full\" alt=\"\" srcset=\"https:\/\/munkacs-diocese.org\/hu\/wp-content\/uploads\/2025\/06\/Onokivci-03.jpg 866w, https:\/\/munkacs-diocese.org\/hu\/wp-content\/uploads\/2025\/06\/Onokivci-03-225x300.jpg 225w, https:\/\/munkacs-diocese.org\/hu\/wp-content\/uploads\/2025\/06\/Onokivci-03-768x1024.jpg 768w\" sizes=\"(max-width: 866px) 100vw, 866px\" \/><\/a>\n\t\t\t<\/dt><\/dl><dl class='gallery-item'>\n\t\t\t<dt class='gallery-icon portrait'>\n\t\t\t\t<a href='https:\/\/munkacs-diocese.org\/hu\/2025\/06\/02\/unnepi-szentmise-onokocon\/onokivci-02\/'><img loading=\"lazy\" decoding=\"async\" width=\"768\" height=\"1024\" src=\"https:\/\/munkacs-diocese.org\/hu\/wp-content\/uploads\/2025\/06\/Onokivci-02.jpg\" class=\"attachment-full size-full\" alt=\"\" srcset=\"https:\/\/munkacs-diocese.org\/hu\/wp-content\/uploads\/2025\/06\/Onokivci-02.jpg 768w, https:\/\/munkacs-diocese.org\/hu\/wp-content\/uploads\/2025\/06\/Onokivci-02-225x300.jpg 225w\" sizes=\"(max-width: 768px) 100vw, 768px\" \/><\/a>\n\t\t\t<\/dt><\/dl><dl class='gallery-item'>\n\t\t\t<dt class='gallery-icon portrait'>\n\t\t\t\t<a href='https:\/\/munkacs-diocese.org\/hu\/2025\/06\/02\/unnepi-szentmise-onokocon\/onokoc_bucsu02\/'><img loading=\"lazy\" decoding=\"async\" width=\"960\" height=\"1280\" src=\"https:\/\/munkacs-diocese.org\/hu\/wp-content\/uploads\/2025\/06\/Onokoc_bucsu02.jpg\" class=\"attachment-full size-full\" alt=\"\" srcset=\"https:\/\/munkacs-diocese.org\/hu\/wp-content\/uploads\/2025\/06\/Onokoc_bucsu02.jpg 960w, https:\/\/munkacs-diocese.org\/hu\/wp-content\/uploads\/2025\/06\/Onokoc_bucsu02-225x300.jpg 225w, https:\/\/munkacs-diocese.org\/hu\/wp-content\/uploads\/2025\/06\/Onokoc_bucsu02-768x1024.jpg 768w\" sizes=\"(max-width: 960px) 100vw, 960px\" \/><\/a>\n\t\t\t<\/dt><\/dl><br style=\"clear: both\" \/>\n\t\t<\/div>\n\n<p style=\"text-align: justify;\">Az egyh\u00e1zk\u00f6zs\u00e9g a k\u00f6vetkez\u0151 szavakkal adott h\u00e1l\u00e1t az \u00fcnnep kegyelmei\u00e9rt:<\/p>\n<p style=\"text-align: justify;\">\u201eEz a nap k\u00fcl\u00f6nleges jelent\u0151s\u00e9ggel b\u00edr pl\u00e9b\u00e1niai k\u00f6z\u00f6ss\u00e9g\u00fcnk sz\u00e1m\u00e1ra \u2013 egy olyan alkalom, amikor k\u00f6z\u00f6s im\u00e1ban, h\u00e1laad\u00e1sban \u00e9s rem\u00e9nyben egyes\u00fclhet\u00fcnk. Magasztalja lelkem az Urat\u2026 A Sz\u0171zanya v\u00e1lasza Erzs\u00e9bet k\u00f6sz\u00f6nt\u00e9s\u00e9re \u2013 a Magnificat \u2013 a kereszt\u00e9ny vil\u00e1g egyik legszebb h\u00e1laad\u00f3 im\u00e1ds\u00e1ga lett.<\/p>\n<p style=\"text-align: justify;\">\u201eMagasztalja lelkem az Urat, \u00e9s sz\u00edvem ujjong megv\u00e1lt\u00f3 Istenemben, mert tekintetre m\u00e9ltatta al\u00e1zatos szolg\u00e1l\u00f3j\u00e1t.\u201d (Lk 1,46\u201348)<\/p>\n<p style=\"text-align: justify;\">Ez a dics\u0151\u00edt\u0151 ima arra h\u00edv benn\u00fcnket, hogy \u00e9let\u00fcnk minden napj\u00e1t h\u00e1l\u00e1val \u00e9s Isten dics\u00e9ret\u00e9vel kezdj\u00fck. M\u00e1ria szavai nem csup\u00e1n az evang\u00e9lium lapjain \u00e9lnek tov\u00e1bb, hanem hit\u00fcnk, hagyom\u00e1nyaink \u00e9s k\u00f6z\u00f6ss\u00e9gi egys\u00e9g\u00fcnk lelki alapj\u00e1t k\u00e9pezik \u2013 ezek tartj\u00e1k \u00f6ssze nemcsak templomunk falait, hanem a mi lelki otthonunkat is.<\/p>\n<p style=\"text-align: justify;\">K\u00e9rj\u00fck, hogy Isten kegyelme \u00e1radjon ki mindannyiunkra. Mennyei Patr\u00f3n\u00e1nk, a Boldogs\u00e1gos Sz\u0171z M\u00e1ria k\u00f6zbenj\u00e1r\u00e1sa hozzon b\u00e9k\u00e9t, eg\u00e9szs\u00e9get, szeretetet \u00e9s lelki er\u0151t, hogy szemben\u00e9zhess\u00fcnk a neh\u00e9zs\u00e9gekkel, \u00e9s hogy min\u00e9l el\u0151bb elj\u00f6jj\u00f6n a v\u00e1gyott b\u00e9ke haz\u00e1nk f\u00f6ldj\u00e9n.\u201d<\/p>\n<p><iframe loading=\"lazy\" title=\"\ud83d\ude4c \u041f\u0430\u0440\u0430\u0444\u0456\u044f\u043b\u044c\u043d\u0438\u0439 \u0432\u0456\u0434\u043f\u0443\u0441\u0442 \u0443 \u041a\u043e\u0441\u0442\u0435\u043b\u0456 \u0432\u0456\u0434\u0432\u0456\u0434\u0438\u043d \u0421\u0432\u044f\u0442\u043e\u0457 \u0404\u043b\u0438\u0437\u0430\u0432\u0435\u0442\u0438 \u0443 \u041e\u043d\u043e\u043a\u0456\u0432\u0446\u044f\u0445.\" width=\"1080\" height=\"608\" src=\"https:\/\/www.youtube.com\/embed\/ojzHFLUlG1Q?feature=oembed\" frameborder=\"0\" allow=\"accelerometer; autoplay; clipboard-write; encrypted-media; gyroscope; picture-in-picture; web-share\" referrerpolicy=\"strict-origin-when-cross-origin\" allowfullscreen><\/iframe><\/p>\n<p style=\"text-align: right;\"><span style=\"font-size: 10pt;\"><em>Sz\u00f6veg \u00e9s f<\/em><em>ot\u00f3: az <\/em><em>o<\/em><em>nok\u00f3ci pl\u00e9b\u00e1nia<\/em><em> \u00edr\u00e1sa alapj\u00e1n<\/em><\/span><\/p>\n<p style=\"text-align: right;\"><em><span style=\"font-size: 10pt;\">Kisfilm: Weiss Vikt\u00f3ria<\/span><\/em><\/p>\n","protected":false},"excerpt":{"rendered":"<p>Az ungv\u00e1ri j\u00e1r\u00e1sban tal\u00e1lhat\u00f3 Onok\u00f3c, r\u00e9gi magyar nev\u00e9n Fels\u0151domonya. A telep\u00fcl\u00e9s templom\u00e1nak \u00fcnnepe Sarl\u00f3s Boldogasszony, vagyis M\u00e1ria l\u00e1togat\u00e1sa Erzs\u00e9betn\u00e9l. Ezen a napon, az ukrajnai r\u00f3mai katolikus egyh\u00e1z liturgikus rendje szerint m\u00e1jus 31-\u00e9n tartotta meg az egyh\u00e1zk\u00f6zs\u00e9g a b\u00facs\u00fat. Az \u00fcnnepi szentmis\u00e9t Lucsok Mikl\u00f3s OP, a Munk\u00e1csi Egyh\u00e1zmegye p\u00fcsp\u00f6ke celebr\u00e1lta. A szertart\u00e1son koncelebr\u00e1ltak a perecsenyi lazarista [&hellip;]<\/p>\n","protected":false},"author":4,"featured_media":13331,"comment_status":"open","ping_status":"open","sticky":false,"template":"","format":"standard","meta":{"_acf_changed":false,"_et_pb_use_builder":"","_et_pb_old_content":"","_et_gb_content_width":"","footnotes":""},"categories":[10,59],"tags":[],"class_list":["post-13328","post","type-post","status-publish","format-standard","has-post-thumbnail","hentry","category-aktualis-hirek","category-egyhazmegyenk-hirei","et-has-post-format-content","et_post_format-et-post-format-standard"],"acf":[],"_links":{"self":[{"href":"https:\/\/munkacs-diocese.org\/hu\/wp-json\/wp\/v2\/posts\/13328"}],"collection":[{"href":"https:\/\/munkacs-diocese.org\/hu\/wp-json\/wp\/v2\/posts"}],"about":[{"href":"https:\/\/munkacs-diocese.org\/hu\/wp-json\/wp\/v2\/types\/post"}],"author":[{"embeddable":true,"href":"https:\/\/munkacs-diocese.org\/hu\/wp-json\/wp\/v2\/users\/4"}],"replies":[{"embeddable":true,"href":"https:\/\/munkacs-diocese.org\/hu\/wp-json\/wp\/v2\/comments?post=13328"}],"version-history":[{"count":3,"href":"https:\/\/munkacs-diocese.org\/hu\/wp-json\/wp\/v2\/posts\/13328\/revisions"}],"predecessor-version":[{"id":13337,"href":"https:\/\/munkacs-diocese.org\/hu\/wp-json\/wp\/v2\/posts\/13328\/revisions\/13337"}],"wp:featuredmedia":[{"embeddable":true,"href":"https:\/\/munkacs-diocese.org\/hu\/wp-json\/wp\/v2\/media\/13331"}],"wp:attachment":[{"href":"https:\/\/munkacs-diocese.org\/hu\/wp-json\/wp\/v2\/media?parent=13328"}],"wp:term":[{"taxonomy":"category","embeddable":true,"href":"https:\/\/munkacs-diocese.org\/hu\/wp-json\/wp\/v2\/categories?post=13328"},{"taxonomy":"post_tag","embeddable":true,"href":"https:\/\/munkacs-diocese.org\/hu\/wp-json\/wp\/v2\/tags?post=13328"}],"curies":[{"name":"wp","href":"https:\/\/api.w.org\/{rel}","templated":true}]}}