{"id":13227,"date":"2025-05-13T08:25:49","date_gmt":"2025-05-13T06:25:49","guid":{"rendered":"https:\/\/munkacs-diocese.org\/hu\/?p=13227"},"modified":"2025-05-16T08:32:03","modified_gmt":"2025-05-16T06:32:03","slug":"kettos-unnep-varkulcsan-templombucsu-es-a-jo-pasztor-plebania-25-eves-jubileuma","status":"publish","type":"post","link":"https:\/\/munkacs-diocese.org\/hu\/2025\/05\/13\/kettos-unnep-varkulcsan-templombucsu-es-a-jo-pasztor-plebania-25-eves-jubileuma\/","title":{"rendered":"Kett\u0151s \u00fcnnep V\u00e1rkulcs\u00e1n &#8211; Templomb\u00facs\u00fa \u00e9s a J\u00f3 P\u00e1sztor-pl\u00e9b\u00e1nia 25 \u00e9ves jubileuma"},"content":{"rendered":"<div id=\"fb-root\"><\/div>\n<p style=\"text-align: justify;\">2025. m\u00e1jus 11-\u00e9n felemel\u0151 \u00e9s eml\u00e9kezetes \u00fcnnepre ker\u00fclt sor a K\u00e1rp\u00e1taljai V\u00e1rkulcsa telep\u00fcl\u00e9sen: a helyi r\u00f3mai katolikus h\u00edvek a J\u00f3 P\u00e1sztor-templom b\u00facs\u00faj\u00e1t \u00e9s felszentel\u00e9s\u00e9nek 25. \u00e9vfordul\u00f3j\u00e1t \u00fcnnepelt\u00e9k.<\/p>\n<p style=\"text-align: justify;\">Az \u00fcnnepi szentmis\u00e9t Lucsok P. Mikl\u00f3s OP, a Munk\u00e1csi R\u00f3mai Katolikus Egyh\u00e1zmegye p\u00fcsp\u00f6ke mutatta be, akivel egy\u00fctt koncelebr\u00e1lt sz\u00e1mos pl\u00e9b\u00e1ni\u00e1r\u00f3l \u00e9rkezett lelkip\u00e1sztor is. Az esem\u00e9ny egyh\u00e1zi \u00e9s k\u00f6z\u00f6ss\u00e9gi jelent\u0151s\u00e9ge t\u00falmutatott a telep\u00fcl\u00e9s hat\u00e1rain: egy negyedsz\u00e1zados t\u00f6rt\u00e9net elevenedett meg, amely a hit, a kitart\u00e1s \u00e9s az \u00f6sszefog\u00e1s erej\u00e9t p\u00e9ld\u00e1zza.<\/p>\n\n\t\t<style type=\"text\/css\">\n\t\t\t#gallery-1 {\n\t\t\t\tmargin: auto;\n\t\t\t}\n\t\t\t#gallery-1 .gallery-item {\n\t\t\t\tfloat: left;\n\t\t\t\tmargin-top: 10px;\n\t\t\t\ttext-align: center;\n\t\t\t\twidth: 33%;\n\t\t\t}\n\t\t\t#gallery-1 img {\n\t\t\t\tborder: 2px solid #cfcfcf;\n\t\t\t}\n\t\t\t#gallery-1 .gallery-caption {\n\t\t\t\tmargin-left: 0;\n\t\t\t}\n\t\t\t\/* see gallery_shortcode() in wp-includes\/media.php *\/\n\t\t<\/style>\n\t\t<div id='gallery-1' class='gallery galleryid-13227 gallery-columns-3 gallery-size-full'><dl class='gallery-item'>\n\t\t\t<dt class='gallery-icon landscape'>\n\t\t\t\t<a href='https:\/\/munkacs-diocese.org\/hu\/2025\/05\/13\/kettos-unnep-varkulcsan-templombucsu-es-a-jo-pasztor-plebania-25-eves-jubileuma\/varkulcsa12\/'><img loading=\"lazy\" decoding=\"async\" width=\"1296\" height=\"864\" src=\"https:\/\/munkacs-diocese.org\/hu\/wp-content\/uploads\/2025\/05\/Varkulcsa12.jpg\" class=\"attachment-full size-full\" alt=\"\" srcset=\"https:\/\/munkacs-diocese.org\/hu\/wp-content\/uploads\/2025\/05\/Varkulcsa12.jpg 1296w, https:\/\/munkacs-diocese.org\/hu\/wp-content\/uploads\/2025\/05\/Varkulcsa12-300x200.jpg 300w, https:\/\/munkacs-diocese.org\/hu\/wp-content\/uploads\/2025\/05\/Varkulcsa12-1024x683.jpg 1024w, https:\/\/munkacs-diocese.org\/hu\/wp-content\/uploads\/2025\/05\/Varkulcsa12-768x512.jpg 768w, https:\/\/munkacs-diocese.org\/hu\/wp-content\/uploads\/2025\/05\/Varkulcsa12-1080x720.jpg 1080w\" sizes=\"(max-width: 1296px) 100vw, 1296px\" \/><\/a>\n\t\t\t<\/dt><\/dl><dl class='gallery-item'>\n\t\t\t<dt class='gallery-icon landscape'>\n\t\t\t\t<a href='https:\/\/munkacs-diocese.org\/hu\/2025\/05\/13\/kettos-unnep-varkulcsan-templombucsu-es-a-jo-pasztor-plebania-25-eves-jubileuma\/varkulcsa05\/'><img loading=\"lazy\" decoding=\"async\" width=\"1296\" height=\"864\" src=\"https:\/\/munkacs-diocese.org\/hu\/wp-content\/uploads\/2025\/05\/Varkulcsa05.jpg\" class=\"attachment-full size-full\" alt=\"\" srcset=\"https:\/\/munkacs-diocese.org\/hu\/wp-content\/uploads\/2025\/05\/Varkulcsa05.jpg 1296w, https:\/\/munkacs-diocese.org\/hu\/wp-content\/uploads\/2025\/05\/Varkulcsa05-300x200.jpg 300w, https:\/\/munkacs-diocese.org\/hu\/wp-content\/uploads\/2025\/05\/Varkulcsa05-1024x683.jpg 1024w, https:\/\/munkacs-diocese.org\/hu\/wp-content\/uploads\/2025\/05\/Varkulcsa05-768x512.jpg 768w, https:\/\/munkacs-diocese.org\/hu\/wp-content\/uploads\/2025\/05\/Varkulcsa05-1080x720.jpg 1080w\" sizes=\"(max-width: 1296px) 100vw, 1296px\" \/><\/a>\n\t\t\t<\/dt><\/dl><dl class='gallery-item'>\n\t\t\t<dt class='gallery-icon landscape'>\n\t\t\t\t<a href='https:\/\/munkacs-diocese.org\/hu\/2025\/05\/13\/kettos-unnep-varkulcsan-templombucsu-es-a-jo-pasztor-plebania-25-eves-jubileuma\/varkulcsa10\/'><img loading=\"lazy\" decoding=\"async\" width=\"1296\" height=\"864\" src=\"https:\/\/munkacs-diocese.org\/hu\/wp-content\/uploads\/2025\/05\/Varkulcsa10.jpg\" class=\"attachment-full size-full\" alt=\"\" srcset=\"https:\/\/munkacs-diocese.org\/hu\/wp-content\/uploads\/2025\/05\/Varkulcsa10.jpg 1296w, https:\/\/munkacs-diocese.org\/hu\/wp-content\/uploads\/2025\/05\/Varkulcsa10-300x200.jpg 300w, https:\/\/munkacs-diocese.org\/hu\/wp-content\/uploads\/2025\/05\/Varkulcsa10-1024x683.jpg 1024w, https:\/\/munkacs-diocese.org\/hu\/wp-content\/uploads\/2025\/05\/Varkulcsa10-768x512.jpg 768w, https:\/\/munkacs-diocese.org\/hu\/wp-content\/uploads\/2025\/05\/Varkulcsa10-1080x720.jpg 1080w\" sizes=\"(max-width: 1296px) 100vw, 1296px\" \/><\/a>\n\t\t\t<\/dt><\/dl><br style=\"clear: both\" \/>\n\t\t<\/div>\n\n<p style=\"text-align: justify;\">A templom pl\u00e9b\u00e1nosa, Zsarkovszkij P\u00e9ter atya, a Munk\u00e1csi Egyh\u00e1zmegye \u00e1ltal\u00e1nos helyn\u00f6ke sz\u00edvb\u0151l j\u00f6v\u0151 szavakkal k\u00f6sz\u00f6nt\u00f6tte a h\u00edveket, a vend\u00e9geket \u00e9s a megh\u00edvott lelkip\u00e1sztorokat. Besz\u00e9d\u00e9ben megosztotta a templom alap\u00edt\u00e1s\u00e1nak \u00e9s fejl\u0151d\u00e9s\u00e9nek meghat\u00f3 t\u00f6rt\u00e9net\u00e9t \u2013 az els\u0151 im\u00e1ds\u00e1gokt\u00f3l a mai, \u00e9l\u0151 \u00e9s szolg\u00e1l\u00f3 k\u00f6z\u00f6ss\u00e9gig.<\/p>\n<p style=\"text-align: justify;\">Mikl\u00f3s p\u00fcsp\u00f6k pr\u00e9dik\u00e1ci\u00f3j\u00e1ban hangs\u00falyozta a J\u00f3 P\u00e1sztor, J\u00e9zus Krisztus p\u00e9ld\u00e1j\u00e1t, aki h\u0171s\u00e9gesen vezeti \u00e9s \u00f3vja ny\u00e1j\u00e1t. R\u00e1mutatott, milyen \u00e9rt\u00e9kes, hogy a pl\u00e9b\u00e1niai k\u00f6z\u00f6ss\u00e9g negyed \u00e9vsz\u00e1zada Isten jelenl\u00e9t\u00e9ben \u00e9l, \u00e9s fontos szerepet t\u00f6lt be a helyi lelki \u00e9letben. Kiemelte az \u00faj papi \u00e9s szerzetesi hivat\u00e1sok fontoss\u00e1g\u00e1t is.<\/p>\n<p style=\"text-align: justify;\">A liturgi\u00e1t a Szent J\u00f3zsef N\u0151v\u00e9rek kongreg\u00e1ci\u00f3j\u00e1nak szerzetesn\u0151i tett\u00e9k m\u00e9g \u00fcnnep\u00e9lyesebb\u00e9 \u00e9nek\u00fckkel \u00e9s zenei k\u00eds\u00e9ret\u00fckkel. Szlov\u00e1ki\u00e1b\u00f3l is \u00e9rkeztek n\u0151v\u00e9rek \u2013 a J\u00e9zus N\u0151v\u00e9rei Kongreg\u00e1ci\u00f3 tagjai \u2013, akik a pl\u00e9b\u00e1nia megalakul\u00e1s\u00e1nak kezdeti id\u0151szak\u00e1ban szolg\u00e1ltak a k\u00f6z\u00f6ss\u00e9gben.<\/p>\n<p style=\"text-align: justify;\">A szentmise alatt d\u00edsz\u0151rs\u00e9get \u00e1lltak a Szent II. J\u00e1nos P\u00e1l Lovagrend k\u00e9pvisel\u0151i, m\u00e9lt\u00f3s\u00e1gteljes keretet adva az \u00fcnnepnek.<\/p>\n\n\t\t<style type=\"text\/css\">\n\t\t\t#gallery-2 {\n\t\t\t\tmargin: auto;\n\t\t\t}\n\t\t\t#gallery-2 .gallery-item {\n\t\t\t\tfloat: left;\n\t\t\t\tmargin-top: 10px;\n\t\t\t\ttext-align: center;\n\t\t\t\twidth: 33%;\n\t\t\t}\n\t\t\t#gallery-2 img {\n\t\t\t\tborder: 2px solid #cfcfcf;\n\t\t\t}\n\t\t\t#gallery-2 .gallery-caption {\n\t\t\t\tmargin-left: 0;\n\t\t\t}\n\t\t\t\/* see gallery_shortcode() in wp-includes\/media.php *\/\n\t\t<\/style>\n\t\t<div id='gallery-2' class='gallery galleryid-13227 gallery-columns-3 gallery-size-full'><dl class='gallery-item'>\n\t\t\t<dt class='gallery-icon landscape'>\n\t\t\t\t<a href='https:\/\/munkacs-diocese.org\/hu\/2025\/05\/13\/kettos-unnep-varkulcsan-templombucsu-es-a-jo-pasztor-plebania-25-eves-jubileuma\/varkulcsa07\/'><img loading=\"lazy\" decoding=\"async\" width=\"1296\" height=\"864\" src=\"https:\/\/munkacs-diocese.org\/hu\/wp-content\/uploads\/2025\/05\/Varkulcsa07.jpg\" class=\"attachment-full size-full\" alt=\"\" srcset=\"https:\/\/munkacs-diocese.org\/hu\/wp-content\/uploads\/2025\/05\/Varkulcsa07.jpg 1296w, https:\/\/munkacs-diocese.org\/hu\/wp-content\/uploads\/2025\/05\/Varkulcsa07-300x200.jpg 300w, https:\/\/munkacs-diocese.org\/hu\/wp-content\/uploads\/2025\/05\/Varkulcsa07-1024x683.jpg 1024w, https:\/\/munkacs-diocese.org\/hu\/wp-content\/uploads\/2025\/05\/Varkulcsa07-768x512.jpg 768w, https:\/\/munkacs-diocese.org\/hu\/wp-content\/uploads\/2025\/05\/Varkulcsa07-1080x720.jpg 1080w\" sizes=\"(max-width: 1296px) 100vw, 1296px\" \/><\/a>\n\t\t\t<\/dt><\/dl><dl class='gallery-item'>\n\t\t\t<dt class='gallery-icon landscape'>\n\t\t\t\t<a href='https:\/\/munkacs-diocese.org\/hu\/2025\/05\/13\/kettos-unnep-varkulcsan-templombucsu-es-a-jo-pasztor-plebania-25-eves-jubileuma\/varkulcsa11\/'><img loading=\"lazy\" decoding=\"async\" width=\"1296\" height=\"864\" src=\"https:\/\/munkacs-diocese.org\/hu\/wp-content\/uploads\/2025\/05\/Varkulcsa11.jpg\" class=\"attachment-full size-full\" alt=\"\" srcset=\"https:\/\/munkacs-diocese.org\/hu\/wp-content\/uploads\/2025\/05\/Varkulcsa11.jpg 1296w, https:\/\/munkacs-diocese.org\/hu\/wp-content\/uploads\/2025\/05\/Varkulcsa11-300x200.jpg 300w, https:\/\/munkacs-diocese.org\/hu\/wp-content\/uploads\/2025\/05\/Varkulcsa11-1024x683.jpg 1024w, https:\/\/munkacs-diocese.org\/hu\/wp-content\/uploads\/2025\/05\/Varkulcsa11-768x512.jpg 768w, https:\/\/munkacs-diocese.org\/hu\/wp-content\/uploads\/2025\/05\/Varkulcsa11-1080x720.jpg 1080w\" sizes=\"(max-width: 1296px) 100vw, 1296px\" \/><\/a>\n\t\t\t<\/dt><\/dl><dl class='gallery-item'>\n\t\t\t<dt class='gallery-icon landscape'>\n\t\t\t\t<a href='https:\/\/munkacs-diocese.org\/hu\/2025\/05\/13\/kettos-unnep-varkulcsan-templombucsu-es-a-jo-pasztor-plebania-25-eves-jubileuma\/varkulcsa13\/'><img loading=\"lazy\" decoding=\"async\" width=\"1296\" height=\"864\" src=\"https:\/\/munkacs-diocese.org\/hu\/wp-content\/uploads\/2025\/05\/Varkulcsa13.jpg\" class=\"attachment-full size-full\" alt=\"\" srcset=\"https:\/\/munkacs-diocese.org\/hu\/wp-content\/uploads\/2025\/05\/Varkulcsa13.jpg 1296w, https:\/\/munkacs-diocese.org\/hu\/wp-content\/uploads\/2025\/05\/Varkulcsa13-300x200.jpg 300w, https:\/\/munkacs-diocese.org\/hu\/wp-content\/uploads\/2025\/05\/Varkulcsa13-1024x683.jpg 1024w, https:\/\/munkacs-diocese.org\/hu\/wp-content\/uploads\/2025\/05\/Varkulcsa13-768x512.jpg 768w, https:\/\/munkacs-diocese.org\/hu\/wp-content\/uploads\/2025\/05\/Varkulcsa13-1080x720.jpg 1080w\" sizes=\"(max-width: 1296px) 100vw, 1296px\" \/><\/a>\n\t\t\t<\/dt><\/dl><br style=\"clear: both\" \/>\n\t\t<\/div>\n\n<p style=\"text-align: justify;\">A szertart\u00e1s v\u00e9g\u00e9n a p\u00fcsp\u00f6k atya meg\u00e1ldotta a zar\u00e1ndokok \u00e1ltal hozott, Sargorodb\u00f3l sz\u00e1rmaz\u00f3 Szenved\u0151 Sz\u0171zanya-ikont. Ezt k\u00f6vet\u0151en \u00fcnnep\u00e9lyes k\u00f6rmenetben vonultak a templomkertbe, ahol meg\u00e1ld\u00e1sra ker\u00fcltek Szent P\u00e9ter \u00e9s P\u00e1l apostolok \u00faj szobrai, valamint Szent II. J\u00e1nos P\u00e1l p\u00e1pa szobra is. Nem v\u00e9letlen ez a tisztelet: a templomot is az \u0151 nev\u00e9t visel\u0151 utc\u00e1ban tal\u00e1ljuk, \u00e9s a p\u00e1pa alakja sok h\u00edv\u0151 sz\u00e1m\u00e1ra lelki p\u00e9ldak\u00e9pp\u00e9 v\u00e1lt.<\/p>\n<p style=\"text-align: justify;\">A h\u00e1la hangjai z\u00e1rt\u00e1k a nap hivatalos r\u00e9sz\u00e9t: a pl\u00e9b\u00e1niai tan\u00e1cs k\u00e9pvisel\u0151je k\u00f6sz\u00f6netet mondott a p\u00fcsp\u00f6knek, a papoknak, a szerzetesn\u0151v\u00e9reknek \u00e9s minden zar\u00e1ndoknak, akik r\u00e9szt vettek a jeles alkalmon.<\/p>\n\n\t\t<style type=\"text\/css\">\n\t\t\t#gallery-3 {\n\t\t\t\tmargin: auto;\n\t\t\t}\n\t\t\t#gallery-3 .gallery-item {\n\t\t\t\tfloat: left;\n\t\t\t\tmargin-top: 10px;\n\t\t\t\ttext-align: center;\n\t\t\t\twidth: 33%;\n\t\t\t}\n\t\t\t#gallery-3 img {\n\t\t\t\tborder: 2px solid #cfcfcf;\n\t\t\t}\n\t\t\t#gallery-3 .gallery-caption {\n\t\t\t\tmargin-left: 0;\n\t\t\t}\n\t\t\t\/* see gallery_shortcode() in wp-includes\/media.php *\/\n\t\t<\/style>\n\t\t<div id='gallery-3' class='gallery galleryid-13227 gallery-columns-3 gallery-size-full'><dl class='gallery-item'>\n\t\t\t<dt class='gallery-icon landscape'>\n\t\t\t\t<a href='https:\/\/munkacs-diocese.org\/hu\/2025\/05\/13\/kettos-unnep-varkulcsan-templombucsu-es-a-jo-pasztor-plebania-25-eves-jubileuma\/varkulcsa02\/'><img loading=\"lazy\" decoding=\"async\" width=\"1296\" height=\"864\" src=\"https:\/\/munkacs-diocese.org\/hu\/wp-content\/uploads\/2025\/05\/Varkulcsa02.jpg\" class=\"attachment-full size-full\" alt=\"\" srcset=\"https:\/\/munkacs-diocese.org\/hu\/wp-content\/uploads\/2025\/05\/Varkulcsa02.jpg 1296w, https:\/\/munkacs-diocese.org\/hu\/wp-content\/uploads\/2025\/05\/Varkulcsa02-300x200.jpg 300w, https:\/\/munkacs-diocese.org\/hu\/wp-content\/uploads\/2025\/05\/Varkulcsa02-1024x683.jpg 1024w, https:\/\/munkacs-diocese.org\/hu\/wp-content\/uploads\/2025\/05\/Varkulcsa02-768x512.jpg 768w, https:\/\/munkacs-diocese.org\/hu\/wp-content\/uploads\/2025\/05\/Varkulcsa02-1080x720.jpg 1080w\" sizes=\"(max-width: 1296px) 100vw, 1296px\" \/><\/a>\n\t\t\t<\/dt><\/dl><dl class='gallery-item'>\n\t\t\t<dt class='gallery-icon landscape'>\n\t\t\t\t<a href='https:\/\/munkacs-diocese.org\/hu\/2025\/05\/13\/kettos-unnep-varkulcsan-templombucsu-es-a-jo-pasztor-plebania-25-eves-jubileuma\/varkulcsa09\/'><img loading=\"lazy\" decoding=\"async\" width=\"1206\" height=\"804\" src=\"https:\/\/munkacs-diocese.org\/hu\/wp-content\/uploads\/2025\/05\/Varkulcsa09.jpg\" class=\"attachment-full size-full\" alt=\"\" srcset=\"https:\/\/munkacs-diocese.org\/hu\/wp-content\/uploads\/2025\/05\/Varkulcsa09.jpg 1206w, https:\/\/munkacs-diocese.org\/hu\/wp-content\/uploads\/2025\/05\/Varkulcsa09-300x200.jpg 300w, https:\/\/munkacs-diocese.org\/hu\/wp-content\/uploads\/2025\/05\/Varkulcsa09-1024x683.jpg 1024w, https:\/\/munkacs-diocese.org\/hu\/wp-content\/uploads\/2025\/05\/Varkulcsa09-768x512.jpg 768w, https:\/\/munkacs-diocese.org\/hu\/wp-content\/uploads\/2025\/05\/Varkulcsa09-1080x720.jpg 1080w\" sizes=\"(max-width: 1206px) 100vw, 1206px\" \/><\/a>\n\t\t\t<\/dt><\/dl><dl class='gallery-item'>\n\t\t\t<dt class='gallery-icon landscape'>\n\t\t\t\t<a href='https:\/\/munkacs-diocese.org\/hu\/2025\/05\/13\/kettos-unnep-varkulcsan-templombucsu-es-a-jo-pasztor-plebania-25-eves-jubileuma\/varkulcsa06-2\/'><img loading=\"lazy\" decoding=\"async\" width=\"1296\" height=\"864\" src=\"https:\/\/munkacs-diocese.org\/hu\/wp-content\/uploads\/2025\/05\/Varkulcsa06.jpg\" class=\"attachment-full size-full\" alt=\"\" srcset=\"https:\/\/munkacs-diocese.org\/hu\/wp-content\/uploads\/2025\/05\/Varkulcsa06.jpg 1296w, https:\/\/munkacs-diocese.org\/hu\/wp-content\/uploads\/2025\/05\/Varkulcsa06-300x200.jpg 300w, https:\/\/munkacs-diocese.org\/hu\/wp-content\/uploads\/2025\/05\/Varkulcsa06-1024x683.jpg 1024w, https:\/\/munkacs-diocese.org\/hu\/wp-content\/uploads\/2025\/05\/Varkulcsa06-768x512.jpg 768w, https:\/\/munkacs-diocese.org\/hu\/wp-content\/uploads\/2025\/05\/Varkulcsa06-1080x720.jpg 1080w\" sizes=\"(max-width: 1296px) 100vw, 1296px\" \/><\/a>\n\t\t\t<\/dt><\/dl><br style=\"clear: both\" \/>\n\t\t<\/div>\n\n<p style=\"text-align: justify;\">Az \u00fcnneps\u00e9get k\u00f6z\u00f6s agap\u00e9 z\u00e1rta, ahol az \u00f6r\u00f6m \u00e9s az egys\u00e9g l\u00e9gk\u00f6re j\u00e1rta \u00e1t a jelenl\u00e9v\u0151k sz\u00edv\u00e9t. A k\u00f6z\u00f6ss\u00e9g tagjai nemcsak egy t\u00f6rt\u00e9nelmi esem\u00e9nyt \u00fcnnepeltek, hanem \u00fajra meger\u0151s\u00edtett\u00e9k hit\u00fcket, \u00f6sszetartoz\u00e1sukat \u00e9s Istenbe vetett bizalmukat.<\/p>\n<p style=\"text-align: right;\"><span style=\"font-size: 10pt;\"><em>\u00a0<\/em><em>Sz\u00f6veg<\/em><em>: <\/em><em>Lendj\u00e1k Josif \u00edr\u00e1sa alapj\u00e1n<\/em><\/span><\/p>\n<p style=\"text-align: right;\"><span style=\"font-size: 10pt;\"><em>Fot\u00f3: Reshetar Tetjana<\/em><\/span><\/p>\n","protected":false},"excerpt":{"rendered":"<p>2025. m\u00e1jus 11-\u00e9n felemel\u0151 \u00e9s eml\u00e9kezetes \u00fcnnepre ker\u00fclt sor a K\u00e1rp\u00e1taljai V\u00e1rkulcsa telep\u00fcl\u00e9sen: a helyi r\u00f3mai katolikus h\u00edvek a J\u00f3 P\u00e1sztor-templom b\u00facs\u00faj\u00e1t \u00e9s felszentel\u00e9s\u00e9nek 25. \u00e9vfordul\u00f3j\u00e1t \u00fcnnepelt\u00e9k. Az \u00fcnnepi szentmis\u00e9t Lucsok P. Mikl\u00f3s OP, a Munk\u00e1csi R\u00f3mai Katolikus Egyh\u00e1zmegye p\u00fcsp\u00f6ke mutatta be, akivel egy\u00fctt koncelebr\u00e1lt sz\u00e1mos pl\u00e9b\u00e1ni\u00e1r\u00f3l \u00e9rkezett lelkip\u00e1sztor is. Az esem\u00e9ny egyh\u00e1zi \u00e9s k\u00f6z\u00f6ss\u00e9gi [&hellip;]<\/p>\n","protected":false},"author":4,"featured_media":13235,"comment_status":"open","ping_status":"open","sticky":false,"template":"","format":"standard","meta":{"_acf_changed":false,"_et_pb_use_builder":"","_et_pb_old_content":"","_et_gb_content_width":"","footnotes":""},"categories":[10,59],"tags":[],"class_list":["post-13227","post","type-post","status-publish","format-standard","has-post-thumbnail","hentry","category-aktualis-hirek","category-egyhazmegyenk-hirei","et-has-post-format-content","et_post_format-et-post-format-standard"],"acf":[],"_links":{"self":[{"href":"https:\/\/munkacs-diocese.org\/hu\/wp-json\/wp\/v2\/posts\/13227"}],"collection":[{"href":"https:\/\/munkacs-diocese.org\/hu\/wp-json\/wp\/v2\/posts"}],"about":[{"href":"https:\/\/munkacs-diocese.org\/hu\/wp-json\/wp\/v2\/types\/post"}],"author":[{"embeddable":true,"href":"https:\/\/munkacs-diocese.org\/hu\/wp-json\/wp\/v2\/users\/4"}],"replies":[{"embeddable":true,"href":"https:\/\/munkacs-diocese.org\/hu\/wp-json\/wp\/v2\/comments?post=13227"}],"version-history":[{"count":2,"href":"https:\/\/munkacs-diocese.org\/hu\/wp-json\/wp\/v2\/posts\/13227\/revisions"}],"predecessor-version":[{"id":13242,"href":"https:\/\/munkacs-diocese.org\/hu\/wp-json\/wp\/v2\/posts\/13227\/revisions\/13242"}],"wp:featuredmedia":[{"embeddable":true,"href":"https:\/\/munkacs-diocese.org\/hu\/wp-json\/wp\/v2\/media\/13235"}],"wp:attachment":[{"href":"https:\/\/munkacs-diocese.org\/hu\/wp-json\/wp\/v2\/media?parent=13227"}],"wp:term":[{"taxonomy":"category","embeddable":true,"href":"https:\/\/munkacs-diocese.org\/hu\/wp-json\/wp\/v2\/categories?post=13227"},{"taxonomy":"post_tag","embeddable":true,"href":"https:\/\/munkacs-diocese.org\/hu\/wp-json\/wp\/v2\/tags?post=13227"}],"curies":[{"name":"wp","href":"https:\/\/api.w.org\/{rel}","templated":true}]}}