{"id":13098,"date":"2025-03-24T10:15:52","date_gmt":"2025-03-24T09:15:52","guid":{"rendered":"https:\/\/munkacs-diocese.org\/hu\/?p=13098"},"modified":"2025-03-24T10:15:52","modified_gmt":"2025-03-24T09:15:52","slug":"az-ukrajnai-puspoki-konferencia-62-plenaris-ulesenek-kozlemenye","status":"publish","type":"post","link":"https:\/\/munkacs-diocese.org\/hu\/2025\/03\/24\/az-ukrajnai-puspoki-konferencia-62-plenaris-ulesenek-kozlemenye\/","title":{"rendered":"Az Ukrajnai P\u00fcsp\u00f6ki Konferencia 62. plen\u00e1ris \u00fcl\u00e9s\u00e9nek k\u00f6zlem\u00e9nye"},"content":{"rendered":"<div id=\"fb-root\"><\/div>\n<p style=\"text-align: justify;\">2025. m\u00e1rcius 17. \u00e9s 20. k\u00f6z\u00f6tt tartotta meg 62. plen\u00e1ris \u00fcl\u00e9s\u00e9t Ukrajna R\u00f3mai Katolikus Egyh\u00e1z\u00e1nak P\u00fcsp\u00f6ki Konferenci\u00e1ja, melynek a Sarovecska (Hmelnicki j\u00e1r\u00e1s) Szent II. J\u00e1nos P\u00e1l K\u00f6zpont adott otthont.<\/p>\n<p style=\"text-align: justify;\">Visvaldas Kulbokas \u00e9rsek, Ukrajna apostoli nunciusa t\u00e1j\u00e9koztatta a jelenl\u00e9v\u0151ket a Szentatya eg\u00e9szs\u00e9g\u00fcgyi \u00e1llapot\u00e1r\u00f3l. Elmondta, hogy az eg\u00e9szs\u00e9g\u00fcgyi gondok ellen\u00e9re Ferenc p\u00e1pa tov\u00e1bbra is im\u00e1dkozik, felaj\u00e1nlja neh\u00e9zs\u00e9geit Ukrajn\u00e1\u00e9rt \u00e9s a v\u00e1gyva v\u00e1gyott b\u00e9k\u00e9\u00e9rt. A nuncius bemutatta a Szentsz\u00e9k \u00e9s Ukrajna k\u00f6z\u00f6tt jelenleg zajl\u00f3 egy\u00fcttm\u0171k\u00f6d\u00e9s eredm\u00e9nyeit.<\/p>\n<p style=\"text-align: justify;\">Az \u00fcl\u00e9sen a p\u00fcsp\u00f6k\u00f6k sokat im\u00e1dkoztak a Szentatya eg\u00e9szs\u00e9g\u00e9\u00e9rt \u00e9s sokat szenved\u0151 haz\u00e1juk igazs\u00e1gos b\u00e9k\u00e9j\u00e9\u00e9rt. A plen\u00e1ris \u00fcl\u00e9s nagy r\u00e9sz\u00e9t az Ukrajnai R\u00f3mai Katolikus Egyh\u00e1z jelen \u00e9s j\u00f6v\u0151beli helyzet\u00e9nek megbesz\u00e9l\u00e9se tette ki.<\/p>\n<p style=\"text-align: justify;\">A tal\u00e1lkoz\u00f3 egyik f\u0151 t\u00e9m\u00e1ja a P\u00fcsp\u00f6ki Szin\u00f3dus munk\u00e1j\u00e1nak \u00f6sszegz\u00e9se volt, valamint annak az Egyh\u00e1z \u00e9let\u00e9be val\u00f3 bevezet\u00e9se. A P\u00fcsp\u00f6ki Konferencia ez\u00e9rt igyekszik megtal\u00e1lni a lelkip\u00e1sztori tev\u00e9kenys\u00e9g \u00faj form\u00e1it, melyek hat\u00e9konyan seg\u00edtenek a J\u00e9zus Krisztus \u00e1ltal adott k\u00fcldet\u00e9s megval\u00f3s\u00edt\u00e1s\u00e1ban.<\/p>\n<p style=\"text-align: justify;\">A k\u00f6vetkez\u0151 fontos t\u00e9ma az volt, hogy az Ukrajnai R\u00f3mai Katolikus P\u00fcsp\u00f6ki Konferencia k\u00e9pviselete \u00e1lland\u00f3 megfigyel\u0151k\u00e9nt r\u00e9szt vesz az Eur\u00f3pai Uni\u00f3 P\u00fcsp\u00f6ki Konferenci\u00e1j\u00e1nak Bizotts\u00e1g\u00e1ban (COMECE).<\/p>\n<p style=\"text-align: justify;\">A p\u00fcsp\u00f6k\u00f6k megbesz\u00e9lt\u00e9k a j\u00f6v\u0151beni egy\u00fcttm\u0171k\u00f6d\u00e9st az Egyes\u00fclt \u00c1llamok Katolikus P\u00fcsp\u00f6ki Konferenci\u00e1j\u00e1val, valamint a \u201eBajban l\u00e9v\u0151 Egyh\u00e1z megseg\u00edt\u00e9se\u201d elnevez\u00e9s\u0171 j\u00f3t\u00e9konys\u00e1gi alap\u00edtv\u00e1nnyal val\u00f3 k\u00f6z\u00f6s projektek megval\u00f3s\u00edt\u00e1s\u00e1t, mely kezdem\u00e9nyez\u00e9sek arra ir\u00e1nyulnak, hogy seg\u00edts\u00e9k az Ukrajnai R\u00f3mai Katolikus Egyh\u00e1z k\u00fcldet\u00e9s\u00e9nek teljes\u00edt\u00e9s\u00e9t.<\/p>\n<p style=\"text-align: justify;\">A \u201eCaritas Spes\u201d, az ukrajnai r\u00f3mai katolikus egyh\u00e1z karit\u00e1sz szervezete, bemutatta a megval\u00f3s\u00edtott projekteket \u00e9s felv\u00e1zolta a jelenlegi kih\u00edv\u00e1sokat. A p\u00fcsp\u00f6k\u00f6k k\u00f6sz\u00f6netet mondtak mindenkinek, aki t\u00e1mogatta \u00e9s tov\u00e1bbra is t\u00e1mogatja Ukrajn\u00e1t ebben a neh\u00e9z id\u0151ben.<\/p>\n<p style=\"text-align: justify;\">Sok figyelmet szenteltek a R\u00f3mai Katolikus Egyh\u00e1z h\u00e1bor\u00fas k\u00f6r\u00fclm\u00e9nyek k\u00f6z\u00f6tt v\u00e9gzett m\u0171k\u00f6d\u00e9s\u00e9nek. A p\u00fcsp\u00f6k\u00f6k megismerkedtek a katon\u00e1k lelkip\u00e1sztori gondoz\u00e1s\u00e1nak \u00e9s rehabilit\u00e1ci\u00f3j\u00e1nak k\u00e9rd\u00e9seivel is. K\u00f6sz\u00f6netet mondtak a Kereszt\u00e9ny Seg\u00e9lyszolg\u00e1latnak \u00e9s mindenkinek, aki t\u00e1mogatja a katon\u00e1kat \u00e9s csal\u00e1djaikat.<\/p>\n<p style=\"text-align: justify;\">A katon\u00e1k \u00e9s csal\u00e1djaik megseg\u00edt\u00e9se ter\u00e9n v\u00e9gzett munka hat\u00e9konyabb\u00e1 t\u00e9tel\u00e9nek \u00e9rdek\u00e9ben a p\u00fcsp\u00f6k\u00f6k kiv\u00e1lasztott\u00e1k a Katonai Lelkip\u00e1sztori Szolg\u00e1lat Bizotts\u00e1g\u00e1nak tagjait, \u00e9s elfogadt\u00e1k annak alapszab\u00e1lyzat\u00e1t. T\u00e1mogatt\u00e1k Pavlo Honcsaruk p\u00fcsp\u00f6k javaslat\u00e1t az \u201eUkrajnai R\u00f3mai Katolikus Egyh\u00e1z k\u00e1pl\u00e1ni szolg\u00e1lata\u201d vall\u00e1sos szervezet megalap\u00edt\u00e1s\u00e1val kapcsolatban.<\/p>\n<p style=\"text-align: justify;\">A p\u00fcsp\u00f6ki konferencia sz\u00e1mos, a katonai lelk\u00e9szek \u00e1ltal feltett k\u00e9rd\u00e9st n\u00e9zett \u00e1t. Mivel szolg\u00e1latuk saj\u00e1toss\u00e1gait \u00e9rintik, ez\u00e9rt \u00fagy d\u00f6nt\u00f6ttek, hogy k\u00e9rd\u00e9seiket Pavlo Honcsaruk p\u00fcsp\u00f6k fogja megv\u00e1laszolni.<\/p>\n<p style=\"text-align: justify;\">A Hitoktat\u00f3i Bizotts\u00e1g bemutatta a p\u00fcsp\u00f6k\u00f6knek programj\u00e1t. A program arra h\u00edvatott, hogy seg\u00edtse a gyermekek \u00e9s az ifj\u00fas\u00e1g nevel\u00e9se sor\u00e1n a kereszt\u00e9ny erk\u00f6lcs\u00f6k megtart\u00e1s\u00e1t, valamint hozz\u00e1j\u00e1ruljon a kereszt\u00e9ny vil\u00e1gn\u00e9zet form\u00e1l\u00e1s\u00e1hoz \u00e9s a h\u00edvek lelki fejl\u0151d\u00e9s\u00e9hez.<\/p>\n<p style=\"text-align: justify;\">A plen\u00e1ris \u00fcl\u00e9sen a gy\u00f3gy\u00edt\u00f3 im\u00e1k, valamint a csal\u00e1di b\u0171n\u00f6k, az \u00e1tkok k\u00f6vetkezm\u00e9nyeit\u0151l val\u00f3 megszabadul\u00e1s v\u00e9gett v\u00e9gzett im\u00e1k k\u00e9rd\u00e9s\u00e9t is felhozt\u00e1k. A k\u00f6zelj\u00f6v\u0151ben alapelveket fogalmaznak majd meg ezzel kapcsolatban.<\/p>\n<p style=\"text-align: justify;\">A plen\u00e1ris \u00fcl\u00e9sen a p\u00fcsp\u00f6k\u00f6k megismerhett\u00e9k a Csal\u00e1dok Kongresszus\u00e1nak programj\u00e1t, melyre 2025. m\u00e1jus 10-11-\u00e9n ker\u00fcl sor Hmelnickijben. Ezenk\u00edv\u00fcl elfogadt\u00e1k az Egyh\u00e1zi mozgalmak \u00e9s k\u00f6z\u00f6ss\u00e9gek bizotts\u00e1g\u00e1nak alapszab\u00e1lyzat\u00e1t \u00e9s tagjait.<\/p>\n<p style=\"text-align: justify;\">A p\u00fcsp\u00f6k\u00f6k j\u00f3v\u00e1hagy\u00e1s\u00e1t k\u00e9rve bemutatt\u00e1k az \u00faj liturgikus k\u00f6nyveket, t\u00f6bbek k\u00f6zt az Olvasm\u00e1nyok k\u00f6nyv\u00e9t (VII. VIII. k\u00f6tet) \u00e9s az \u201e\u00c9nekelj\u00fcnk az \u00darnak\u201d c\u00edm\u0171 kiadv\u00e1nyt (III. k\u00f6tet).<\/p>\n<p style=\"text-align: justify;\">A p\u00fcsp\u00f6k\u00f6k t\u00e1mogatt\u00e1k Mieczys\u0142aw Mokrzycki lembergi \u00e9rsek javaslat\u00e1t, amely szerint a 2026-os \u00e9vet J\u00e9zus Szents\u00e9ges Sz\u00edve \u00c9v\u00e9nek nyilv\u00e1n\u00edtj\u00e1k. Ezzel kapcsolatban megbesz\u00e9lt\u00e9k, hogy Ukrajna minden egyh\u00e1zmegy\u00e9j\u00e9ben elv\u00e9gzik a felaj\u00e1nl\u00e1si szertart\u00e1st. A kezdem\u00e9nyez\u00e9s c\u00e9lja n\u00e9p\u00fcnk lelki \u00e9s erk\u00f6lcsi meg\u00fajul\u00e1sa.<\/p>\n<p>&nbsp;<\/p>\n<p>Sarovecska, 2025. m\u00e1rcius 20.<\/p>\n<p>az Ukrajnai R\u00f3mai Katolikus Egyh\u00e1z p\u00fcsp\u00f6kei<\/p>\n","protected":false},"excerpt":{"rendered":"<p>2025. m\u00e1rcius 17. \u00e9s 20. k\u00f6z\u00f6tt tartotta meg 62. plen\u00e1ris \u00fcl\u00e9s\u00e9t Ukrajna R\u00f3mai Katolikus Egyh\u00e1z\u00e1nak P\u00fcsp\u00f6ki Konferenci\u00e1ja, melynek a Sarovecska (Hmelnicki j\u00e1r\u00e1s) Szent II. J\u00e1nos P\u00e1l K\u00f6zpont adott otthont. Visvaldas Kulbokas \u00e9rsek, Ukrajna apostoli nunciusa t\u00e1j\u00e9koztatta a jelenl\u00e9v\u0151ket a Szentatya eg\u00e9szs\u00e9g\u00fcgyi \u00e1llapot\u00e1r\u00f3l. Elmondta, hogy az eg\u00e9szs\u00e9g\u00fcgyi gondok ellen\u00e9re Ferenc p\u00e1pa tov\u00e1bbra is im\u00e1dkozik, felaj\u00e1nlja neh\u00e9zs\u00e9geit [&hellip;]<\/p>\n","protected":false},"author":4,"featured_media":12342,"comment_status":"open","ping_status":"open","sticky":false,"template":"","format":"standard","meta":{"_acf_changed":false,"_et_pb_use_builder":"","_et_pb_old_content":"","_et_gb_content_width":"","footnotes":""},"categories":[10,60],"tags":[],"class_list":["post-13098","post","type-post","status-publish","format-standard","has-post-thumbnail","hentry","category-aktualis-hirek","category-egyeb-egyhazi-hirek","et-has-post-format-content","et_post_format-et-post-format-standard"],"acf":[],"_links":{"self":[{"href":"https:\/\/munkacs-diocese.org\/hu\/wp-json\/wp\/v2\/posts\/13098"}],"collection":[{"href":"https:\/\/munkacs-diocese.org\/hu\/wp-json\/wp\/v2\/posts"}],"about":[{"href":"https:\/\/munkacs-diocese.org\/hu\/wp-json\/wp\/v2\/types\/post"}],"author":[{"embeddable":true,"href":"https:\/\/munkacs-diocese.org\/hu\/wp-json\/wp\/v2\/users\/4"}],"replies":[{"embeddable":true,"href":"https:\/\/munkacs-diocese.org\/hu\/wp-json\/wp\/v2\/comments?post=13098"}],"version-history":[{"count":1,"href":"https:\/\/munkacs-diocese.org\/hu\/wp-json\/wp\/v2\/posts\/13098\/revisions"}],"predecessor-version":[{"id":13099,"href":"https:\/\/munkacs-diocese.org\/hu\/wp-json\/wp\/v2\/posts\/13098\/revisions\/13099"}],"wp:featuredmedia":[{"embeddable":true,"href":"https:\/\/munkacs-diocese.org\/hu\/wp-json\/wp\/v2\/media\/12342"}],"wp:attachment":[{"href":"https:\/\/munkacs-diocese.org\/hu\/wp-json\/wp\/v2\/media?parent=13098"}],"wp:term":[{"taxonomy":"category","embeddable":true,"href":"https:\/\/munkacs-diocese.org\/hu\/wp-json\/wp\/v2\/categories?post=13098"},{"taxonomy":"post_tag","embeddable":true,"href":"https:\/\/munkacs-diocese.org\/hu\/wp-json\/wp\/v2\/tags?post=13098"}],"curies":[{"name":"wp","href":"https:\/\/api.w.org\/{rel}","templated":true}]}}