{"id":13081,"date":"2025-03-18T09:58:24","date_gmt":"2025-03-18T08:58:24","guid":{"rendered":"https:\/\/munkacs-diocese.org\/hu\/?p=13081"},"modified":"2025-03-18T09:58:24","modified_gmt":"2025-03-18T08:58:24","slug":"egy-ikon-zarandoklata-mariupolbol-karpataljan-at-az-egyesult-allamokba","status":"publish","type":"post","link":"https:\/\/munkacs-diocese.org\/hu\/2025\/03\/18\/egy-ikon-zarandoklata-mariupolbol-karpataljan-at-az-egyesult-allamokba\/","title":{"rendered":"Egy ikon zar\u00e1ndoklata Mariupolb\u00f3l K\u00e1rp\u00e1talj\u00e1n \u00e1t az Egyes\u00fclt \u00c1llamokba"},"content":{"rendered":"<div id=\"fb-root\"><\/div>\n<p style=\"text-align: justify;\">A Mariupoli Szents\u00e9ges Sz\u0171zanya ikonja, Hubert Kampa lengyel fest\u0151m\u0171v\u00e9sz \u00e9s okleveles ikonfest\u0151 munk\u00e1ja, aki imm\u00e1r nyolc \u00e9ve tagja a Kereszt\u00e9ny Felekezetk\u00f6zi Testv\u00e9ri K\u00f6z\u00f6ss\u00e9g Seg\u00edt\u0151szolg\u00e1latnak, valamint a B\u00e9ke B\u00e1rk\u00e1ja gyermekk\u00f6zponttal foglalkoz\u00f3 misszi\u00f3s csapatnak.<\/p>\n<p style=\"text-align: justify;\">A k\u00f6zpontot az \u00fagynevezett Mariupol k\u00f6rny\u00e9ki \u201esz\u00fcrke z\u00f3n\u00e1ban\u201d hozta l\u00e9tre 2017-ben Volodimir \u00e9s Oksz\u00e1na Zavadszkij misszion\u00e1rius h\u00e1zasp\u00e1r. Az ikon az ukr\u00e1n hadsereg l\u0151szeres l\u00e1d\u00e1j\u00e1ra lett r\u00e1festve, amely a n\u00e9p hit\u00e9\u00e9rt, identit\u00e1s\u00e1\u00e9rt \u00e9s szabads\u00e1g\u00e1\u00e9rt v\u00edvott harc szimb\u00f3luma. Ez az id\u0151szak alatt Hubert \u00far gyakran utazott Mariupolba, hogy t\u00e1mogassa a katon\u00e1kat \u00e9s seg\u00edtse a gyerekeket. Ekkor j\u00f6tt az \u00f6tlet, hogy l\u0151szeres l\u00e1d\u00e1kra fessen k\u00e9peket, \u00e9s ezek bev\u00e9tel\u00e9vel t\u00e1mogassa a B\u00e9ke B\u00e1rk\u00e1ja n\u00f6vend\u00e9keit.<\/p>\n<p style=\"text-align: justify;\">A h\u00e1bor\u00fa kezdet\u00e9n a B\u00e9ke B\u00e1rk\u00e1j\u00e1t K\u00e1rp\u00e1talj\u00e1ra k\u00f6lt\u00f6ztett\u00e9k. Ebben az id\u0151szakban Hubert egy eg\u00e9sz ikon sorozatot k\u00e9sz\u00edtett, a befolyt \u00f6sszeget pedig a k\u00e1rp\u00e1taljai Kelecs\u00e9nyben m\u0171k\u00f6d\u0151 B\u00e9ke B\u00e1rk\u00e1ja k\u00f6zpont t\u00e1mogat\u00e1s\u00e1ra ford\u00edtotta, ahol a h\u00e1bor\u00fa k\u00f6vetkezm\u00e9nyeit \u00e1t\u00e9lt gyerekek lelki \u00e9s ment\u00e1lis gy\u00f3gyul\u00e1s\u00e1t seg\u00edtik.<\/p>\n\n\t\t<style type=\"text\/css\">\n\t\t\t#gallery-1 {\n\t\t\t\tmargin: auto;\n\t\t\t}\n\t\t\t#gallery-1 .gallery-item {\n\t\t\t\tfloat: left;\n\t\t\t\tmargin-top: 10px;\n\t\t\t\ttext-align: center;\n\t\t\t\twidth: 33%;\n\t\t\t}\n\t\t\t#gallery-1 img {\n\t\t\t\tborder: 2px solid #cfcfcf;\n\t\t\t}\n\t\t\t#gallery-1 .gallery-caption {\n\t\t\t\tmargin-left: 0;\n\t\t\t}\n\t\t\t\/* see gallery_shortcode() in wp-includes\/media.php *\/\n\t\t<\/style>\n\t\t<div id='gallery-1' class='gallery galleryid-13081 gallery-columns-3 gallery-size-full'><dl class='gallery-item'>\n\t\t\t<dt class='gallery-icon landscape'>\n\t\t\t\t<a href='https:\/\/munkacs-diocese.org\/hu\/2025\/03\/18\/egy-ikon-zarandoklata-mariupolbol-karpataljan-at-az-egyesult-allamokba\/ikon-zarandoklata01\/'><img loading=\"lazy\" decoding=\"async\" width=\"1600\" height=\"1067\" src=\"https:\/\/munkacs-diocese.org\/hu\/wp-content\/uploads\/2025\/03\/ikon-zarandoklata01.jpg\" class=\"attachment-full size-full\" alt=\"\" srcset=\"https:\/\/munkacs-diocese.org\/hu\/wp-content\/uploads\/2025\/03\/ikon-zarandoklata01.jpg 1600w, https:\/\/munkacs-diocese.org\/hu\/wp-content\/uploads\/2025\/03\/ikon-zarandoklata01-300x200.jpg 300w, https:\/\/munkacs-diocese.org\/hu\/wp-content\/uploads\/2025\/03\/ikon-zarandoklata01-1024x683.jpg 1024w, https:\/\/munkacs-diocese.org\/hu\/wp-content\/uploads\/2025\/03\/ikon-zarandoklata01-768x512.jpg 768w, https:\/\/munkacs-diocese.org\/hu\/wp-content\/uploads\/2025\/03\/ikon-zarandoklata01-1536x1024.jpg 1536w, https:\/\/munkacs-diocese.org\/hu\/wp-content\/uploads\/2025\/03\/ikon-zarandoklata01-1080x720.jpg 1080w\" sizes=\"(max-width: 1600px) 100vw, 1600px\" \/><\/a>\n\t\t\t<\/dt><\/dl><dl class='gallery-item'>\n\t\t\t<dt class='gallery-icon landscape'>\n\t\t\t\t<a href='https:\/\/munkacs-diocese.org\/hu\/2025\/03\/18\/egy-ikon-zarandoklata-mariupolbol-karpataljan-at-az-egyesult-allamokba\/ikon-zarandoklata02\/'><img loading=\"lazy\" decoding=\"async\" width=\"1280\" height=\"851\" src=\"https:\/\/munkacs-diocese.org\/hu\/wp-content\/uploads\/2025\/03\/ikon-zarandoklata02.jpg\" class=\"attachment-full size-full\" alt=\"\" srcset=\"https:\/\/munkacs-diocese.org\/hu\/wp-content\/uploads\/2025\/03\/ikon-zarandoklata02.jpg 1280w, https:\/\/munkacs-diocese.org\/hu\/wp-content\/uploads\/2025\/03\/ikon-zarandoklata02-300x199.jpg 300w, https:\/\/munkacs-diocese.org\/hu\/wp-content\/uploads\/2025\/03\/ikon-zarandoklata02-1024x681.jpg 1024w, https:\/\/munkacs-diocese.org\/hu\/wp-content\/uploads\/2025\/03\/ikon-zarandoklata02-768x511.jpg 768w, https:\/\/munkacs-diocese.org\/hu\/wp-content\/uploads\/2025\/03\/ikon-zarandoklata02-1080x718.jpg 1080w\" sizes=\"(max-width: 1280px) 100vw, 1280px\" \/><\/a>\n\t\t\t<\/dt><\/dl><dl class='gallery-item'>\n\t\t\t<dt class='gallery-icon landscape'>\n\t\t\t\t<a href='https:\/\/munkacs-diocese.org\/hu\/2025\/03\/18\/egy-ikon-zarandoklata-mariupolbol-karpataljan-at-az-egyesult-allamokba\/ikon-zarandoklata03\/'><img loading=\"lazy\" decoding=\"async\" width=\"1600\" height=\"1066\" src=\"https:\/\/munkacs-diocese.org\/hu\/wp-content\/uploads\/2025\/03\/ikon-zarandoklata03.jpg\" class=\"attachment-full size-full\" alt=\"\" srcset=\"https:\/\/munkacs-diocese.org\/hu\/wp-content\/uploads\/2025\/03\/ikon-zarandoklata03.jpg 1600w, https:\/\/munkacs-diocese.org\/hu\/wp-content\/uploads\/2025\/03\/ikon-zarandoklata03-300x200.jpg 300w, https:\/\/munkacs-diocese.org\/hu\/wp-content\/uploads\/2025\/03\/ikon-zarandoklata03-1024x682.jpg 1024w, https:\/\/munkacs-diocese.org\/hu\/wp-content\/uploads\/2025\/03\/ikon-zarandoklata03-768x512.jpg 768w, https:\/\/munkacs-diocese.org\/hu\/wp-content\/uploads\/2025\/03\/ikon-zarandoklata03-1536x1023.jpg 1536w, https:\/\/munkacs-diocese.org\/hu\/wp-content\/uploads\/2025\/03\/ikon-zarandoklata03-1080x720.jpg 1080w\" sizes=\"(max-width: 1600px) 100vw, 1600px\" \/><\/a>\n\t\t\t<\/dt><\/dl><br style=\"clear: both\" \/>\n\t\t<\/div>\n\n<p style=\"text-align: justify;\">Ez a k\u00fcl\u00f6nleges ikon m\u00e1r nagyon sok helyen j\u00e1rt. El\u0151sz\u00f6r Ungv\u00e1ron, a K\u00e1rp\u00e1taljai Megyei K\u00f6zigazgat\u00e1si Hivatal \u00e9p\u00fclet\u00e9ben. A mariupoli gyermekek Visvaldas Kulbokas nuncius \u00e9rseknek is aj\u00e1nd\u00e9koztak egy Szents\u00e9ges Sz\u0171zanya ikont. Ezut\u00e1n Andrij Sz\u00e9biz, Ukrajna k\u00fcl\u00fcgyminisztere kapott egy p\u00e9ld\u00e1nyt, majd a gyakorl\u00f3 katolikus Marco Rubio, az Egyes\u00fclt \u00c1llamok \u00e1llamtitk\u00e1ra is ikontulajdonoss\u00e1 v\u00e1lt.<\/p>\n<p style=\"text-align: justify;\">Az ikon azonban nem az utaz\u00e1sok miatt \u00e9rt\u00e9kes, hanem amiatt, amit jelk\u00e9pez: a mariupoli gyerekek im\u00e1i itatt\u00e1k \u00e1t. Minden ecsetvon\u00e1sban jelen van a gyermeki l\u00e9lek ki\u00e1lt\u00e1sa, az\u00e9 a gyermek\u00e9, aki l\u00e1tta a hal\u00e1lt, aki elvesz\u00edtette a sz\u00fcleit, aki elb\u00facs\u00fazott gyerekkori \u00e1lmait\u00f3l, aki hallotta a bomb\u00e1z\u00e1sok zaj\u00e1t. Az ikonban sok sz\u00edv k\u00f6nnye is jelen van, melyek rem\u00e9lik, hogy a vil\u00e1g meghallja \u0151ket.<\/p>\n<p style=\"text-align: justify;\">Ez az im\u00e1val bebor\u00edtott ikon nem csup\u00e1n egy aj\u00e1nd\u00e9k, hanem egy k\u00f6ny\u00f6rg\u0151 ki\u00e1lt\u00e1s is. K\u00f6ny\u00f6rg\u00e9s a b\u00e9k\u00e9\u00e9rt, a rem\u00e9ny\u00e9rt, az \u00e9let\u00e9rt.<\/p>\n<p style=\"text-align: right;\"><span style=\"font-size: 10pt;\"><em>Volodimir \u00e9s Oksz\u00e1na Zavadszkij \u00edr\u00e1sa alapj\u00e1n<\/em><\/span><\/p>\n","protected":false},"excerpt":{"rendered":"<p>A Mariupoli Szents\u00e9ges Sz\u0171zanya ikonja, Hubert Kampa lengyel fest\u0151m\u0171v\u00e9sz \u00e9s okleveles ikonfest\u0151 munk\u00e1ja, aki imm\u00e1r nyolc \u00e9ve tagja a Kereszt\u00e9ny Felekezetk\u00f6zi Testv\u00e9ri K\u00f6z\u00f6ss\u00e9g Seg\u00edt\u0151szolg\u00e1latnak, valamint a B\u00e9ke B\u00e1rk\u00e1ja gyermekk\u00f6zponttal foglalkoz\u00f3 misszi\u00f3s csapatnak. A k\u00f6zpontot az \u00fagynevezett Mariupol k\u00f6rny\u00e9ki \u201esz\u00fcrke z\u00f3n\u00e1ban\u201d hozta l\u00e9tre 2017-ben Volodimir \u00e9s Oksz\u00e1na Zavadszkij misszion\u00e1rius h\u00e1zasp\u00e1r. Az ikon az ukr\u00e1n hadsereg l\u0151szeres [&hellip;]<\/p>\n","protected":false},"author":4,"featured_media":13086,"comment_status":"open","ping_status":"open","sticky":false,"template":"","format":"standard","meta":{"_acf_changed":false,"_et_pb_use_builder":"","_et_pb_old_content":"","_et_gb_content_width":"","footnotes":""},"categories":[10,59],"tags":[],"class_list":["post-13081","post","type-post","status-publish","format-standard","has-post-thumbnail","hentry","category-aktualis-hirek","category-egyhazmegyenk-hirei","et-has-post-format-content","et_post_format-et-post-format-standard"],"acf":[],"_links":{"self":[{"href":"https:\/\/munkacs-diocese.org\/hu\/wp-json\/wp\/v2\/posts\/13081"}],"collection":[{"href":"https:\/\/munkacs-diocese.org\/hu\/wp-json\/wp\/v2\/posts"}],"about":[{"href":"https:\/\/munkacs-diocese.org\/hu\/wp-json\/wp\/v2\/types\/post"}],"author":[{"embeddable":true,"href":"https:\/\/munkacs-diocese.org\/hu\/wp-json\/wp\/v2\/users\/4"}],"replies":[{"embeddable":true,"href":"https:\/\/munkacs-diocese.org\/hu\/wp-json\/wp\/v2\/comments?post=13081"}],"version-history":[{"count":2,"href":"https:\/\/munkacs-diocese.org\/hu\/wp-json\/wp\/v2\/posts\/13081\/revisions"}],"predecessor-version":[{"id":13087,"href":"https:\/\/munkacs-diocese.org\/hu\/wp-json\/wp\/v2\/posts\/13081\/revisions\/13087"}],"wp:featuredmedia":[{"embeddable":true,"href":"https:\/\/munkacs-diocese.org\/hu\/wp-json\/wp\/v2\/media\/13086"}],"wp:attachment":[{"href":"https:\/\/munkacs-diocese.org\/hu\/wp-json\/wp\/v2\/media?parent=13081"}],"wp:term":[{"taxonomy":"category","embeddable":true,"href":"https:\/\/munkacs-diocese.org\/hu\/wp-json\/wp\/v2\/categories?post=13081"},{"taxonomy":"post_tag","embeddable":true,"href":"https:\/\/munkacs-diocese.org\/hu\/wp-json\/wp\/v2\/tags?post=13081"}],"curies":[{"name":"wp","href":"https:\/\/api.w.org\/{rel}","templated":true}]}}